{"id":352613,"date":"2023-02-28T00:59:00","date_gmt":"2023-02-27T23:59:00","guid":{"rendered":"https:\/\/medizinonline.com\/cooperacao-interdisciplinar-em-grande-escala\/"},"modified":"2023-03-22T10:19:23","modified_gmt":"2023-03-22T09:19:23","slug":"cooperacao-interdisciplinar-em-grande-escala","status":"publish","type":"post","link":"https:\/\/medizinonline.com\/pt-pt\/cooperacao-interdisciplinar-em-grande-escala\/","title":{"rendered":"Coopera\u00e7\u00e3o interdisciplinar em grande escala"},"content":{"rendered":"\n<p><strong>Estima-se que um a dois por cento dos adultos na Alemanha t\u00eam um aneurisma vascular no c\u00e9rebro. Se este aneurisma rebentar, \u00e9 uma emerg\u00eancia com risco de vida. O trabalho de equipa interdisciplinar \u00e9 necess\u00e1rio aqui. Um foco especial colocado no workshop deste ano. Al\u00e9m disso, foi tamb\u00e9m explorada a quest\u00e3o de quais as partes deste tratamento que precisam de ser realizadas em unidades de cuidados neurointensivos devidamente equipadas e treinadas.<\/strong><\/p>\n\n<!--more-->\n\n<p>As altera\u00e7\u00f5es demogr\u00e1ficas e os factores ambientais em particular j\u00e1 est\u00e3o a ter uma influ\u00eancia previs\u00edvel no n\u00famero de pacientes que necessitam de cuidados neurointensivos, dizem o Dr Julian Zimmermann e o Dr Felix Lehmann, secret\u00e1rios de confer\u00eancia do ANIM 2023, raz\u00e3o pela qual este foi tamb\u00e9m um dos principais t\u00f3picos do congresso. \u00c9 um desafio especial optimizar r\u00e1pida e sustentavelmente as estruturas de cuidados m\u00e9dicos intensivos para pacientes neurol\u00f3gicos e neurocir\u00fargicos. O Presidente do Congresso, Prof. Dr. med. Hartmut Vatter acrescentou: &#8220;Claro que a press\u00e3o maci\u00e7a sobre as camas no contexto da pandemia da COVID foi a for\u00e7a motriz e o alimento para o pensamento aqui. Apesar da press\u00e3o nos leitos, permanece a quest\u00e3o de como a medicina neurointensiva espec\u00edfica est\u00e1 dentro da medicina intensiva e que partes da mesma devem ser deixadas estruturalmente ou em que medida podem tamb\u00e9m ser cobertas pela medicina interna ou pela medicina intensiva puramente anestesiol\u00f3gica&#8221;. Dois aspectos s\u00e3o aqui relevantes &#8211; por um lado, os pr\u00f3prios quadros cl\u00ednicos e, por outro, a sua evolu\u00e7\u00e3o temporal. Na primeira fase de uma hemorragia subaracno\u00eddea, acidente vascular cerebral ou les\u00e3o cerebral traum\u00e1tica, o foco est\u00e1 certamente na per\u00edcia neurocir\u00fargico-neurol\u00f3gica em termos de tratamento do edema cerebral, perturba\u00e7\u00e3o da perfus\u00e3o cerebral e alguns outros problemas cerebrais. Ter pacientes tratados numa unidade de cuidados intensivos gerais nesta fase inicial \u00e9 bastante cr\u00edtico.<\/p>\n\n<p>O ponto central da mudan\u00e7a demogr\u00e1fica \u00e9, acima de tudo, o envelhecimento da popula\u00e7\u00e3o. Consequentemente, pode esperar-se que um n\u00famero cada vez maior de doentes com AVC requeira um tratamento adequado. Al\u00e9m disso, os desafios dos cuidados intensivos s\u00e3o tamb\u00e9m consideravelmente maiores para os doentes mais velhos com les\u00f5es cerebrais traum\u00e1ticas e todas as outras doen\u00e7as. \u00c9 uma quest\u00e3o de misturar cuidados de alta qualidade a n\u00edvel nacional para condi\u00e7\u00f5es relativamente comuns, tais como acidentes vasculares cerebrais ou traumatismos cerebrais, e tratamentos altamente especializados para hemorragias subaracnoidais aneurism\u00e1ticas ou malforma\u00e7\u00f5es vasculares, que, simplesmente devido ao volume, s\u00f3 podem ser realizados em alguns centros que tenham conhecimentos suficientes com o seu n\u00famero de casos. Isto deve ser abordado por redes neurovasculares e centros neurovasculares de excel\u00eancia, que interagem uns com os outros para prestar cuidados espaciais de alto n\u00edvel.<\/p>\n\n<h3 id=\"cada-um-na-sua-propria-area\" class=\"wp-block-heading\">Cada um na sua pr\u00f3pria \u00e1rea<\/h3>\n\n<p>A raz\u00e3o pela qual a interdisciplinaridade desempenha um papel importante na medicina neurointensiva em particular, pode ser explicada pela compet\u00eancia necess\u00e1ria. Vatter tem a certeza de que, especialmente numa medicina moderna, a ideia de que poderia haver um &#8220;macaco de todos os of\u00edcios&#8221; est\u00e1 ultrapassada. \u00c9 por isso que \u00e9 muito importante que todos fa\u00e7am o que podem realmente fazer melhor e em que \u00e9 que a sua forma\u00e7\u00e3o \u00e9 tamb\u00e9m especializada. Os cuidados neurointensivos s\u00e3o certamente uma intersec\u00e7\u00e3o aqui. Aqui \u00e9 importante que as compet\u00eancias anestesiol\u00f3gicas, de medicina interna, neurol\u00f3gicas e neurocir\u00fargicas sejam agrupadas. Tudo isto deve, evidentemente, ser apoiado por uma \u00f3ptima imagem, bem como pelas possibilidades de interven\u00e7\u00f5es neurorradiol\u00f3gicas. Contudo, n\u00e3o se deve negligenciar o facto de que uma unidade de cuidados neurointensivos s\u00f3 funciona bem se, \u00e0 semelhan\u00e7a da coopera\u00e7\u00e3o entre neurologistas, neurocirurgi\u00f5es, internistas e anestesistas, enfermagem, fisioterapeutas e, acima de tudo, terapeutas da fala tamb\u00e9m funcionarem bem juntos. Em particular, o desafio reside no facto de que as disciplinas individuais e tamb\u00e9m os sectores de enfermagem e terapia interagem e trocam entre si e n\u00e3o coexistem apenas, salientou o perito.<\/p>\n\n<p><em>Congresso: Confer\u00eancia de Trabalho sobre Medicina NeuroIntensiva (ANIM)<\/em><br\/><\/p>\n\n<p><em>InFo NEUROLOGIE &amp; PSYCHIATRIE 2023; 21(1): 29<\/em><\/p>\n","protected":false},"excerpt":{"rendered":"<p>Estima-se que um a dois por cento dos adultos na Alemanha t\u00eam um aneurisma vascular no c\u00e9rebro. Se este aneurisma rebentar, \u00e9 uma emerg\u00eancia com risco de vida. O trabalho&hellip;<\/p>\n","protected":false},"author":7,"featured_media":350573,"comment_status":"closed","ping_status":"closed","sticky":false,"template":"","format":"standard","meta":{"_acf_changed":false,"pmpro_default_level":"","cat_1_feature_home_top":false,"cat_2_editor_pick":false,"csco_eyebrow_text":"Medicina Neurointensiva","footnotes":""},"category":[11390,11311,11305,11374,11474,11529,11551,11325],"tags":[31569,32292,12474,15178,28172,32632],"powerkit_post_featured":[],"class_list":["post-352613","post","type-post","status-publish","format-standard","has-post-thumbnail","category-cirurgia","category-medicina-de-emergencia-e-cuidados-intensivos","category-medicina-interna-geral","category-neurologia-pt-pt","category-prevencao-e-cuidados-de-saude","category-relatorios-do-congresso","category-rx-pt","category-traumatologia-e-cirurgia-de-trauma","tag-aneurisma-pt-pt","tag-emergencia-pt-pt","tag-interdisciplinar","tag-medicina-neuro-intensiva","tag-neurocirurgia","tag-traumatismo-cranioencefalico","pmpro-has-access"],"acf":[],"publishpress_future_action":{"enabled":false,"date":"2026-05-03 22:52:48","action":"change-status","newStatus":"draft","terms":[],"taxonomy":"category","extraData":[]},"publishpress_future_workflow_manual_trigger":{"enabledWorkflows":[]},"wpml_current_locale":"pt_PT","wpml_translations":{"es_ES":{"locale":"es_ES","id":352620,"slug":"cooperacion-interdisciplinaria-en-general","post_title":"Cooperaci\u00f3n interdisciplinaria en general","href":"https:\/\/medizinonline.com\/es\/cooperacion-interdisciplinaria-en-general\/"}},"_links":{"self":[{"href":"https:\/\/medizinonline.com\/pt-pt\/wp-json\/wp\/v2\/posts\/352613","targetHints":{"allow":["GET"]}}],"collection":[{"href":"https:\/\/medizinonline.com\/pt-pt\/wp-json\/wp\/v2\/posts"}],"about":[{"href":"https:\/\/medizinonline.com\/pt-pt\/wp-json\/wp\/v2\/types\/post"}],"author":[{"embeddable":true,"href":"https:\/\/medizinonline.com\/pt-pt\/wp-json\/wp\/v2\/users\/7"}],"replies":[{"embeddable":true,"href":"https:\/\/medizinonline.com\/pt-pt\/wp-json\/wp\/v2\/comments?post=352613"}],"version-history":[{"count":3,"href":"https:\/\/medizinonline.com\/pt-pt\/wp-json\/wp\/v2\/posts\/352613\/revisions"}],"predecessor-version":[{"id":354224,"href":"https:\/\/medizinonline.com\/pt-pt\/wp-json\/wp\/v2\/posts\/352613\/revisions\/354224"}],"wp:featuredmedia":[{"embeddable":true,"href":"https:\/\/medizinonline.com\/pt-pt\/wp-json\/wp\/v2\/media\/350573"}],"wp:attachment":[{"href":"https:\/\/medizinonline.com\/pt-pt\/wp-json\/wp\/v2\/media?parent=352613"}],"wp:term":[{"taxonomy":"category","embeddable":true,"href":"https:\/\/medizinonline.com\/pt-pt\/wp-json\/wp\/v2\/category?post=352613"},{"taxonomy":"post_tag","embeddable":true,"href":"https:\/\/medizinonline.com\/pt-pt\/wp-json\/wp\/v2\/tags?post=352613"},{"taxonomy":"powerkit_post_featured","embeddable":true,"href":"https:\/\/medizinonline.com\/pt-pt\/wp-json\/wp\/v2\/powerkit_post_featured?post=352613"}],"curies":[{"name":"wp","href":"https:\/\/api.w.org\/{rel}","templated":true}]}}