{"id":355122,"date":"2023-04-12T13:00:00","date_gmt":"2023-04-12T11:00:00","guid":{"rendered":"https:\/\/medizinonline.com\/?p=355122"},"modified":"2023-04-27T14:31:00","modified_gmt":"2023-04-27T12:31:00","slug":"cuidados-primarios-na-era-pos-covid","status":"publish","type":"post","link":"https:\/\/medizinonline.com\/pt-pt\/cuidados-primarios-na-era-pos-covid\/","title":{"rendered":"Cuidados prim\u00e1rios na era p\u00f3s-Covid"},"content":{"rendered":"\n<p><strong>Em 2022, a Su\u00ed\u00e7a participou novamente nos inqu\u00e9ritos internacionais sobre pol\u00edtica de sa\u00fade da Funda\u00e7\u00e3o do Fundo da Commonwealth. Tal como nos anos anteriores, o foco foi nos m\u00e9dicos que trabalham nos cuidados prim\u00e1rios. A pandemia de Covid 19 e o aumento associado da carga de trabalho e dos factores de stress s\u00e3o suspeitos como causas poss\u00edveis para o aumento documentado dos n\u00edveis de stress.<\/strong><\/p>\n\n<!--more-->\n\n<p>Uma amostra aleat\u00f3ria de 4.000 m\u00e9dicos de cuidados prim\u00e1rios foi retirada com base nos dados dos membros da associa\u00e7\u00e3o profissional FMH. Destes, foi contactado um total de 3941, dos quais pouco mais de um quarto (n=1114)** acabou por participar no inqu\u00e9rito. Os m\u00e9dicos foram convidados a preencher um question\u00e1rio em linha. Globalmente, o inqu\u00e9rito na Su\u00ed\u00e7a durou de 10 de Mar\u00e7o a 30 de Maio de 2022, enquanto que o inqu\u00e9rito global decorreu de Mar\u00e7o a Setembro.<\/p>\n\n<p class=\"has-small-font-size\"><em>** A amostra deste ano \u00e9 ligeiramente maior do que as amostras anteriores (2019: n=1095; 2015: n=1065; 2012: n=1025).<\/em><br\/><\/p>\n\n<h3 id=\"o-nivel-de-stress-aumentou-visivelmente-em-comparacao-com-2019\" class=\"wp-block-heading\">O n\u00edvel de stress aumentou visivelmente em compara\u00e7\u00e3o com 2019  <\/h3>\n\n<p>Na Su\u00ed\u00e7a, o desempenho global do sistema de sa\u00fade tem permanecido a um n\u00edvel elevado desde o inqu\u00e9rito de 2019. Como resultado da pandemia de Covid 19, as consultas por v\u00eddeo aumentaram significativamente em todos os pa\u00edses inquiridos, embora a Su\u00ed\u00e7a tenha de longe o menor n\u00famero de consultas separadas fisicamente. No que diz respeito \u00e0 propor\u00e7\u00e3o de m\u00e9dicos extremamente stressados ou muito stressados, pode ser observado um aumento geral. Na Su\u00ed\u00e7a, pouco menos de metade (45,5%) dos m\u00e9dicos classificam o seu trabalho como algo stressante. Muitos dos pa\u00edses inquiridos viram um aumento significativo de m\u00e9dicos extremamente ou muito stressados desde 2019: os mais elevados na Austr\u00e1lia (+22,3 pontos percentuais) e Nova Zel\u00e2ndia (+21,7 pontos percentuais). O aumento de 37,1% para 43,1% registado na Su\u00ed\u00e7a corresponde ao segundo valor mais baixo numa compara\u00e7\u00e3o internacional. A propor\u00e7\u00e3o de m\u00e9dicos extremamente stressados ou muito stressados \u00e9 quase inalterada na Su\u00e9cia (65,9% e 64,8% respectivamente) e nos Pa\u00edses Baixos (31,5% e 31,1% respectivamente).<\/p>\n\n<p><\/p>\n\n<figure class=\"wp-block-table is-style-stripes\"><table><tbody><tr><td>O Fundo da Commonwealth (CWF) \u00e9 uma funda\u00e7\u00e3o de caridade sediada nos EUA. Desde 1998, a CWF tem realizado inqu\u00e9ritos internacionalmente compar\u00e1veis sobre quest\u00f5es de pol\u00edtica de sa\u00fade. Neste pa\u00eds, o projecto \u00e9 liderado pelo Gabinete Federal de Sa\u00fade P\u00fablica, e a empresa demoSCOPE foi encarregada de realizar o inqu\u00e9rito.<\/td><\/tr><\/tbody><\/table><\/figure>\n\n<p><\/p>\n\n<h3 id=\"aumento-da-carga-de-trabalho-e-da-carga-administrativa\" class=\"wp-block-heading\">Aumento da carga de trabalho e da carga administrativa<\/h3>\n\n<p>A carga de trabalho aumentou em todos os pa\u00edses inquiridos ao longo da pandemia de Covid 19. Na Su\u00ed\u00e7a, a propor\u00e7\u00e3o daqueles para quem a carga de trabalho aumentou significativamente ou de alguma forma \u00e9 mais baixa, 56,4% <strong>(Tab. 1), <\/strong>enquanto que na Alemanha (93,5%) e no Reino Unido (90,5%) nove em cada dez m\u00e9dicos relatam um aumento. Na Su\u00ed\u00e7a e na Su\u00e9cia, cerca de um ter\u00e7o dos m\u00e9dicos relatam que a sua carga de trabalho permaneceu a mesma de antes da pandemia, enquanto que 9,3% dos m\u00e9dicos na Su\u00ed\u00e7a notaram uma diminui\u00e7\u00e3o. A medida em que o aumento da carga de trabalho devido \u00e0 pandemia de Covid 19 \u00e9 efectivamente respons\u00e1vel pelo aumento dos n\u00edveis de stress deve ser interpretada com cautela devido aos n\u00edveis de stress inalterados na Su\u00e9cia e nos Pa\u00edses Baixos com um aumento simult\u00e2neo da carga de trabalho relacionada com a pandemia.<\/p>\n\n<p><\/p>\n\n<figure class=\"wp-block-image size-large is-resized\"><a href=\"https:\/\/medizinonline.com\/wp-content\/uploads\/2023\/03\/tab1_HP3_s40.png\"><img fetchpriority=\"high\" decoding=\"async\" src=\"https:\/\/medizinonline.com\/wp-content\/uploads\/2023\/03\/tab1_HP3_s40-1160x401.png\" alt=\"\" class=\"wp-image-354042\" width=\"580\" height=\"201\" srcset=\"https:\/\/medizinonline.com\/wp-content\/uploads\/2023\/03\/tab1_HP3_s40-1160x401.png 1160w, https:\/\/medizinonline.com\/wp-content\/uploads\/2023\/03\/tab1_HP3_s40-800x276.png 800w, https:\/\/medizinonline.com\/wp-content\/uploads\/2023\/03\/tab1_HP3_s40-120x41.png 120w, https:\/\/medizinonline.com\/wp-content\/uploads\/2023\/03\/tab1_HP3_s40-90x31.png 90w, https:\/\/medizinonline.com\/wp-content\/uploads\/2023\/03\/tab1_HP3_s40-320x111.png 320w, https:\/\/medizinonline.com\/wp-content\/uploads\/2023\/03\/tab1_HP3_s40-560x193.png 560w, https:\/\/medizinonline.com\/wp-content\/uploads\/2023\/03\/tab1_HP3_s40-240x83.png 240w, https:\/\/medizinonline.com\/wp-content\/uploads\/2023\/03\/tab1_HP3_s40-180x62.png 180w, https:\/\/medizinonline.com\/wp-content\/uploads\/2023\/03\/tab1_HP3_s40-640x221.png 640w, https:\/\/medizinonline.com\/wp-content\/uploads\/2023\/03\/tab1_HP3_s40-1120x387.png 1120w, https:\/\/medizinonline.com\/wp-content\/uploads\/2023\/03\/tab1_HP3_s40.png 1442w\" sizes=\"(max-width: 580px) 100vw, 580px\" \/><\/a><\/figure>\n\n<p>Mais de dois ter\u00e7os (68,0%) dos m\u00e9dicos na Su\u00ed\u00e7a v\u00eaem o tempo necess\u00e1rio para actividades administrativas relacionadas com seguros ou factura\u00e7\u00e3o como um grande problema. Numa compara\u00e7\u00e3o internacional, isto corresponde ao primeiro lugar \u00e0 frente da Su\u00e9cia (62,3%) e da Alemanha (59,9%). Uma compara\u00e7\u00e3o ao longo do tempo mostra um aumento significativo na Su\u00ed\u00e7a desde 2019 (de 60,7% para 68,0%), enquanto que na Su\u00e9cia houve uma diminui\u00e7\u00e3o significativa (-18,1 pontos percentuais) durante o mesmo per\u00edodo.<\/p>\n\n<p>\u00a0<\/p>\n\n<figure class=\"wp-block-image size-full is-resized\"><a href=\"https:\/\/medizinonline.com\/wp-content\/uploads\/2023\/03\/tab2_HP3_s40.png\"><img decoding=\"async\" data-src=\"https:\/\/medizinonline.com\/wp-content\/uploads\/2023\/03\/tab2_HP3_s40.png\" alt=\"\" class=\"wp-image-354043 lazyload\" width=\"358\" height=\"553\" data-srcset=\"https:\/\/medizinonline.com\/wp-content\/uploads\/2023\/03\/tab2_HP3_s40.png 716w, https:\/\/medizinonline.com\/wp-content\/uploads\/2023\/03\/tab2_HP3_s40-120x185.png 120w, https:\/\/medizinonline.com\/wp-content\/uploads\/2023\/03\/tab2_HP3_s40-90x139.png 90w, https:\/\/medizinonline.com\/wp-content\/uploads\/2023\/03\/tab2_HP3_s40-320x494.png 320w, https:\/\/medizinonline.com\/wp-content\/uploads\/2023\/03\/tab2_HP3_s40-560x864.png 560w, https:\/\/medizinonline.com\/wp-content\/uploads\/2023\/03\/tab2_HP3_s40-240x370.png 240w, https:\/\/medizinonline.com\/wp-content\/uploads\/2023\/03\/tab2_HP3_s40-180x278.png 180w, https:\/\/medizinonline.com\/wp-content\/uploads\/2023\/03\/tab2_HP3_s40-640x988.png 640w\" data-sizes=\"(max-width: 358px) 100vw, 358px\" src=\"data:image\/svg+xml;base64,PHN2ZyB3aWR0aD0iMSIgaGVpZ2h0PSIxIiB4bWxucz0iaHR0cDovL3d3dy53My5vcmcvMjAwMC9zdmciPjwvc3ZnPg==\" style=\"--smush-placeholder-width: 358px; --smush-placeholder-aspect-ratio: 358\/553;\" \/><\/a><\/figure>\n\n<h3 id=\"mais-stress-emocional-durante-a-pandemia\" class=\"wp-block-heading\">Mais stress emocional durante a pandemia<\/h3>\n\n<p>Na Su\u00ed\u00e7a, cerca de um ter\u00e7o (32,0%) relatam ter sofrido stress emocional, como ansiedade, grande tristeza, raiva ou uma sensa\u00e7\u00e3o de desespero desde o in\u00edcio da pandemia de Covid 19 em Mar\u00e7o de 2020<strong> (Tab. 2). <\/strong>Esta \u00e9 a menor quota numa compara\u00e7\u00e3o internacional, com a Su\u00e9cia em segundo lugar, com 43,7%. Nos outros oito pa\u00edses, as quotas s\u00e3o superiores a 50%, sendo a Nova Zel\u00e2ndia e o Reino Unido superiores a 60%. Consequentemente, s\u00e3o os m\u00e9dicos na Nova Zel\u00e2ndia (19,2%) e no Reino Unido (16,2%) que mais provavelmente relatam ter procurado ajuda profissional para um problema de sa\u00fade mental desde Mar\u00e7o de 2020. Na Su\u00ed\u00e7a, o n\u00famero \u00e9 de 8,7%, que \u00e9 a segunda menor quota \u00e0 frente da Alemanha (7,6%).<\/p>\n\n<p><em>Fonte: Pahud O, Dorn M: \u00c4rztinnen und \u00c4rzte in der Grundversorgung &#8211; Situation in Switzerland and in International Comparison. An\u00e1lise do Inqu\u00e9rito sobre a Pol\u00edtica de Sa\u00fade Internacional (IHP) 2022 pela American Commonwealth Fund Foundation (CWF) em nome do Gabinete Federal de Sa\u00fade P\u00fablica (FOPH) (Relat\u00f3rio Obsan 01\/2023). Neuch\u00e2tel: Observat\u00f3rio de Sa\u00fade Su\u00ed\u00e7o, <a href=\"http:\/\/www.obsan.admin.ch\" target=\"_blank\" rel=\"noreferrer noopener\">www.obsan.admin.ch<\/a> (acedido pela \u00faltima vez em 07.03.2023).<\/em><\/p>\n\n<p><\/p>\n\n<p class=\"has-small-font-size\"><em>HAUSARZT PRAXIS 2023; 18(3): 40<\/em><br\/><em>CARDIOVASC 2023; 22(1): 40<\/em><br\/><em>InFo NEUROLOGIE &amp; PSYCHIATRIE 2023; 21(2): 39<\/em><\/p>\n","protected":false},"excerpt":{"rendered":"<p>Em 2022, a Su\u00ed\u00e7a participou novamente nos inqu\u00e9ritos internacionais sobre pol\u00edtica de sa\u00fade da Funda\u00e7\u00e3o do Fundo da Commonwealth. Tal como nos anos anteriores, o foco foi nos m\u00e9dicos que&hellip;<\/p>\n","protected":false},"author":7,"featured_media":104329,"comment_status":"closed","ping_status":"closed","sticky":false,"template":"","format":"standard","meta":{"_acf_changed":false,"pmpro_default_level":"","cat_1_feature_home_top":false,"cat_2_editor_pick":false,"csco_eyebrow_text":"Inqu\u00e9rito Internacional sobre Pol\u00edticas de Sa\u00fade","footnotes":""},"category":[11521,11305,11544,11474,11551],"tags":[63082,67032,53245,26510,67021,67026,67019,67036],"powerkit_post_featured":[],"class_list":["post-355122","post","type-post","status-publish","format-standard","has-post-thumbnail","category-estudos","category-medicina-interna-geral","category-pratica-de-gestao","category-prevencao-e-cuidados-de-saude","category-rx-pt","tag-carga-de-trabalho-pt-pt","tag-cuidados-de-saude-primarios-pt-pt","tag-fornecimento-basico","tag-fundo-da-commonwealth","tag-idade-pos-covida","tag-inquerito-internacional-sobre-politicas-de-saude","tag-inquerito-sobre-politicas-de-saude","tag-stressores","pmpro-has-access"],"acf":[],"publishpress_future_action":{"enabled":false,"date":"2026-05-07 02:46:30","action":"change-status","newStatus":"draft","terms":[],"taxonomy":"category","extraData":[]},"publishpress_future_workflow_manual_trigger":{"enabledWorkflows":[]},"wpml_current_locale":"pt_PT","wpml_translations":{"es_ES":{"locale":"es_ES","id":355158,"slug":"la-atencion-primaria-en-la-era-post-covid","post_title":"La atenci\u00f3n primaria en la era post-Covid","href":"https:\/\/medizinonline.com\/es\/la-atencion-primaria-en-la-era-post-covid\/"}},"_links":{"self":[{"href":"https:\/\/medizinonline.com\/pt-pt\/wp-json\/wp\/v2\/posts\/355122","targetHints":{"allow":["GET"]}}],"collection":[{"href":"https:\/\/medizinonline.com\/pt-pt\/wp-json\/wp\/v2\/posts"}],"about":[{"href":"https:\/\/medizinonline.com\/pt-pt\/wp-json\/wp\/v2\/types\/post"}],"author":[{"embeddable":true,"href":"https:\/\/medizinonline.com\/pt-pt\/wp-json\/wp\/v2\/users\/7"}],"replies":[{"embeddable":true,"href":"https:\/\/medizinonline.com\/pt-pt\/wp-json\/wp\/v2\/comments?post=355122"}],"version-history":[{"count":2,"href":"https:\/\/medizinonline.com\/pt-pt\/wp-json\/wp\/v2\/posts\/355122\/revisions"}],"predecessor-version":[{"id":356722,"href":"https:\/\/medizinonline.com\/pt-pt\/wp-json\/wp\/v2\/posts\/355122\/revisions\/356722"}],"wp:featuredmedia":[{"embeddable":true,"href":"https:\/\/medizinonline.com\/pt-pt\/wp-json\/wp\/v2\/media\/104329"}],"wp:attachment":[{"href":"https:\/\/medizinonline.com\/pt-pt\/wp-json\/wp\/v2\/media?parent=355122"}],"wp:term":[{"taxonomy":"category","embeddable":true,"href":"https:\/\/medizinonline.com\/pt-pt\/wp-json\/wp\/v2\/category?post=355122"},{"taxonomy":"post_tag","embeddable":true,"href":"https:\/\/medizinonline.com\/pt-pt\/wp-json\/wp\/v2\/tags?post=355122"},{"taxonomy":"powerkit_post_featured","embeddable":true,"href":"https:\/\/medizinonline.com\/pt-pt\/wp-json\/wp\/v2\/powerkit_post_featured?post=355122"}],"curies":[{"name":"wp","href":"https:\/\/api.w.org\/{rel}","templated":true}]}}