{"id":359013,"date":"2023-06-19T09:50:49","date_gmt":"2023-06-19T07:50:49","guid":{"rendered":"https:\/\/medizinonline.com\/um-camaleao-em-ct\/"},"modified":"2023-06-26T10:02:00","modified_gmt":"2023-06-26T08:02:00","slug":"um-camaleao-em-ct","status":"publish","type":"post","link":"https:\/\/medizinonline.com\/pt-pt\/um-camaleao-em-ct\/","title":{"rendered":"&#8220;Um camale\u00e3o em CT&#8221;"},"content":{"rendered":"\n<p><strong>A aspergilose pulmonar invasiva representa um grande perigo, especialmente para pessoas imunocomprometidas, como os doentes com tumores. A taxa de mortalidade \u00e9 superior a 60%, e o diagn\u00f3stico e o tratamento da infec\u00e7\u00e3o f\u00fangica s\u00e3o frequentemente dif\u00edceis. Um especialista apresentou novas descobertas e deu conselhos pr\u00e1ticos para o tratamento destes doentes.<\/strong><\/p>\n\n<!--more-->\n\n<p>Quando se trata de aspergilose invasiva (AI), h\u00e1 grupos de doentes cujo risco \u00e9 t\u00e3o elevado que vale a pena adoptar uma abordagem profil\u00e1tica. Dr. Oliver A. Cornely, Instituto CECAD de Investiga\u00e7\u00e3o Translacional, Centro de Ensaios Cl\u00ednicos, Infecciologia Cl\u00ednica\/Centro Europeu de Micologia M\u00e9dica, Universidade de Col\u00f3nia (D) [1]. Estes podem receber profilaxia com posaconazol para reduzir a taxa de infec\u00e7\u00e3o de ruptura. Num estudo de 2007 conduzido pelo Prof. Cornely, este valor foi reduzido de 8% para 2% em compara\u00e7\u00e3o com o flucanozol\/itraconazol. flucanozol\/itraconazol. A taxa de sobreviv\u00eancia tamb\u00e9m melhorou com o posaconazol neste estudo [2] <strong>(Fig. 1)<\/strong>.<\/p>\n\n<p><\/p>\n<div class=\"wp-block-image\">\n<figure class=\"aligncenter size-large is-resized\"><a href=\"https:\/\/medizinonline.com\/wp-content\/uploads\/2023\/06\/abb1_PA2_s38.png\"><img fetchpriority=\"high\" decoding=\"async\" src=\"https:\/\/medizinonline.com\/wp-content\/uploads\/2023\/06\/abb1_PA2_s38-1160x669.png\" alt=\"\" class=\"wp-image-358900\" width=\"580\" height=\"335\" srcset=\"https:\/\/medizinonline.com\/wp-content\/uploads\/2023\/06\/abb1_PA2_s38-1160x669.png 1160w, https:\/\/medizinonline.com\/wp-content\/uploads\/2023\/06\/abb1_PA2_s38-800x462.png 800w, https:\/\/medizinonline.com\/wp-content\/uploads\/2023\/06\/abb1_PA2_s38-120x69.png 120w, https:\/\/medizinonline.com\/wp-content\/uploads\/2023\/06\/abb1_PA2_s38-90x52.png 90w, https:\/\/medizinonline.com\/wp-content\/uploads\/2023\/06\/abb1_PA2_s38-320x185.png 320w, https:\/\/medizinonline.com\/wp-content\/uploads\/2023\/06\/abb1_PA2_s38-560x323.png 560w, https:\/\/medizinonline.com\/wp-content\/uploads\/2023\/06\/abb1_PA2_s38-240x139.png 240w, https:\/\/medizinonline.com\/wp-content\/uploads\/2023\/06\/abb1_PA2_s38-180x104.png 180w, https:\/\/medizinonline.com\/wp-content\/uploads\/2023\/06\/abb1_PA2_s38-640x369.png 640w, https:\/\/medizinonline.com\/wp-content\/uploads\/2023\/06\/abb1_PA2_s38-1120x646.png 1120w, https:\/\/medizinonline.com\/wp-content\/uploads\/2023\/06\/abb1_PA2_s38.png 1478w\" sizes=\"(max-width: 580px) 100vw, 580px\" \/><\/a><\/figure>\n<\/div>\n<p>No entanto, quando se trata de doentes com LLA em vez de LMA, por exemplo, a profilaxia n\u00e3o \u00e9 poss\u00edvel devido a v\u00e1rias interac\u00e7\u00f5es medicamentosas com os agentes quimioterap\u00eauticos. Assim, se um doente apresentar uma leucemia diagnosticada e de alto risco, j\u00e1 pode ser efectuada a chamada TC de base do t\u00f3rax. Se forem encontradas altera\u00e7\u00f5es estruturais ou mesmo infiltra\u00e7\u00f5es, \u00e9 evidente que se deve ter um cuidado especial com estas pessoas, porque \u00e9 de esperar uma taxa dupla de aspergilose, em compara\u00e7\u00e3o com os doentes em que os pulm\u00f5es se apresentam discretamente e sem patologia.  <\/p>\n\n<p>A aspergilose na TAC pode apresentar-se &#8220;como um camale\u00e3o&#8221;, explicou o Prof. Cornely: As formas podem variar entre pequenos infiltrados (redondos), sinais de ar em forma de crescente e infiltrados de grandes dimens\u00f5es. Nos doentes de alto risco, qualquer infiltrado conduz directamente a uma broncoscopia, BAL (caixa) e laborat\u00f3rio (teste de galactomanano). &#8220;Queremos estes testes laboratoriais para termos tamb\u00e9m provas micol\u00f3gicas da infec\u00e7\u00e3o f\u00fangica&#8221;.  <\/p>\n\n<h3 id=\"opcoes-terapeuticas\" class=\"wp-block-heading\">Op\u00e7\u00f5es terap\u00eauticas<\/h3>\n\n<p>Est\u00e3o dispon\u00edveis tr\u00eas op\u00e7\u00f5es para o tratamento antif\u00fangico da suspeita de aspergilose invasiva:<\/p>\n\n<ul class=\"wp-block-list\">\n<li>Isavuconazol<\/li>\n\n\n\n<li>Anfotericina B liposs\u00f3mica<\/li>\n\n\n\n<li>Voriconazol<\/li>\n<\/ul>\n\n<p>Durante cerca de 20 anos, o voriconazol tem sido o tratamento padr\u00e3o para a aspergilose invasiva em doentes de alto risco. No entanto, o medicamento tamb\u00e9m tem desvantagens, como salientou o Prof. Cornely: \u00e9 necess\u00e1rio efectuar a monitoriza\u00e7\u00e3o terap\u00eautica do medicamento (TDM), pelo menos uma vez por semana. O intervalo de refer\u00eancia alvo situa-se entre 1 e 5,5 mg\/l. Se n\u00e3o for poss\u00edvel trazer o doente para este intervalo, a aspergilose continua a amea\u00e7ar uma evolu\u00e7\u00e3o negativa. No entanto, se o intervalo-alvo for excedido, s\u00e3o de esperar eleva\u00e7\u00f5es hep\u00e1ticas ou outras toxicidades. O aumento da sensibilidade \u00e0 luz ou da &#8220;vis\u00e3o crom\u00e1tica&#8221; (vis\u00e3o amarela ou violeta) \u00e9 tamb\u00e9m frequentemente referido pelos doentes nestes casos.  <\/p>\n\n<p>O isavuconazol foi comparado num estudo com o voriconazol num grupo de doentes com doen\u00e7a hematol\u00f3gica subjacente. N\u00e3o se registaram diferen\u00e7as na sobreviv\u00eancia durante um per\u00edodo de 3 meses. Em termos de seguran\u00e7a, ambos os agentes tiveram um desempenho muito semelhante, mas o isavuconazol foi ben\u00e9fico nas les\u00f5es cut\u00e2neas (33,5% ISA vs. 42,5% VOR, p=0,037), perturba\u00e7\u00f5es visuais (15,2% vs. 26,6%, p=0,002) e eleva\u00e7\u00f5es hep\u00e1ticas (8,9% vs. 16,2%, p=0,016). &#8220;As altera\u00e7\u00f5es cut\u00e2neas, em particular, foram muitas vezes consideradas infec\u00e7\u00f5es no passado, mas podem ser mais provavelmente uma toxicidade para os az\u00f3is.&#8221; Al\u00e9m disso, o TDM n\u00e3o \u00e9 necess\u00e1rio para o isavuconazol e n\u00e3o \u00e9 recomendado de acordo com as directrizes europeias.<\/p>\n\n<h3 id=\"novos-grupos-de-risco-covid-19-e-iapa\" class=\"wp-block-heading\">Novos grupos de risco: COVID-19 e IAPA<\/h3>\n\n<p>No Centro de Estudos Cl\u00ednicos de Col\u00f3nia do Prof. Cornely, foi detectada aspergilose invasiva em 5 dos primeiros 19 doentes ventilados com COVID-19 em 2020 [3]. Devido \u00e0 preocupa\u00e7\u00e3o de que a ent\u00e3o nova infec\u00e7\u00e3o viral com envolvimento pulmonar pudesse abrir caminho para a AI, os doentes foram especificamente rastreados. &#8220;Se n\u00e3o tiv\u00e9ssemos procurado especificamente a aspergilose neste grupo, n\u00e3o a ter\u00edamos encontrado e t\u00ea-la-\u00edamos tratado demasiado tarde ou talvez nunca&#8221;, explica o especialista.<\/p>\n\n<p><\/p>\n\n<figure class=\"wp-block-table\"><table class=\"has-background\" style=\"background-color:#abb7c26e\"><tbody><tr><td><strong>Renova\u00e7\u00e3o de BAL<\/strong><br\/>Deve ser testado:<br\/>&#8211; Infec\u00e7\u00f5es bacterianas (diagn\u00f3stico diferencial)<br\/>&#8211; Cogumelos<br\/>&#8211; agentes patog\u00e9nicos at\u00edpicos da pneumonia  <br\/>&#8211; v\u00edrus respirat\u00f3rios<br\/>&#8211; Micobact\u00e9rias + TB-PCR<br\/>&#8211; Galactomanano<br\/>&#8211; PCR para Aspergillus\/Mucorales<\/td><\/tr><\/tbody><\/table><\/figure>\n\n<p>O pat\u00f3geno causador da AI associada \u00e0 COVID-19 \u00e9 principalmente (quase 70%) A. fumigatus, com A. niger, A. flavus e A. terreus ocorrendo com muito menos frequ\u00eancia (&lt;10% cada). &#8220;Nestes casos, se um Aspergillus for detectado microscopicamente, pode presumir-se que \u00e9 trat\u00e1vel com az\u00f3is e anfotericina B liposs\u00f3mica&#8221;.<\/p>\n\n<p><\/p>\n<div class=\"wp-block-image\">\n<figure class=\"aligncenter size-large is-resized\"><a href=\"https:\/\/medizinonline.com\/wp-content\/uploads\/2023\/06\/abb2_PA2_s38-scaled.jpg\"><img decoding=\"async\" data-src=\"https:\/\/medizinonline.com\/wp-content\/uploads\/2023\/06\/abb2_PA2_s38-1160x426.jpg\" alt=\"\" class=\"wp-image-358903 lazyload\" width=\"580\" height=\"213\" data-srcset=\"https:\/\/medizinonline.com\/wp-content\/uploads\/2023\/06\/abb2_PA2_s38-1160x426.jpg 1160w, https:\/\/medizinonline.com\/wp-content\/uploads\/2023\/06\/abb2_PA2_s38-800x294.jpg 800w, https:\/\/medizinonline.com\/wp-content\/uploads\/2023\/06\/abb2_PA2_s38-2048x752.jpg 2048w, https:\/\/medizinonline.com\/wp-content\/uploads\/2023\/06\/abb2_PA2_s38-120x44.jpg 120w, https:\/\/medizinonline.com\/wp-content\/uploads\/2023\/06\/abb2_PA2_s38-90x33.jpg 90w, https:\/\/medizinonline.com\/wp-content\/uploads\/2023\/06\/abb2_PA2_s38-320x118.jpg 320w, https:\/\/medizinonline.com\/wp-content\/uploads\/2023\/06\/abb2_PA2_s38-560x206.jpg 560w, https:\/\/medizinonline.com\/wp-content\/uploads\/2023\/06\/abb2_PA2_s38-1920x705.jpg 1920w, https:\/\/medizinonline.com\/wp-content\/uploads\/2023\/06\/abb2_PA2_s38-240x88.jpg 240w, https:\/\/medizinonline.com\/wp-content\/uploads\/2023\/06\/abb2_PA2_s38-180x66.jpg 180w, https:\/\/medizinonline.com\/wp-content\/uploads\/2023\/06\/abb2_PA2_s38-640x235.jpg 640w, https:\/\/medizinonline.com\/wp-content\/uploads\/2023\/06\/abb2_PA2_s38-1120x412.jpg 1120w, https:\/\/medizinonline.com\/wp-content\/uploads\/2023\/06\/abb2_PA2_s38-1600x588.jpg 1600w, https:\/\/medizinonline.com\/wp-content\/uploads\/2023\/06\/abb2_PA2_s38-2320x852.jpg 2320w, https:\/\/medizinonline.com\/wp-content\/uploads\/2023\/06\/abb2_PA2_s38-scaled.jpg 2560w\" data-sizes=\"(max-width: 580px) 100vw, 580px\" src=\"data:image\/svg+xml;base64,PHN2ZyB3aWR0aD0iMSIgaGVpZ2h0PSIxIiB4bWxucz0iaHR0cDovL3d3dy53My5vcmcvMjAwMC9zdmciPjwvc3ZnPg==\" style=\"--smush-placeholder-width: 580px; --smush-placeholder-aspect-ratio: 580\/213;\" \/><\/a><\/figure>\n<\/div>\n<p>Uma doen\u00e7a que \u00e9 suscept\u00edvel de se tornar mais comum do que a aspergilose pulmonar associada \u00e0 COVID-19 no futuro \u00e9 a aspergilose pulmonar associada \u00e0 gripe (IAPA). Nos doentes que necessitaram de cuidados intensivos com insufici\u00eancia respirat\u00f3ria no piso da gripe, a incid\u00eancia de IAPA foi de 25%, disse o Prof. Cornely, referindo-se a um estudo holand\u00eas. A maioria destes (71%) foi identificada nas primeiras 38 horas, e a mortalidade foi relativamente elevada, com 53%.  <\/p>\n\n<p>Fontes:<\/p>\n\n<ol class=\"wp-block-list\">\n<li>Cornely OA: Palestra &#8220;Invasive Aspergillus infections&#8221; no simp\u00f3sio &#8220;Aspergillus-associated diseases in pneumology&#8221;. 63.\u00ba Congresso da Sociedade Alem\u00e3 de Pneumologia e Medicina Respirat\u00f3ria e.V. em D\u00fcsseldorf, 30.03.2023.<\/li>\n\n\n\n<li>Cornely OA, Maertens J, Winston DJ, et al: Posaconazole vs. fluconazole ou itraconazole prophylaxis in patients with neutropenia. N Engl J Med 2007; 356: 348-359; doi: 10.1056\/NEJMoa061094.<\/li>\n\n\n\n<li>Koehler P, Cornely OA, B\u00f6ttiger BW, et al: Aspergilose pulmonar associada ao COVID-19. Micoses 2020; 63: 528-534; doi: 10.1111\/myc.13096.<\/li>\n<\/ol>\n\n<p><\/p>\n\n<p class=\"has-small-font-size\"><em>InFo PNEUMOLOGIE &amp; ALLERGOLOGIE 2023; 5(2): 38\u201339<\/em><\/p>\n","protected":false},"excerpt":{"rendered":"<p>A aspergilose pulmonar invasiva representa um grande perigo, especialmente para pessoas imunocomprometidas, como os doentes com tumores. A taxa de mortalidade \u00e9 superior a 60%, e o diagn\u00f3stico e o&hellip;<\/p>\n","protected":false},"author":7,"featured_media":359029,"comment_status":"closed","ping_status":"closed","sticky":false,"template":"","format":"standard","meta":{"_acf_changed":false,"pmpro_default_level":"","cat_1_feature_home_top":false,"cat_2_editor_pick":false,"csco_eyebrow_text":"Infec\u00e7\u00f5es invasivas por Aspergillus","footnotes":""},"category":[11344,11521,11421,11379,11547,11486,11529,11551],"tags":[68616,68617,68621,27235,68619,68618,68622],"powerkit_post_featured":[],"class_list":["post-359013","post","type-post","status-publish","format-standard","has-post-thumbnail","category-alergologia-e-imunologia-clinica","category-estudos","category-infecciologia","category-oncologia-pt-pt","category-pneumologia-pt-pt","category-radiologia-pt-pt","category-relatorios-do-congresso","category-rx-pt","tag-anfotericina-b-lipossomica","tag-aspergilose-pulmonar-invasiva","tag-iaba-pt-pt","tag-infeccao-fungica","tag-isavuconazol-pt-pt","tag-renovacao-de-bal","tag-voriconazol-pt-pt","pmpro-has-access"],"acf":[],"publishpress_future_action":{"enabled":false,"date":"2026-05-04 03:36:18","action":"change-status","newStatus":"draft","terms":[],"taxonomy":"category","extraData":[]},"publishpress_future_workflow_manual_trigger":{"enabledWorkflows":[]},"wpml_current_locale":"pt_PT","wpml_translations":{"es_ES":{"locale":"es_ES","id":359035,"slug":"un-camaleon-en-tc","post_title":"\"Un camale\u00f3n en TC\"","href":"https:\/\/medizinonline.com\/es\/un-camaleon-en-tc\/"}},"_links":{"self":[{"href":"https:\/\/medizinonline.com\/pt-pt\/wp-json\/wp\/v2\/posts\/359013","targetHints":{"allow":["GET"]}}],"collection":[{"href":"https:\/\/medizinonline.com\/pt-pt\/wp-json\/wp\/v2\/posts"}],"about":[{"href":"https:\/\/medizinonline.com\/pt-pt\/wp-json\/wp\/v2\/types\/post"}],"author":[{"embeddable":true,"href":"https:\/\/medizinonline.com\/pt-pt\/wp-json\/wp\/v2\/users\/7"}],"replies":[{"embeddable":true,"href":"https:\/\/medizinonline.com\/pt-pt\/wp-json\/wp\/v2\/comments?post=359013"}],"version-history":[{"count":2,"href":"https:\/\/medizinonline.com\/pt-pt\/wp-json\/wp\/v2\/posts\/359013\/revisions"}],"predecessor-version":[{"id":361278,"href":"https:\/\/medizinonline.com\/pt-pt\/wp-json\/wp\/v2\/posts\/359013\/revisions\/361278"}],"wp:featuredmedia":[{"embeddable":true,"href":"https:\/\/medizinonline.com\/pt-pt\/wp-json\/wp\/v2\/media\/359029"}],"wp:attachment":[{"href":"https:\/\/medizinonline.com\/pt-pt\/wp-json\/wp\/v2\/media?parent=359013"}],"wp:term":[{"taxonomy":"category","embeddable":true,"href":"https:\/\/medizinonline.com\/pt-pt\/wp-json\/wp\/v2\/category?post=359013"},{"taxonomy":"post_tag","embeddable":true,"href":"https:\/\/medizinonline.com\/pt-pt\/wp-json\/wp\/v2\/tags?post=359013"},{"taxonomy":"powerkit_post_featured","embeddable":true,"href":"https:\/\/medizinonline.com\/pt-pt\/wp-json\/wp\/v2\/powerkit_post_featured?post=359013"}],"curies":[{"name":"wp","href":"https:\/\/api.w.org\/{rel}","templated":true}]}}