{"id":364056,"date":"2023-09-26T00:01:00","date_gmt":"2023-09-25T22:01:00","guid":{"rendered":"https:\/\/medizinonline.com\/?p=364056"},"modified":"2023-10-06T16:40:44","modified_gmt":"2023-10-06T14:40:44","slug":"fibrilhacao-auricular-o-que-dizem-as-directrizes-actuais","status":"publish","type":"post","link":"https:\/\/medizinonline.com\/pt-pt\/fibrilhacao-auricular-o-que-dizem-as-directrizes-actuais\/","title":{"rendered":"Fibrilha\u00e7\u00e3o auricular &#8211; o que dizem as directrizes actuais?"},"content":{"rendered":"\n<p><strong>A fibrilha\u00e7\u00e3o auricular \u00e9 a arritmia card\u00edaca sustentada mais comum e est\u00e1 associada a um aumento significativo da mortalidade e da morbilidade. Por conseguinte, s\u00e3o necess\u00e1rias medidas de diagn\u00f3stico e terap\u00eauticas atempadas. As actuais directrizes da ESC recomendam que os doentes com os factores de risco correspondentes devem ter o pulso controlado regularmente e que, se necess\u00e1rio, devem ser iniciadas outras investiga\u00e7\u00f5es. O tratamento inclui medica\u00e7\u00e3o, interven\u00e7\u00f5es e medidas de estilo de vida, e \u00e9 importante incluir quaisquer comorbilidades.<\/strong><\/p>\n\n<!--more-->\n\n<p>Os doentes com fibrilha\u00e7\u00e3o auricular (FA) s\u00e3o hospitalizados com maior frequ\u00eancia do que a popula\u00e7\u00e3o em geral, em termos de idade e sexo [1]. A mortalidade \u00e9 aumentada por um fator de 1,5 nos homens e por um fator de 1,9 nas mulheres [2]. Cerca de 20-30% de todos os doentes com FHV desenvolvem insufici\u00eancia card\u00edaca e 16-20% desenvolvem depress\u00e3o. Al\u00e9m disso, 20-30% de todos os acidentes vasculares cerebrais isqu\u00e9micos est\u00e3o associados \u00e0 FVC [1,2]. Os sintomas cl\u00ednicos dependem da dura\u00e7\u00e3o da FVC e da frequ\u00eancia ventricular, bem como da perce\u00e7\u00e3o individual [3]. Dependendo da frequ\u00eancia transmitida aos ventr\u00edculos, podem ocorrer palpita\u00e7\u00f5es e a perce\u00e7\u00e3o de uma a\u00e7\u00e3o card\u00edaca irregular, especialmente na taquicardia. Alguns doentes sofrem tamb\u00e9m de dores na regi\u00e3o tor\u00e1cica. S\u00e3o poss\u00edveis sintomas vegetativos, como tonturas ou suores e n\u00e1useas. A ausculta\u00e7\u00e3o e a palpa\u00e7\u00e3o do pulso podem revelar um d\u00e9fice de pulso para al\u00e9m da arritmia. Dependendo da gravidade, manifesta-se intoler\u00e2ncia ao exerc\u00edcio, fadiga e dispneia. No entanto, cerca de um ter\u00e7o das pessoas afectadas pela FHV n\u00e3o apresenta quaisquer sintomas percept\u00edveis ou angustiantes [4].<\/p>\n\n<figure class=\"wp-block-table\"><table class=\"has-background\" style=\"background-color:#8dd2fc4d\"><tbody><tr><td>O ECG em repouso mostra desvios t\u00edpicos do ritmo sinusal normal <strong>(fig. 1) <\/strong>. Estes incluem uma arritmia absoluta e ondas P ausentes ou polim\u00f3rficas com um intervalo PP muito curto (&lt;200 ms) [1]. Em VCF do tipo convulsivo, o ECG pode mostrar um ritmo normal no momento da medi\u00e7\u00e3o. Nestes casos, pode ser \u00fatil realizar ECGs de longa dura\u00e7\u00e3o (telemetria, Holter ECG) para al\u00e9m do ECG de 12 deriva\u00e7\u00f5es em repouso [1,4]. Um epis\u00f3dio deve durar 30 segundos &gt; [1,2] . Se houver um intervalo de v\u00e1rios dias entre os ataques de fibrilha\u00e7\u00e3o auricular, podem ser utilizadas atualmente outras possibilidades de dete\u00e7\u00e3o de FHV, para al\u00e9m dos m\u00e9todos de exame convencionais: Os pacemakers e os desfibrilhadores (&#8220;implantable cardioverter defibrillator&#8221;) registam as arritmias na aur\u00edcula atrav\u00e9s do el\u00e9trodo auricular. Os registadores de eventos implantados registam continuamente um ECG de 1 deriva\u00e7\u00e3o e podem detetar e armazenar arritmias atrav\u00e9s de um algoritmo. Os smartwatches e os smartphones podem registar um fotopletismograma ou um ECG de 1 deriva\u00e7\u00e3o e detetar poss\u00edveis epis\u00f3dios de VHF [1,2].  <\/td><\/tr><\/tbody><\/table><\/figure>\n<div class=\"wp-block-image\">\n<figure class=\"aligncenter size-full is-resized\"><a href=\"https:\/\/medizinonline.com\/wp-content\/uploads\/2023\/08\/abb1_HP8_s38.jpg\"><img decoding=\"async\" data-src=\"https:\/\/medizinonline.com\/wp-content\/uploads\/2023\/08\/abb1_HP8_s38.jpg\" alt=\"\" class=\"wp-image-363923 lazyload\" style=\"--smush-placeholder-width: 1462px; --smush-placeholder-aspect-ratio: 1462\/754;width:500px\" width=\"500\" data-srcset=\"https:\/\/medizinonline.com\/wp-content\/uploads\/2023\/08\/abb1_HP8_s38.jpg 1462w, https:\/\/medizinonline.com\/wp-content\/uploads\/2023\/08\/abb1_HP8_s38-800x413.jpg 800w, https:\/\/medizinonline.com\/wp-content\/uploads\/2023\/08\/abb1_HP8_s38-1160x598.jpg 1160w, https:\/\/medizinonline.com\/wp-content\/uploads\/2023\/08\/abb1_HP8_s38-120x62.jpg 120w, https:\/\/medizinonline.com\/wp-content\/uploads\/2023\/08\/abb1_HP8_s38-90x46.jpg 90w, https:\/\/medizinonline.com\/wp-content\/uploads\/2023\/08\/abb1_HP8_s38-320x165.jpg 320w, https:\/\/medizinonline.com\/wp-content\/uploads\/2023\/08\/abb1_HP8_s38-560x289.jpg 560w, https:\/\/medizinonline.com\/wp-content\/uploads\/2023\/08\/abb1_HP8_s38-240x124.jpg 240w, https:\/\/medizinonline.com\/wp-content\/uploads\/2023\/08\/abb1_HP8_s38-180x93.jpg 180w, https:\/\/medizinonline.com\/wp-content\/uploads\/2023\/08\/abb1_HP8_s38-640x330.jpg 640w, https:\/\/medizinonline.com\/wp-content\/uploads\/2023\/08\/abb1_HP8_s38-1120x578.jpg 1120w\" data-sizes=\"(max-width: 1462px) 100vw, 1462px\" src=\"data:image\/svg+xml;base64,PHN2ZyB3aWR0aD0iMSIgaGVpZ2h0PSIxIiB4bWxucz0iaHR0cDovL3d3dy53My5vcmcvMjAwMC9zdmciPjwvc3ZnPg==\" \/><\/a><\/figure>\n<\/div>\n<h3 id=\"identifique-e-rastreie-a-populacao-em-risco\" class=\"wp-block-heading\">Identifique e rastreie a popula\u00e7\u00e3o em risco  <\/h3>\n\n<p>As directrizes da Sociedade Europeia de Cardiologia (ESC) recomendam o chamado rastreio oportunista como uma medida para a dete\u00e7\u00e3o precoce da FA [2]: Se houver suspeita de fibrilha\u00e7\u00e3o auricular devido \u00e0 idade avan\u00e7ada ou a certas doen\u00e7as concomitantes, o seu pulso deve ser verificado regularmente. Se o pulso se mostrar visivelmente elevado ou irregular, h\u00e1 indica\u00e7\u00e3o para um eletrocardiograma (ECG) [4]. O risco de FVC aumenta especialmente em doen\u00e7as concomitantes com stress atrial hemodin\u00e2mico ou mec\u00e2nico [3]. Um diagn\u00f3stico fi\u00e1vel e inequ\u00edvoco de VCF requer um registo ECG bem analis\u00e1vel<strong> (caixa) <\/strong>.  <\/p>\n\n<h3 id=\"factores-de-risco-comuns-para-a-fvc\" class=\"wp-block-heading\">Factores de risco comuns para a FVC  <\/h3>\n\n<p>Os factores de risco e as comorbilidades mais comuns da FVC incluem a hipertens\u00e3o arterial, a diabetes mellitus, a obesidade e a apneia do sono [1,6]. As actuais directrizes da ESC recomendam que estes devem ser sempre inclu\u00eddos na avalia\u00e7\u00e3o e no tratamento [2]. O mesmo se aplica \u00e0 asma br\u00f4nquica e \u00e0 doen\u00e7a pulmonar obstrutiva cr\u00f3nica (DPOC) [1].  <\/p>\n\n<ul class=\"wp-block-list\">\n<li><strong>Hipertens\u00e3o arterial: <\/strong>\u00c9 o fator de risco mais comum, presente em 49-90% dos doentes com FHV [2,7]. O risco de desenvolver FVC \u00e9 1,7 vezes maior em pessoas com hipertens\u00e3o arterial [2]. A escolha dos anti-hipertensores e os objectivos do tratamento podem ser orientados pelas recomenda\u00e7\u00f5es da ESC para a hipertens\u00e3o arterial [8].  <\/li>\n\n\n\n<li><strong>Diabetes mellitus (tipo 1 e 2):<\/strong> Quanto maior for o n\u00famero de complica\u00e7\u00f5es microvasculares &#8211; o que \u00e9 especialmente o caso da diabetes de longa dura\u00e7\u00e3o e de um controlo inadequado do a\u00e7\u00facar no sangue &#8211; maior \u00e9 a probabilidade de ocorr\u00eancia de VCF. Um controlo glic\u00e9mico suficiente um ano antes da interven\u00e7\u00e3o pode melhorar a taxa de sucesso do controlo do ritmo por abla\u00e7\u00e3o [2,9].  <\/li>\n\n\n\n<li><strong>Obesidade:<\/strong> A presen\u00e7a de obesidade (\u00edndice de massa corporal, IMC \u226530 <sup>kg\/m2<\/sup>) aumenta o risco de desenvolver VCF em 1,5 vezes [10]. \u00c0 medida que o IMC aumenta, o risco de ocorr\u00eancia e persist\u00eancia de fibrilha\u00e7\u00e3o auricular aumenta [10]. Uma redu\u00e7\u00e3o de peso de pelo menos 10% e um objetivo de IMC <sup>\u226427kg\/m2<\/sup> [10] podem reduzir o peso da VHF. Para o conseguir, para al\u00e9m das altera\u00e7\u00f5es alimentares e do exerc\u00edcio f\u00edsico, a utiliza\u00e7\u00e3o de um agonista do p\u00e9ptido-1 semelhante ao glucagon (GLP1), como o liraglutide, ou a cirurgia bari\u00e1trica t\u00eam-se revelado \u00fateis [9,11,12].  <\/li>\n\n\n\n<li><strong>S\u00edndrome da apneia obstrutiva do sono (SAOS):<\/strong> A presen\u00e7a de SAOS &#8211; presente em cerca de metade dos doentes com VHF &#8211; aumenta o risco de eventos cardiovasculares e diminui a probabilidade de sucesso no controlo do ritmo [2,13]. At\u00e9 \u00e0 data, n\u00e3o \u00e9 claro se a terapia com press\u00e3o positiva cont\u00ednua nas vias a\u00e9reas (CPAP) reduz o risco de recorr\u00eancia ap\u00f3s o isolamento das veias pulmonares [2,9].  <\/li>\n\n\n\n<li><strong>Asma br\u00f4nquica: <\/strong>Os asm\u00e1ticos t\u00eam um risco 1,5 vezes maior de desenvolver VCF. As pessoas com asma n\u00e3o controlada est\u00e3o em maior risco, pelo que deve procurar uma terap\u00eautica eficaz para a asma [14].  <\/li>\n\n\n\n<li><strong>Doen\u00e7a pulmonar obstrutiva cr\u00f3nica (DPOC): <\/strong>Cerca de 23% dos doentes com FHV t\u00eam DPOC. Os doentes t\u00eam uma taxa de sucesso inferior com a electrocardiovers\u00e3o e a abla\u00e7\u00e3o. Atualmente, n\u00e3o \u00e9 claro se o tratamento da DPOC tem um efeito positivo no VCF [15].  <\/li>\n<\/ul>\n<div class=\"wp-block-image\">\n<figure class=\"aligncenter size-full is-resized\"><a href=\"https:\/\/medizinonline.com\/wp-content\/uploads\/2023\/08\/tab1_HP8_s39.png\"><img decoding=\"async\" data-src=\"https:\/\/medizinonline.com\/wp-content\/uploads\/2023\/08\/tab1_HP8_s39.png\" alt=\"\" class=\"wp-image-363924 lazyload\" style=\"--smush-placeholder-width: 1471px; --smush-placeholder-aspect-ratio: 1471\/1631;width:500px\" width=\"500\" data-srcset=\"https:\/\/medizinonline.com\/wp-content\/uploads\/2023\/08\/tab1_HP8_s39.png 1471w, https:\/\/medizinonline.com\/wp-content\/uploads\/2023\/08\/tab1_HP8_s39-800x887.png 800w, https:\/\/medizinonline.com\/wp-content\/uploads\/2023\/08\/tab1_HP8_s39-1160x1286.png 1160w, https:\/\/medizinonline.com\/wp-content\/uploads\/2023\/08\/tab1_HP8_s39-120x133.png 120w, https:\/\/medizinonline.com\/wp-content\/uploads\/2023\/08\/tab1_HP8_s39-90x100.png 90w, https:\/\/medizinonline.com\/wp-content\/uploads\/2023\/08\/tab1_HP8_s39-320x355.png 320w, https:\/\/medizinonline.com\/wp-content\/uploads\/2023\/08\/tab1_HP8_s39-560x621.png 560w, https:\/\/medizinonline.com\/wp-content\/uploads\/2023\/08\/tab1_HP8_s39-240x266.png 240w, https:\/\/medizinonline.com\/wp-content\/uploads\/2023\/08\/tab1_HP8_s39-180x200.png 180w, https:\/\/medizinonline.com\/wp-content\/uploads\/2023\/08\/tab1_HP8_s39-640x710.png 640w, https:\/\/medizinonline.com\/wp-content\/uploads\/2023\/08\/tab1_HP8_s39-1120x1242.png 1120w\" data-sizes=\"(max-width: 1471px) 100vw, 1471px\" src=\"data:image\/svg+xml;base64,PHN2ZyB3aWR0aD0iMSIgaGVpZ2h0PSIxIiB4bWxucz0iaHR0cDovL3d3dy53My5vcmcvMjAwMC9zdmciPjwvc3ZnPg==\" \/><\/a><\/figure>\n<\/div>\n<h3 id=\"insuficiencia-cardiaca-e-vhf-quem-beneficia-com-a-ablacao\" class=\"wp-block-heading\">Insufici\u00eancia card\u00edaca e VHF: Quem beneficia com a abla\u00e7\u00e3o?  <\/h3>\n\n<p>A fibrilha\u00e7\u00e3o auricular e a insufici\u00eancia card\u00edaca est\u00e3o frequentemente associadas &#8211; estima-se que um ter\u00e7o dos doentes com insufici\u00eancia card\u00edaca desenvolvem FA e os doentes com FA t\u00eam um risco muito maior de desenvolver insufici\u00eancia card\u00edaca mais tarde na vida [2,16]. Os doentes com FHV que desenvolvem insufici\u00eancia card\u00edaca t\u00eam um risco de mortalidade tr\u00eas vezes superior, enquanto os doentes com insufici\u00eancia card\u00edaca com FHV subsequente t\u00eam um risco de mortalidade duas vezes superior. Os investigadores desenvolveram o score ANTWERP para prever a resposta \u00e0 abla\u00e7\u00e3o em doentes com insufici\u00eancia card\u00edaca e fra\u00e7\u00e3o de eje\u00e7\u00e3o diminu\u00edda (FEVE&lt;50%). A pontua\u00e7\u00e3o baseia-se em quatro par\u00e2metros:  <\/p>\n\n<ul class=\"wp-block-list\">\n<li>Largura do QRS &gt;120 ms (2 pontos)<\/li>\n\n\n\n<li>Etiologia da insufici\u00eancia card\u00edaca (2 pontos)<\/li>\n\n\n\n<li>fibrilha\u00e7\u00e3o auricular parox\u00edstica (1 ponto)  <\/li>\n\n\n\n<li>dilata\u00e7\u00e3o auricular acentuada (1 ponto)<\/li>\n<\/ul>\n\n<p>A pontua\u00e7\u00e3o total varia de 0 a 6, com uma pontua\u00e7\u00e3o mais baixa a prever uma melhor hip\u00f3tese de recupera\u00e7\u00e3o da FEVE ap\u00f3s a abla\u00e7\u00e3o. No estudo ANTWOORD, a valida\u00e7\u00e3o externa da pontua\u00e7\u00e3o ANTWERP foi efectuada numa grande coorte europeia. Os investigadores identificaram retrospetivamente doentes com insufici\u00eancia card\u00edaca, FEVE limitada e fibrilha\u00e7\u00e3o auricular que foram submetidos a procedimentos de abla\u00e7\u00e3o em oito centros europeus. A pontua\u00e7\u00e3o ANTWERP foi encontrada para prever a melhoria da FEVE ap\u00f3s a abla\u00e7\u00e3o com uma <em>\u00e1rea sob a curva <\/em>(AUC) de 0,86 (IC 95%: 0,82-0,89; p&lt;0,001) [18]. Para pontua\u00e7\u00f5es totais de 0, 1, 2, 3, 4 e 5-6, as respectivas taxas de resposta foram 94%, 92%, 82%, 51%, 40% e 17%. Os resultados foram apresentados no Congresso da EHRA deste ano [17].<\/p>\n\n<p>Literatura:<\/p>\n\n<ol class=\"wp-block-list\">\n<li>Karnebeck V, et al.: Fokus Risikofaktoren und Begleiterkrankungen. \u00abVorhofflimmern \u2013 und jetzt?\u00bb. Swiss Med Forum 2023; 23(18): 1042\u20131045. <\/li>\n\n\n\n<li>Hindricks G, et al.: ESC Guidelines for the diagnosis and management of atrial fibrillation developed in collaboration with the European Association of Cardio-Thoracic Surgery (EACTS) Eur Heart J 2020; 42: 373\u2013498.<\/li>\n\n\n\n<li>\u00abVorhofflimmern\u00bb, <a href=\"http:\/\/www.medix.ch\/wissen\/guidelines\/vorhofflimmern\" target=\"_blank\" rel=\"noopener\">www.medix.ch\/wissen\/guidelines\/vorhofflimmern<\/a>, letzte \u00c4nderung: 03\/2022, (letzter Abruf 11.07.2023) <\/li>\n\n\n\n<li>\u00abVorhofflimmern: Diagnose oft nur mit Langzeit-EKG\u00bb, <a href=\"https:\/\/herzstiftung.de\/infos-zu-herzerkrankungen\/herzrhythmusstoerungen\/vorhofflimmern\/vorhofflimmern-diagnose\" target=\"_blank\" rel=\"noopener\">https:\/\/herzstiftung.de\/infos-zu-herzerkrankungen\/herzrhythmusstoerungen\/vorhofflimmern\/vorhofflimmern-diagnose<\/a> (letzter Abruf 11.07.2023)<\/li>\n\n\n\n<li>Noti F, Fuhrer J: Vorhofflimmern und Vorhofflattern: so \u00e4hnlich und so verschieden! Swiss Med Forum 2015;15(40): 890\u2013897.<\/li>\n\n\n\n<li>Schleberger R, et al.: Update Vorhofflimmern: Die ESC-Leitlinien 2020 sowie aktuelle Daten zur fr\u00fchen antiarrhythmischen Therapie [Update atrial fibrillation: the 2020 ESC guidelines and recent data on early rhythm control]. Herzschrittmacherther Elektrophysiol 2021; 32(2): 257\u2013263. <\/li>\n\n\n\n<li>Lip GYH, et al.: Hypertension and cardiac arrhythmias: a consensus document from the European Heart Rhythm Association (EHRA) and ESC Council on Hypertension, endorsed by the Heart Rhythm Society (HRS), Asia-Pacific Heart Rhythm Society (APHRS) and Sociedad Latinoamericana de Estimulacion Cardiaca y Electrofisiologia (SOLEACE). EP Europace 2017: 19(6): 891\u2013911.<\/li>\n\n\n\n<li>Williams B, et al.: 2018 ESC\/ESH Guidelines for the management of arterial hypertension: The Task Force for the management of arterial hypertension oft her European Society of Cardiology \/ESC) and the European Society of Hypertension (ESH). Eur Heart J. 2018; 39: 3021\u20133104.<\/li>\n\n\n\n<li>Chung MK, et al.: Lifestyle and Risk Factor Modification for Reduction of Atrial Fibrillation: A Scientific Statement From the American Heart Association. Circulation 2020; 141: e750\u2013e772.<\/li>\n\n\n\n<li>Wang TJ, et al.: Obesity and the Risk of New-Onset Atrial Fibrillation. JAMA 2004; 292(20): 2471\u20132477.<\/li>\n\n\n\n<li>Wilding JPH, et al.: Once-Weekly Semaglutide in Adults with Overweight or Obesity. N Engl J Med 2021; 384: 989\u20131002.<\/li>\n\n\n\n<li>Haloot J, Mahmoud M, Badin A: Liraglutide Mortality Effect on Atrial Fibrillation Patients. Authorea. December 04, 2021.<\/li>\n\n\n\n<li>Gami AS, et al.: Association of atrial fibrillation and obstructive sleep apnea. Circulation 2004; 110: 364\u2013367.<\/li>\n\n\n\n<li>Tattersall MC, et al.: Persistent Asthma Is Associated With Increased Risk for Incident Atrial Fibrillation in the MESA. Circ Arrhythm Electrophysiol 2020; 13: e007685.<\/li>\n\n\n\n<li>Simons SO, et al.: Chronic obstructive pulmonary disease and atrial fibrillation: an interdisciplinary perspective. Eur Heart J 2021; 42: 532\u2013540.<\/li>\n\n\n\n<li>Gopinathannair R, et al.: Managing atrial fibrillation in patients with heart failure and reduced ejection fraction: a scientific statement from the American Heart Association. Circ Arrhythmia Electrophysiol 2021;14: e000078.<\/li>\n\n\n\n<li>ANTWOORD study, \u2018Late Breaking Science &#8211; Today and tomorrow\u2019, EHRA 2023, 16\u201318 April 2023, Barcelona, Spain. <\/li>\n\n\n\n<li>\u00abNovel score predicts heart failure improvement after atrial fibrillation ablation\u00bb, <a href=\"http:\/\/www.escardio.org\/The-ESC\/Press-Office\/Press-releases\/novel-score-predicts-heart-failure-improvement-after-atrial-fibrillation-ablatio\" target=\"_blank\" rel=\"noopener\">www.escardio.org\/The-ESC\/Press-Office\/Press-releases\/novel-score-predicts-heart-failure-improvement-after-atrial-fibrillation-ablatio<\/a> (letzter Abruf 11.07.2023) <\/li>\n<\/ol>\n\n<p class=\"has-small-font-size\"><em>HAUSARZT PRAXIS 2023; 18(8): 38\u201339<\/em><\/p>\n","protected":false},"excerpt":{"rendered":"<p>A fibrilha\u00e7\u00e3o auricular \u00e9 a arritmia card\u00edaca sustentada mais comum e est\u00e1 associada a um aumento significativo da mortalidade e da morbilidade. Por conseguinte, s\u00e3o necess\u00e1rias medidas de diagn\u00f3stico e&hellip;<\/p>\n","protected":false},"author":7,"featured_media":364071,"comment_status":"closed","ping_status":"closed","sticky":false,"template":"","format":"standard","meta":{"_acf_changed":false,"pmpro_default_level":"","cat_1_feature_home_top":false,"cat_2_editor_pick":false,"csco_eyebrow_text":"Arritmias card\u00edacas","footnotes":""},"category":[11367,11521,11524,11305,11551],"tags":[70376,19637,29571,29598,13797,45024,17123,21514,70352,17246,23897,14818,70361,18213,70382,11805,70369],"powerkit_post_featured":[],"class_list":["post-364056","post","type-post","status-publish","format-standard","has-post-thumbnail","category-cardiologia-pt-pt","category-estudos","category-formacao-continua","category-medicina-interna-geral","category-rx-pt","tag-amiodarona","tag-antagonistas-de-vitamina-k","tag-arritmias-cardiacas-pt-pt","tag-bloqueador-beta","tag-comorbidades","tag-digoxina","tag-diltiazem-pt-pt","tag-directriz-pt-pt","tag-dronedarona","tag-esc-pt-pt","tag-factores-de-risco","tag-fibrilacao-atrial","tag-flecainida","tag-noak-pt-pt","tag-sotalol-pt-pt","tag-terapia-pt-pt","tag-verapamil-pt-pt","pmpro-has-access"],"acf":[],"publishpress_future_action":{"enabled":false,"date":"2026-05-04 21:34:38","action":"change-status","newStatus":"draft","terms":[],"taxonomy":"category","extraData":[]},"publishpress_future_workflow_manual_trigger":{"enabledWorkflows":[]},"wpml_current_locale":"pt_PT","wpml_translations":{"es_ES":{"locale":"es_ES","id":364106,"slug":"fibrilacion-auricular-que-dicen-las-directrices-actuales","post_title":"Fibrilaci\u00f3n auricular: \u00bfqu\u00e9 dicen las directrices actuales?","href":"https:\/\/medizinonline.com\/es\/fibrilacion-auricular-que-dicen-las-directrices-actuales\/"}},"_links":{"self":[{"href":"https:\/\/medizinonline.com\/pt-pt\/wp-json\/wp\/v2\/posts\/364056","targetHints":{"allow":["GET"]}}],"collection":[{"href":"https:\/\/medizinonline.com\/pt-pt\/wp-json\/wp\/v2\/posts"}],"about":[{"href":"https:\/\/medizinonline.com\/pt-pt\/wp-json\/wp\/v2\/types\/post"}],"author":[{"embeddable":true,"href":"https:\/\/medizinonline.com\/pt-pt\/wp-json\/wp\/v2\/users\/7"}],"replies":[{"embeddable":true,"href":"https:\/\/medizinonline.com\/pt-pt\/wp-json\/wp\/v2\/comments?post=364056"}],"version-history":[{"count":2,"href":"https:\/\/medizinonline.com\/pt-pt\/wp-json\/wp\/v2\/posts\/364056\/revisions"}],"predecessor-version":[{"id":365611,"href":"https:\/\/medizinonline.com\/pt-pt\/wp-json\/wp\/v2\/posts\/364056\/revisions\/365611"}],"wp:featuredmedia":[{"embeddable":true,"href":"https:\/\/medizinonline.com\/pt-pt\/wp-json\/wp\/v2\/media\/364071"}],"wp:attachment":[{"href":"https:\/\/medizinonline.com\/pt-pt\/wp-json\/wp\/v2\/media?parent=364056"}],"wp:term":[{"taxonomy":"category","embeddable":true,"href":"https:\/\/medizinonline.com\/pt-pt\/wp-json\/wp\/v2\/category?post=364056"},{"taxonomy":"post_tag","embeddable":true,"href":"https:\/\/medizinonline.com\/pt-pt\/wp-json\/wp\/v2\/tags?post=364056"},{"taxonomy":"powerkit_post_featured","embeddable":true,"href":"https:\/\/medizinonline.com\/pt-pt\/wp-json\/wp\/v2\/powerkit_post_featured?post=364056"}],"curies":[{"name":"wp","href":"https:\/\/api.w.org\/{rel}","templated":true}]}}