{"id":370366,"date":"2024-01-01T14:00:00","date_gmt":"2024-01-01T13:00:00","guid":{"rendered":"https:\/\/medizinonline.com\/?p=370366"},"modified":"2024-01-01T14:41:17","modified_gmt":"2024-01-01T13:41:17","slug":"preparacao-de-oleo-de-lavanda-e-z-drugs-em-comparacao-retrospetiva","status":"publish","type":"post","link":"https:\/\/medizinonline.com\/pt-pt\/preparacao-de-oleo-de-lavanda-e-z-drugs-em-comparacao-retrospetiva\/","title":{"rendered":"Prepara\u00e7\u00e3o de \u00f3leo de lavanda e &#8220;Z-Drugs&#8221; em compara\u00e7\u00e3o retrospetiva"},"content":{"rendered":"\n<p><strong>De um estudo de coorte retrospetivo publicado em 2023 por Kr\u00fcger<br\/>et al. mostra que os pacientes submetidos a um tratamento m\u00e9dico de perturba\u00e7\u00f5es do sono necessitaram de menos consultas de acompanhamento quando lhes foi prescrito um medicamento fitoterap\u00eautico \u00e0 base de \u00f3leo de lavanda do que quando lhes foram prescritos agonistas dos receptores de benzodiazepinas do grupo dos &#8220;medicamentos Z&#8221;. Os pacientes com sintomas de ansiedade, para al\u00e9m de perturba\u00e7\u00f5es do sono, podem beneficiar particularmente do agente fitoterap\u00eautico ansiol\u00edtico e bem tolerado.  <\/strong><\/p>\n\n<!--more-->\n\n<p>Os m\u00e9dicos de cl\u00ednica geral s\u00e3o normalmente o primeiro ponto de contacto para quem sofre de perturba\u00e7\u00f5es do sono <strong>(caixa) <\/strong>. As causas dos dist\u00farbios do sono podem ser muito diferentes [11]. N\u00e3o \u00e9 raro que a ins\u00f3nia esteja associada a doen\u00e7as mentais como a depress\u00e3o ou a perturba\u00e7\u00e3o de ansiedade generalizada (GAD) [11]. Se as medidas n\u00e3o farmacol\u00f3gicas n\u00e3o conduzirem a uma melhoria dos dist\u00farbios do sono, deve ser considerado o tratamento farmacoterap\u00eautico. Os &#8220;f\u00e1rmacos Z&#8221; zolpidem e zopiclone, que pertencem aos agonistas dos receptores das benzodiazepinas, s\u00e3o classificados como f\u00e1rmacos eficazes para a promo\u00e7\u00e3o do sono na atual diretriz para utiliza\u00e7\u00e3o a curto prazo (3\u20134 semanas) [1,10]. No entanto, devido aos riscos de efeitos secund\u00e1rios, n\u00e3o \u00e9 recomendado um tratamento a longo prazo. Os fitoter\u00e1picos tamb\u00e9m s\u00e3o mencionados nas directrizes. O \u00f3leo de lavanda patenteado Silexan<sup>\u00ae<\/sup> (WS<sup>\u00ae<\/sup> 1265) \u00e9 obtido a partir das infloresc\u00eancias de lavanda verdadeira (Lavandula angustifolia) por meio de destila\u00e7\u00e3o a vapor e est\u00e1 em conformidade com as especifica\u00e7\u00f5es da Farmacopeia Europeia [4]. V\u00e1rios estudos confirmam a superioridade do Silexan<sup>\u00ae<\/sup> em rela\u00e7\u00e3o ao placebo nas perturba\u00e7\u00f5es de ansiedade subsindr\u00f3micas ou no GAD [5\u20137]. Seifritz et al. demonstraram igualmente que <sup>o Silexan\u00ae<\/sup> tem efeitos promotores do sono em doentes com perturba\u00e7\u00f5es de ansiedade [8]. Num estudo de coorte retrospetivo, Kr\u00fcger et al. investigou a quest\u00e3o de saber de que forma a prescri\u00e7\u00e3o de <sup>Silexan\u00ae<\/sup> vs. &#8220;Z-drugs&#8221; est\u00e1 associada \u00e0 utiliza\u00e7\u00e3o de consultas de acompanhamento do m\u00e9dico de fam\u00edlia [9].  <\/p>\n\n<figure class=\"wp-block-table\"><table class=\"has-background\" style=\"background-color:#0792e338\"><tbody><tr><td>Os dist\u00farbios do sono, incluindo a ins\u00f3nia, a parass\u00f3nia, a hipersonol\u00eancia e os dist\u00farbios respirat\u00f3rios relacionados com o sono, est\u00e3o entre os diagn\u00f3sticos mais comuns na pr\u00e1tica cl\u00ednica di\u00e1ria [1,2]. Na CID-10, as perturba\u00e7\u00f5es do sono s\u00e3o classificadas nos c\u00f3digos G47-F51 [3]. A atual diretriz S3 recomenda que se ofere\u00e7a uma terap\u00eautica medicamentosa para os dist\u00farbios do sono nos doentes para os quais as medidas de terapia cognitivo-comportamental e as altera\u00e7\u00f5es do estilo de vida associadas n\u00e3o s\u00e3o suficientes [10]. Para al\u00e9m dos princ\u00edpios activos sint\u00e9ticos, est\u00e3o tamb\u00e9m dispon\u00edveis subst\u00e2ncias fitoterap\u00eauticas com um efeito promotor do sono.  <\/td><\/tr><\/tbody><\/table><\/figure>\n\n<h3 id=\"no-total-foram-analisados-dados-de-mais-de-95-000-doentes\" class=\"wp-block-heading\">No total, foram analisados dados de mais de 95 000 doentes  <\/h3>\n\n<p>A an\u00e1lise incluiu dados de doentes com perturba\u00e7\u00f5es do sono aos quais foi prescrito Silexan<sup>\u00ae<\/sup> (n=5204) ou &#8220;Z-Drugs&#8221; (n=90 526) [9]. Os pacientes que receberam <sup>Silexan\u00ae<\/sup> eram, em m\u00e9dia, mais jovens (48,7 vs. 61,5 anos) e mais frequentemente do sexo feminino (66,4% vs. 59,6%) do que os pacientes que foram tratados com &#8220;Z-drugs&#8221;. Estes \u00faltimos eram ligeiramente menos propensos a ter uma perturba\u00e7\u00e3o depressiva (18,4% vs. 21,7%), uma perturba\u00e7\u00e3o de ansiedade (5,5% vs. 11,3%) ou uma perturba\u00e7\u00e3o de adapta\u00e7\u00e3o relacionada com o stress (8,0% vs. 13,2%) do que os doentes com <sup>Silexan\u00ae<\/sup>. Em 15,6% dos doentes tratados com <sup>Silexan\u00ae<\/sup> e em 28,6% dos doentes tratados com &#8220;Z-Drugs&#8221;, foi necess\u00e1ria uma nova consulta com um m\u00e9dico de cl\u00ednica geral no prazo de 15 a 365 dias devido a perturba\u00e7\u00f5es do sono. Analisando os resultados do modelo de regress\u00e3o log\u00edstica multivariada, uma prescri\u00e7\u00e3o de <sup>Silexan\u00ae<\/sup> foi associada a uma probabilidade 44% inferior de necessitar de uma consulta de seguimento para perturba\u00e7\u00f5es do sono no prazo de 15-365 dias, em compara\u00e7\u00e3o com os &#8220;medicamentos Z&#8221; em todo o conjunto de dados (OR: 0,56; IC 95%: 0,51-0,60). Repartidos por grupo et\u00e1rio, os OR correspondentes situavam-se no intervalo 0,48-0,65 <strong>(Quadro 1)<\/strong>.<\/p>\n<div class=\"wp-block-image\">\n<figure class=\"aligncenter size-full is-resized\"><a href=\"https:\/\/medizinonline.com\/wp-content\/uploads\/2023\/11\/TAB1_HP11_s43.png\"><img fetchpriority=\"high\" decoding=\"async\" width=\"1474\" height=\"803\" src=\"https:\/\/medizinonline.com\/wp-content\/uploads\/2023\/11\/TAB1_HP11_s43.png\" alt=\"\" class=\"wp-image-370184\" style=\"width:500px\" srcset=\"https:\/\/medizinonline.com\/wp-content\/uploads\/2023\/11\/TAB1_HP11_s43.png 1474w, https:\/\/medizinonline.com\/wp-content\/uploads\/2023\/11\/TAB1_HP11_s43-800x436.png 800w, https:\/\/medizinonline.com\/wp-content\/uploads\/2023\/11\/TAB1_HP11_s43-1160x632.png 1160w, https:\/\/medizinonline.com\/wp-content\/uploads\/2023\/11\/TAB1_HP11_s43-120x65.png 120w, https:\/\/medizinonline.com\/wp-content\/uploads\/2023\/11\/TAB1_HP11_s43-90x49.png 90w, https:\/\/medizinonline.com\/wp-content\/uploads\/2023\/11\/TAB1_HP11_s43-320x174.png 320w, https:\/\/medizinonline.com\/wp-content\/uploads\/2023\/11\/TAB1_HP11_s43-560x305.png 560w, https:\/\/medizinonline.com\/wp-content\/uploads\/2023\/11\/TAB1_HP11_s43-240x131.png 240w, https:\/\/medizinonline.com\/wp-content\/uploads\/2023\/11\/TAB1_HP11_s43-180x98.png 180w, https:\/\/medizinonline.com\/wp-content\/uploads\/2023\/11\/TAB1_HP11_s43-640x349.png 640w, https:\/\/medizinonline.com\/wp-content\/uploads\/2023\/11\/TAB1_HP11_s43-1120x610.png 1120w\" sizes=\"(max-width: 1474px) 100vw, 1474px\" \/><\/a><\/figure>\n<\/div>\n<p>Literatura:<\/p>\n\n<ol class=\"wp-block-list\">\n<li>Karna B, Sankari A, Tatikonda G: Sleep Disorder. StatPearls [Internet], StatPearls Publishing; Treasure Island, FL, USA: 2022. <\/li>\n\n\n\n<li>R\u00e9mi J, et al.: Sleep-Related Disorders in Neurology and Psychiatry. Dtsch Arztebl Int 2019; 116: 681\u2013688.<\/li>\n\n\n\n<li>International Classification of Diseases: ICD-10-GM-2023, <a href=\"http:\/\/www.icd-code.de\" target=\"_blank\" rel=\"noopener\">www.icd-code.de<\/a>, (letzter Abruf 02.11.2023) <\/li>\n\n\n\n<li>Arzneimittelinformation, <a href=\"http:\/\/www.swissmedicinfo.ch\" target=\"_blank\" rel=\"noopener\">www.swissmedicinfo.ch<\/a>, (letzter Abruf 02.11.2023)<\/li>\n\n\n\n<li>M\u00f6ller HJ, et al.: Efficacy of Silexan in subthreshold anxiety: Meta-analysis of randomised, placebo-controlled trials. Eur Arch Psychiatry Clin Neurosci 2019; 269: 183\u2013193.<\/li>\n\n\n\n<li>Yap WS, et al.: Efficacy and safety of lavender essential oil (Silexan) capsules among patients suffering from anxiety disorders: A network meta-analysis. Sci Rep 2019; 9: 18042. <\/li>\n\n\n\n<li>Kasper S, et al.: Silexan in anxiety disorders: Clinical data and pharmacological background. World J Biol Psychiatry 2018; 19: 412\u2013420.<\/li>\n\n\n\n<li>Seifritz E, Schl\u00e4fke S, Holsboer-Trachsler E: Beneficial effects of Silexan on sleep are mediated by its anxiolytic effect. J Psychiatry Res 2019; 115: 69. <\/li>\n\n\n\n<li>Kr\u00fcger T, Becker EM, Kostev K: Prescription of Silexan Is Associated with Less Frequent General Practitioner Repeat Consultations Due to Disturbed Sleep Compared to Benzodiazepine Receptor Agonists: A Retrospective Database Analysis. Healthcare (Basel). 2022 Dec 27; 11(1): 77.<\/li>\n\n\n\n<li>Riemann D, et al.: S3-Leitlinie Nicht erholsamer Schlaf\/Schlafst\u00f6rungen. Somnologie 2017; 21: 2\u201344. <\/li>\n\n\n\n<li>Carbone EA, et al.: Sleep Disturbances in Generalized Anxiety Disorder: The Role of Calcium Homeostasis Imbalance. Int J Environ Res Public Health 2023 Mar 1; 20(5): 4431.<\/li>\n<\/ol>\n\n<p><\/p>\n\n<p class=\"has-small-font-size\"><em>HAUSARZT PRAXIS 2023; 18(11): 41<\/em><\/p>\n","protected":false},"excerpt":{"rendered":"<p>De um estudo de coorte retrospetivo publicado em 2023 por Kr\u00fcgeret al. mostra que os pacientes submetidos a um tratamento m\u00e9dico de perturba\u00e7\u00f5es do sono necessitaram de menos consultas de&hellip;<\/p>\n","protected":false},"author":7,"featured_media":258826,"comment_status":"closed","ping_status":"closed","sticky":false,"template":"","format":"standard","meta":{"_acf_changed":false,"pmpro_default_level":"","cat_1_feature_home_top":false,"cat_2_editor_pick":false,"csco_eyebrow_text":"Tratamento das perturba\u00e7\u00f5es do sono  ","footnotes":""},"category":[11521,11459,11305,11481,11551],"tags":[72597,72592,72596,72591,72589,72590,72593,72595,18710,72594,72588],"powerkit_post_featured":[],"class_list":["post-370366","post","type-post","status-publish","format-standard","has-post-thumbnail","category-estudos","category-medicina-farmaceutica-pt-pt","category-medicina-interna-geral","category-psiquiatria-e-psicoterapia","category-rx-pt","tag-agente-fitoterapeutico-pt-pt","tag-ansiolitico-pt-pt","tag-bem-tolerado","tag-consultas-de-acompanhamento","tag-estudo-de-coorte-retrospetivo","tag-krueger-et-al-pt-pt","tag-medicamento-fitoterapeutico-pt-pt","tag-oleo-de-lavanda","tag-perturbacoes-do-sono","tag-sintomas-de-ansiedade-pt-pt","tag-z-drogas","pmpro-has-access"],"acf":[],"publishpress_future_action":{"enabled":false,"date":"2026-05-05 18:43:56","action":"change-status","newStatus":"draft","terms":[],"taxonomy":"category","extraData":[]},"publishpress_future_workflow_manual_trigger":{"enabledWorkflows":[]},"wpml_current_locale":"pt_PT","wpml_translations":{"es_ES":{"locale":"es_ES","id":370340,"slug":"el-preparado-de-aceite-de-lavanda-y-los-medicamentos-z-en-comparacion-retrospectiva","post_title":"El preparado de aceite de lavanda y los \"medicamentos Z\" en comparaci\u00f3n retrospectiva","href":"https:\/\/medizinonline.com\/es\/el-preparado-de-aceite-de-lavanda-y-los-medicamentos-z-en-comparacion-retrospectiva\/"}},"_links":{"self":[{"href":"https:\/\/medizinonline.com\/pt-pt\/wp-json\/wp\/v2\/posts\/370366","targetHints":{"allow":["GET"]}}],"collection":[{"href":"https:\/\/medizinonline.com\/pt-pt\/wp-json\/wp\/v2\/posts"}],"about":[{"href":"https:\/\/medizinonline.com\/pt-pt\/wp-json\/wp\/v2\/types\/post"}],"author":[{"embeddable":true,"href":"https:\/\/medizinonline.com\/pt-pt\/wp-json\/wp\/v2\/users\/7"}],"replies":[{"embeddable":true,"href":"https:\/\/medizinonline.com\/pt-pt\/wp-json\/wp\/v2\/comments?post=370366"}],"version-history":[{"count":2,"href":"https:\/\/medizinonline.com\/pt-pt\/wp-json\/wp\/v2\/posts\/370366\/revisions"}],"predecessor-version":[{"id":373387,"href":"https:\/\/medizinonline.com\/pt-pt\/wp-json\/wp\/v2\/posts\/370366\/revisions\/373387"}],"wp:featuredmedia":[{"embeddable":true,"href":"https:\/\/medizinonline.com\/pt-pt\/wp-json\/wp\/v2\/media\/258826"}],"wp:attachment":[{"href":"https:\/\/medizinonline.com\/pt-pt\/wp-json\/wp\/v2\/media?parent=370366"}],"wp:term":[{"taxonomy":"category","embeddable":true,"href":"https:\/\/medizinonline.com\/pt-pt\/wp-json\/wp\/v2\/category?post=370366"},{"taxonomy":"post_tag","embeddable":true,"href":"https:\/\/medizinonline.com\/pt-pt\/wp-json\/wp\/v2\/tags?post=370366"},{"taxonomy":"powerkit_post_featured","embeddable":true,"href":"https:\/\/medizinonline.com\/pt-pt\/wp-json\/wp\/v2\/powerkit_post_featured?post=370366"}],"curies":[{"name":"wp","href":"https:\/\/api.w.org\/{rel}","templated":true}]}}