{"id":372741,"date":"2024-01-29T14:00:00","date_gmt":"2024-01-29T13:00:00","guid":{"rendered":"https:\/\/medizinonline.com\/?p=372741"},"modified":"2023-12-18T13:44:13","modified_gmt":"2023-12-18T12:44:13","slug":"promover-a-transformacao-digital-no-sector-da-saude","status":"publish","type":"post","link":"https:\/\/medizinonline.com\/pt-pt\/promover-a-transformacao-digital-no-sector-da-saude\/","title":{"rendered":"Promover a transforma\u00e7\u00e3o digital no sector da sa\u00fade"},"content":{"rendered":"\n<p><strong>A digitaliza\u00e7\u00e3o continua a avan\u00e7ar. O DigiSant\u00e9, um programa de EDI para promover a transforma\u00e7\u00e3o digital, foi agora lan\u00e7ado para garantir que o sector da sa\u00fade n\u00e3o perde a oportunidade. Est\u00e1 a ser desenvolvido em nome do Conselho Federal e ser\u00e1 formulado pelo FOPH e pelo FSO numa fase inicial at\u00e9 ao final de 2024 e depois implementado at\u00e9 ao final de 2034.<\/strong><\/p>\n\n<!--more-->\n\n<p><em>(vermelho)<\/em>  A Su\u00ed\u00e7a possui um dos sistemas de sa\u00fade de melhor qualidade do mundo. No entanto, ao contr\u00e1rio de outras \u00e1reas da vida, a digitaliza\u00e7\u00e3o no sector da sa\u00fade est\u00e1 muito menos avan\u00e7ada. Por exemplo, os dados que foram introduzidos uma vez t\u00eam de ser introduzidos novamente e n\u00e3o podem ser utilizados para fins diferentes. N\u00e3o existe uma estrat\u00e9gia conjunta e alargada para todas as partes interessadas. O Conselho Federal e o Parlamento reconheceram as defici\u00eancias. O Parlamento apresentou v\u00e1rias propostas de resolu\u00e7\u00e3o sobre diferentes temas relacionados com a digitaliza\u00e7\u00e3o. Em 4 de maio de 2022, o Conselho Federal encarregou o Departamento Federal dos Assuntos Internos (FDHA) de elaborar um programa para promover a transforma\u00e7\u00e3o digital no sector da sa\u00fade, em coopera\u00e7\u00e3o e coordena\u00e7\u00e3o com outros organismos da administra\u00e7\u00e3o federal. O Conselho Federal apresentou ao Parlamento, num despacho de 22 de novembro de 2023, a autoriza\u00e7\u00e3o de cr\u00e9dito necess\u00e1ria para a execu\u00e7\u00e3o.<\/p>\n\n<p>O programa DigiSant\u00e9 tem como objetivo recuperar o atraso da Su\u00ed\u00e7a na digitaliza\u00e7\u00e3o do sistema de sa\u00fade at\u00e9 2034. O ponto de partida do programa \u00e9 a vis\u00e3o de um sistema de sa\u00fade digital, que se baseia na estrat\u00e9gia &#8220;Sa\u00fade 2030&#8221;. Com o DigiSant\u00e9, o Conselho Federal pretende melhorar a qualidade dos cuidados de sa\u00fade, especialmente para os doentes. O objetivo \u00e9 tamb\u00e9m uma maior efici\u00eancia para todos. Para tal, \u00e9 necess\u00e1rio um interc\u00e2mbio ininterrupto de dados para efeitos de tratamento, fatura\u00e7\u00e3o, investiga\u00e7\u00e3o e administra\u00e7\u00e3o. Para tal, \u00e9 necess\u00e1ria uma melhor normaliza\u00e7\u00e3o. Ao mesmo tempo, a prote\u00e7\u00e3o dos dados, a autodetermina\u00e7\u00e3o informativa e a ciberseguran\u00e7a devem ser garantidas e o acesso aos dados de sa\u00fade deve ser claramente regulamentado por lei. Al\u00e9m disso, a utiliza\u00e7\u00e3o secund\u00e1ria dos dados de sa\u00fade resultantes para planeamento, gest\u00e3o e investiga\u00e7\u00e3o deve ser facilitada no \u00e2mbito dos requisitos legais.<\/p>\n\n<p>Os objectivos do programa t\u00eam em conta o contexto espec\u00edfico do sistema de sa\u00fade su\u00ed\u00e7o. O DigiSant\u00e9 deve tamb\u00e9m utilizar os efeitos de sinergia com projectos existentes, como o dossier eletr\u00f3nico do doente (EPD). Os desenvolvimentos internacionais s\u00e3o igualmente analisados e tidos em conta, sempre que necess\u00e1rio e adequado, aquando da implementa\u00e7\u00e3o do DigiSant\u00e9. Os quatro objectivos estrat\u00e9gicos s\u00e3o a digitaliza\u00e7\u00e3o, a orquestra\u00e7\u00e3o, a normaliza\u00e7\u00e3o e a ancoragem. Prev\u00ea-se que o programa inclua cerca de 50 projectos diferentes. Estes v\u00e3o desde projectos legislativos e desenvolvimento de software at\u00e9 ao desenvolvimento de especifica\u00e7\u00f5es coordenadas a n\u00edvel nacional para normaliza\u00e7\u00e3o. Trata-se de projectos para os quais j\u00e1 existem mandatos da popula\u00e7\u00e3o, do Parlamento ou do Conselho Federal. O programa est\u00e1 estreitamente coordenado com os projectos de promo\u00e7\u00e3o da utiliza\u00e7\u00e3o e gest\u00e3o de dados liderados pelo FSO e com as outras medidas de aplica\u00e7\u00e3o da Estrat\u00e9gia para a Su\u00ed\u00e7a Digital. Para atingir o objetivo, ser\u00e3o desenvolvidas estrat\u00e9gias de solu\u00e7\u00f5es tem\u00e1ticas no per\u00edodo 2023-2024 e implementadas por fases a partir de 2025.<\/p>\n\n<p><em>Fonte: <a href=\"http:\/\/www.bag.admin.ch\/bag\/de\/home\/strategie-und-politik\/nationale-gesundheitsstrategien\/digisante.html\" target=\"_blank\" rel=\"noopener\">www.bag.admin.ch\/bag\/de\/home\/strategie-und-politik\/nationale-gesundheitsstrategien\/digisante.html<\/a> (\u00faltimo acesso em 04\/12\/2023).<\/em><\/p>\n\n<p><\/p>\n\n<p class=\"has-small-font-size\"><em>InFo ONCOLOGY &amp; HEMATOLOGY 2023; 11(6): 44<\/em><\/p>\n","protected":false},"excerpt":{"rendered":"<p>A digitaliza\u00e7\u00e3o continua a avan\u00e7ar. O DigiSant\u00e9, um programa de EDI para promover a transforma\u00e7\u00e3o digital, foi agora lan\u00e7ado para garantir que o sector da sa\u00fade n\u00e3o perde a oportunidade.&hellip;<\/p>\n","protected":false},"author":7,"featured_media":372745,"comment_status":"closed","ping_status":"closed","sticky":false,"template":"","format":"standard","meta":{"_acf_changed":false,"pmpro_default_level":"","cat_1_feature_home_top":false,"cat_2_editor_pick":false,"csco_eyebrow_text":"Digitaliza\u00e7\u00e3o","footnotes":""},"category":[11524,11305,11474,11551],"tags":[15594,14193,73702],"powerkit_post_featured":[],"class_list":["post-372741","post","type-post","status-publish","format-standard","has-post-thumbnail","category-formacao-continua","category-medicina-interna-geral","category-prevencao-e-cuidados-de-saude","category-rx-pt","tag-cuidados-de-saude","tag-digitalizacao","tag-transformacao","pmpro-has-access"],"acf":[],"publishpress_future_action":{"enabled":false,"date":"2026-05-09 05:31:05","action":"change-status","newStatus":"draft","terms":[],"taxonomy":"category","extraData":[]},"publishpress_future_workflow_manual_trigger":{"enabledWorkflows":[]},"wpml_current_locale":"pt_PT","wpml_translations":{"es_ES":{"locale":"es_ES","id":372749,"slug":"promover-la-transformacion-digital-en-el-sector-sanitario","post_title":"Promover la transformaci\u00f3n digital en el sector sanitario","href":"https:\/\/medizinonline.com\/es\/promover-la-transformacion-digital-en-el-sector-sanitario\/"}},"_links":{"self":[{"href":"https:\/\/medizinonline.com\/pt-pt\/wp-json\/wp\/v2\/posts\/372741","targetHints":{"allow":["GET"]}}],"collection":[{"href":"https:\/\/medizinonline.com\/pt-pt\/wp-json\/wp\/v2\/posts"}],"about":[{"href":"https:\/\/medizinonline.com\/pt-pt\/wp-json\/wp\/v2\/types\/post"}],"author":[{"embeddable":true,"href":"https:\/\/medizinonline.com\/pt-pt\/wp-json\/wp\/v2\/users\/7"}],"replies":[{"embeddable":true,"href":"https:\/\/medizinonline.com\/pt-pt\/wp-json\/wp\/v2\/comments?post=372741"}],"version-history":[{"count":1,"href":"https:\/\/medizinonline.com\/pt-pt\/wp-json\/wp\/v2\/posts\/372741\/revisions"}],"predecessor-version":[{"id":372746,"href":"https:\/\/medizinonline.com\/pt-pt\/wp-json\/wp\/v2\/posts\/372741\/revisions\/372746"}],"wp:featuredmedia":[{"embeddable":true,"href":"https:\/\/medizinonline.com\/pt-pt\/wp-json\/wp\/v2\/media\/372745"}],"wp:attachment":[{"href":"https:\/\/medizinonline.com\/pt-pt\/wp-json\/wp\/v2\/media?parent=372741"}],"wp:term":[{"taxonomy":"category","embeddable":true,"href":"https:\/\/medizinonline.com\/pt-pt\/wp-json\/wp\/v2\/category?post=372741"},{"taxonomy":"post_tag","embeddable":true,"href":"https:\/\/medizinonline.com\/pt-pt\/wp-json\/wp\/v2\/tags?post=372741"},{"taxonomy":"powerkit_post_featured","embeddable":true,"href":"https:\/\/medizinonline.com\/pt-pt\/wp-json\/wp\/v2\/powerkit_post_featured?post=372741"}],"curies":[{"name":"wp","href":"https:\/\/api.w.org\/{rel}","templated":true}]}}