{"id":373641,"date":"2024-01-08T13:12:04","date_gmt":"2024-01-08T12:12:04","guid":{"rendered":"https:\/\/medizinonline.com\/sera-que-o-bom-ainda-e-suficiente-para-si-e-para-os-seus-doentes-com-da-aumentar-o-padrao-de-tratamento-da-dermatite-atopica\/"},"modified":"2024-01-12T09:58:55","modified_gmt":"2024-01-12T08:58:55","slug":"sera-que-o-bom-ainda-e-suficiente-para-si-e-para-os-seus-doentes-com-da-aumentar-o-padrao-de-tratamento-da-dermatite-atopica","status":"publish","type":"post","link":"https:\/\/medizinonline.com\/pt-pt\/sera-que-o-bom-ainda-e-suficiente-para-si-e-para-os-seus-doentes-com-da-aumentar-o-padrao-de-tratamento-da-dermatite-atopica\/","title":{"rendered":"Ser\u00e1 que o bom ainda \u00e9 suficiente para si e para os seus doentes com DA? Aumentar o padr\u00e3o de tratamento da dermatite at\u00f3pica"},"content":{"rendered":"\n<p><strong>Temos o prazer de o convidar para a nossa exposi\u00e7\u00e3o itinerante sobre dermatite at\u00f3pica (DA). A exposi\u00e7\u00e3o itinerante ter\u00e1 lugar de 5 a 8 de fevereiro de 2024, com a presen\u00e7a do especialista Professor Jonathan Silverberg (Universidade George Washington, Washington, DC, EUA).<\/strong><\/p>\n\n<!--more-->\n\n<p>A exposi\u00e7\u00e3o itinerante consistir\u00e1 numa s\u00e9rie de cinco eventos em Zurique, Genebra, Berna, Basileia, Lausana e St. O nosso convidado, o Professor Jonathan Silverberg, \u00e9 um especialista de renome no dom\u00ednio da doen\u00e7a de Alzheimer. Ir\u00e1 partilhar a sua vasta experi\u00eancia neste dom\u00ednio e falar sobre a forma de elevar os padr\u00f5es de tratamento para encontrar a melhor terapia para todos os doentes. A exposi\u00e7\u00e3o itinerante \u00e9 uma excelente oportunidade para ficar a saber mais sobre os \u00faltimos avan\u00e7os no tratamento da doen\u00e7a de Alzheimer. Assista ao v\u00eddeo para ver os destaques do nosso RoADshow pelo pr\u00f3prio especialista.<\/p>\n\n<figure class=\"wp-block-embed is-type-video is-provider-vimeo wp-block-embed-vimeo wp-embed-aspect-16-9 wp-has-aspect-ratio\"><div class=\"wp-block-embed__wrapper\">\n<iframe title=\"Teaser_Freigabenummer_231130\" data-src=\"https:\/\/player.vimeo.com\/video\/896489291?dnt=1&amp;app_id=122963\" width=\"1160\" height=\"653\" frameborder=\"0\" allow=\"autoplay; fullscreen; picture-in-picture\" src=\"data:image\/svg+xml;base64,PHN2ZyB3aWR0aD0iMSIgaGVpZ2h0PSIxIiB4bWxucz0iaHR0cDovL3d3dy53My5vcmcvMjAwMC9zdmciPjwvc3ZnPg==\" class=\"lazyload\" data-load-mode=\"1\"><\/iframe>\n<\/div><\/figure>\n\n<p>Esperamos sinceramente que possa visitar-nos num dos nossos eventos ou participar virtualmente. Pode encontrar o calend\u00e1rio completo e informa\u00e7\u00f5es sobre as inscri\u00e7\u00f5es no nosso s\u00edtio Web <a href=\"http:\/\/www.roadshowad.ch\/\" target=\"_blank\" rel=\"noopener\">www.roadshowad.ch.<\/a><\/p>\n\n<p>Cordiais cumprimentos<br\/>AbbVie Dermatologia<\/p>\n\n<p>CH-RNQD-230067_12\/2023<\/p>\n\n<p>Este artigo foi publicado em alem\u00e3o.<\/p>\n\n<p>Contribui\u00e7\u00e3o em linha desde 08.01.2024<\/p>\n\n<p>Este artigo foi produzido com o apoio financeiro da AbbVie AG, Alte Steinhauserstrasse 14, Cham.<\/p>\n","protected":false},"excerpt":{"rendered":"<p>Temos o prazer de o convidar para a nossa exposi\u00e7\u00e3o itinerante sobre dermatite at\u00f3pica (DA). A exposi\u00e7\u00e3o itinerante ter\u00e1 lugar de 5 a 8 de fevereiro de 2024, com a&hellip;<\/p>\n","protected":false},"author":14,"featured_media":373646,"comment_status":"closed","ping_status":"closed","sticky":false,"template":"","format":"standard","meta":{"_acf_changed":false,"pmpro_default_level":"","cat_1_feature_home_top":false,"cat_2_editor_pick":false,"csco_eyebrow_text":"Roadshow sobre Dermatite At\u00f3pica | 5 - 8 fevereiro | Jonathan Silverberg","footnotes":""},"category":[11339,11356,11551],"tags":[11654],"powerkit_post_featured":[],"class_list":["post-373641","post","type-post","status-publish","format-standard","has-post-thumbnail","category-conteudo-do-parceiro","category-dermatologia-e-venereologia-pt-pt","category-rx-pt","tag-noticias-sobre-dermatite-atopica-e-psoriase","pmpro-has-access"],"acf":[],"publishpress_future_action":{"enabled":false,"date":"2026-05-07 10:02:55","action":"change-status","newStatus":"draft","terms":[],"taxonomy":"category","extraData":[]},"publishpress_future_workflow_manual_trigger":{"enabledWorkflows":[]},"wpml_current_locale":"pt_PT","wpml_translations":{"es_ES":{"locale":"es_ES","id":373642,"slug":"sigue-siendo-lo-suficientemente-bueno-para-usted-y-sus-pacientes-con-ea-elevar-el-nivel-de-tratamiento-de-la-dermatitis-atopica","post_title":"\u00bfSigue siendo lo suficientemente bueno para usted y sus pacientes con EA? Elevar el nivel de tratamiento de la dermatitis at\u00f3pica","href":"https:\/\/medizinonline.com\/es\/sigue-siendo-lo-suficientemente-bueno-para-usted-y-sus-pacientes-con-ea-elevar-el-nivel-de-tratamiento-de-la-dermatitis-atopica\/"}},"_links":{"self":[{"href":"https:\/\/medizinonline.com\/pt-pt\/wp-json\/wp\/v2\/posts\/373641","targetHints":{"allow":["GET"]}}],"collection":[{"href":"https:\/\/medizinonline.com\/pt-pt\/wp-json\/wp\/v2\/posts"}],"about":[{"href":"https:\/\/medizinonline.com\/pt-pt\/wp-json\/wp\/v2\/types\/post"}],"author":[{"embeddable":true,"href":"https:\/\/medizinonline.com\/pt-pt\/wp-json\/wp\/v2\/users\/14"}],"replies":[{"embeddable":true,"href":"https:\/\/medizinonline.com\/pt-pt\/wp-json\/wp\/v2\/comments?post=373641"}],"version-history":[{"count":3,"href":"https:\/\/medizinonline.com\/pt-pt\/wp-json\/wp\/v2\/posts\/373641\/revisions"}],"predecessor-version":[{"id":373663,"href":"https:\/\/medizinonline.com\/pt-pt\/wp-json\/wp\/v2\/posts\/373641\/revisions\/373663"}],"wp:featuredmedia":[{"embeddable":true,"href":"https:\/\/medizinonline.com\/pt-pt\/wp-json\/wp\/v2\/media\/373646"}],"wp:attachment":[{"href":"https:\/\/medizinonline.com\/pt-pt\/wp-json\/wp\/v2\/media?parent=373641"}],"wp:term":[{"taxonomy":"category","embeddable":true,"href":"https:\/\/medizinonline.com\/pt-pt\/wp-json\/wp\/v2\/category?post=373641"},{"taxonomy":"post_tag","embeddable":true,"href":"https:\/\/medizinonline.com\/pt-pt\/wp-json\/wp\/v2\/tags?post=373641"},{"taxonomy":"powerkit_post_featured","embeddable":true,"href":"https:\/\/medizinonline.com\/pt-pt\/wp-json\/wp\/v2\/powerkit_post_featured?post=373641"}],"curies":[{"name":"wp","href":"https:\/\/api.w.org\/{rel}","templated":true}]}}