{"id":374691,"date":"2024-02-14T00:01:00","date_gmt":"2024-02-13T23:01:00","guid":{"rendered":"https:\/\/medizinonline.com\/?p=374691"},"modified":"2024-02-23T22:39:18","modified_gmt":"2024-02-23T21:39:18","slug":"gestao-eficaz-do-tratamento-a-luz-de-eventuais-comorbilidades","status":"publish","type":"post","link":"https:\/\/medizinonline.com\/pt-pt\/gestao-eficaz-do-tratamento-a-luz-de-eventuais-comorbilidades\/","title":{"rendered":"Gest\u00e3o eficaz do tratamento \u00e0 luz de eventuais comorbilidades"},"content":{"rendered":"\n<p><strong>Cerca de 80% dos casos de PHDA persistem na idade adulta. No entanto, apenas uma pequena parte dos adultos afectados \u00e9 diagnosticada, uma vez que os sintomas se alteram e as comorbilidades assumem frequentemente um papel central. Um modelo de tratamento eficaz \u00e9 multimodal e inclui psicoeduca\u00e7\u00e3o, psicoterapia e farmacoterapia.<\/strong><\/p>\n\n<!--more-->\n\n<p>Uma crian\u00e7a hiperactiva? Isso cresce! O que antes era a sabedoria convencional provou ser incorreto ao longo do tempo. Sabe-se agora que, embora a perturba\u00e7\u00e3o de d\u00e9fice de aten\u00e7\u00e3o e hiperatividade (PHDA) se manifeste na inf\u00e2ncia, permanece sintom\u00e1tica na maioria das pessoas afectadas na idade adulta devido a uma elevada tend\u00eancia para se tornar cr\u00f3nica, sendo que algumas necessitam tamb\u00e9m de tratamento cl\u00ednico. Nas crian\u00e7as e adolescentes, a preval\u00eancia situa-se entre os 3% e os 5%; nos adultos, pensa-se que 1-4% das pessoas afectadas s\u00e3o afectadas. Por conseguinte, a persist\u00eancia da perturba\u00e7\u00e3o do desenvolvimento \u00e9 de cerca de 80% [1\u20134].  <\/p>\n\n<h3 id=\"sem-perturbacoes-dos-tempos-modernos\" class=\"wp-block-heading\">Sem perturba\u00e7\u00f5es dos tempos modernos<\/h3>\n\n<p>Toda a gente associa a TDAH \u00e0 hist\u00f3ria do fidget spinner. Os primeiros problemas de comportamento na inf\u00e2ncia que correspondem \u00e0 PHDA ou \u00e0 perturba\u00e7\u00e3o hipercin\u00e9tica remontam a meados do s\u00e9culo XIX. Numa panor\u00e2mica hist\u00f3rica da PHDA neste contexto, \u00e9 feita refer\u00eancia aos trabalhos de Hoffmann, Maudsley, Bourneville, Clouston e Ireland, entre outros [5]. Kramer e Pollnow (1932) e Chess (1960), por exemplo, forneceram descri\u00e7\u00f5es m\u00e9dicas concetualmente avan\u00e7adas de perturba\u00e7\u00f5es hipercin\u00e9ticas na inf\u00e2ncia [6,7]. O facto de a perturba\u00e7\u00e3o poder continuar a manifestar-se na idade adulta deve-se, em grande parte, ao grupo de trabalho de Paul Wender, nos EUA, em meados da d\u00e9cada de 1970. Realizou os primeiros estudos sistem\u00e1ticos com pacientes adultos com TDAH, cujos resultados desempenharam um papel fundamental na defini\u00e7\u00e3o da nova abordagem [8,9].<\/p>\n\n<h3 id=\"doenca-frequentemente-mascarada\" class=\"wp-block-heading\">Doen\u00e7a frequentemente mascarada<\/h3>\n\n<p>No entanto, a PHDA dos adultos n\u00e3o \u00e9 frequentemente reconhecida. Os peritos estimam que muito menos de 20% dos doentes s\u00e3o oficialmente diagnosticados [10]. Isto deve-se a dois factores principais. Por um lado, existe uma altera\u00e7\u00e3o dependente da idade na tr\u00edade principal de sintomas da perturba\u00e7\u00e3o de d\u00e9fice de aten\u00e7\u00e3o, hiperatividade e impulsividade <strong>(Fig. 1)<\/strong> [11]:<\/p>\n\n<ul class=\"wp-block-list\">\n<li>Se a hiperactividade motora \u00e9 o foco principal na inf\u00e2ncia, este quadro transforma-se frequentemente em inquieta\u00e7\u00e3o interior \u00e0 medida que a crian\u00e7a cresce.<\/li>\n\n\n\n<li>O d\u00e9fice de aten\u00e7\u00e3o persiste. Persiste em 80% das pessoas afectadas. As dificuldades nesta \u00e1rea tornam-se ent\u00e3o evidentes, por exemplo, na organiza\u00e7\u00e3o do trabalho. <\/li>\n\n\n\n<li>A impulsividade diminui em 40% dos doentes, mas continua a manifestar-se frequentemente atrav\u00e9s de coment\u00e1rios inapropriados ou quando participam em ac\u00e7\u00f5es rodovi\u00e1rias.<\/li>\n\n\n\n<li>A desorganiza\u00e7\u00e3o e a desregulamenta\u00e7\u00e3o emocional aumentam frequentemente como sintomas adicionais no in\u00edcio da vida adulta. <\/li>\n<\/ul>\n\n<p>Assim, a hiperactividade que \u00e9 clinicamente vis\u00edvel na inf\u00e2ncia \u00e9 geralmente mais discreta ou modificada nos adultos, por exemplo como o balan\u00e7o nervoso do p\u00e9 ou o bater dos dedos em fases de inactividade for\u00e7ada. Muitos doentes vivem situa\u00e7\u00f5es como voos de longo curso, idas ao cinema\/teatro com um elevado n\u00edvel de tens\u00e3o interior devido \u00e0 restri\u00e7\u00e3o de movimentos e, por isso, tentam evit\u00e1-las na vida quotidiana. De acordo com as observa\u00e7\u00f5es cl\u00ednicas, n\u00e3o \u00e9 raro que uma forte vontade de fazer exerc\u00edcio se manifeste em desportos de resist\u00eancia extrema ou desportos de alto risco.<\/p>\n<div class=\"wp-block-image\">\n<figure class=\"aligncenter size-full is-resized\"><a href=\"https:\/\/medizinonline.com\/wp-content\/uploads\/2024\/02\/abb1_NP1_s12.png\"><img fetchpriority=\"high\" decoding=\"async\" width=\"1278\" height=\"762\" src=\"https:\/\/medizinonline.com\/wp-content\/uploads\/2024\/02\/abb1_NP1_s12.png\" alt=\"\" class=\"wp-image-374462\" style=\"width:500px\" srcset=\"https:\/\/medizinonline.com\/wp-content\/uploads\/2024\/02\/abb1_NP1_s12.png 1278w, https:\/\/medizinonline.com\/wp-content\/uploads\/2024\/02\/abb1_NP1_s12-800x477.png 800w, https:\/\/medizinonline.com\/wp-content\/uploads\/2024\/02\/abb1_NP1_s12-1160x692.png 1160w, https:\/\/medizinonline.com\/wp-content\/uploads\/2024\/02\/abb1_NP1_s12-120x72.png 120w, https:\/\/medizinonline.com\/wp-content\/uploads\/2024\/02\/abb1_NP1_s12-90x54.png 90w, https:\/\/medizinonline.com\/wp-content\/uploads\/2024\/02\/abb1_NP1_s12-320x191.png 320w, https:\/\/medizinonline.com\/wp-content\/uploads\/2024\/02\/abb1_NP1_s12-560x334.png 560w, https:\/\/medizinonline.com\/wp-content\/uploads\/2024\/02\/abb1_NP1_s12-240x143.png 240w, https:\/\/medizinonline.com\/wp-content\/uploads\/2024\/02\/abb1_NP1_s12-180x107.png 180w, https:\/\/medizinonline.com\/wp-content\/uploads\/2024\/02\/abb1_NP1_s12-640x382.png 640w, https:\/\/medizinonline.com\/wp-content\/uploads\/2024\/02\/abb1_NP1_s12-1120x668.png 1120w\" sizes=\"(max-width: 1278px) 100vw, 1278px\" \/><\/a><\/figure>\n<\/div>\n<h3 id=\"aumento-do-risco-de-acidentes-em-doentes-nao-tratados\" class=\"wp-block-heading\">Aumento do risco de acidentes em doentes n\u00e3o tratados<\/h3>\n\n<p>A este facto acresce o facto de a PHDA em adultos estar associada a um risco 143% maior de acidentes [12]. A probabilidade de sofrer um acidente de via\u00e7\u00e3o sozinho \u00e9 tr\u00eas vezes superior [13]. As estimativas levam a concluir que cerca de 22% de todos os acidentes de via\u00e7\u00e3o poderiam ter sido evitados se as pessoas afectadas tivessem recebido tratamento adequado, incluindo tratamento farmacol\u00f3gico [14]. Para al\u00e9m do d\u00e9fice de aten\u00e7\u00e3o e da distractibilidade, os factores de risco causadores de acidentes incluem um tempo de reac\u00e7\u00e3o mais lento e uma sobrestima\u00e7\u00e3o das capacidades de condu\u00e7\u00e3o devido a uma auto-consciencializa\u00e7\u00e3o limitada [15]. Um estudo investigou a preval\u00eancia de TDAH adulta numa popula\u00e7\u00e3o de v\u00edtimas de acidentes em dois hospitais de trauma [16]. Os resultados mostram que as pessoas com AHDS estavam significativamente sobre-representadas entre as v\u00edtimas de acidentes. No entanto, apenas 17% das pessoas afectadas j\u00e1 tinham conhecimento da doen\u00e7a. Destes, apenas um ter\u00e7o foi tratado farmacologicamente.<\/p>\n\n<h3 id=\"quando-falta-a-atencao\" class=\"wp-block-heading\">Quando falta a aten\u00e7\u00e3o<\/h3>\n\n<p>A aten\u00e7\u00e3o e concentra\u00e7\u00e3o deficientes tornam-se frequentemente aparentes quando adultos afectados descrevem problemas na sua vida quotidiana (de trabalho). Devido a um elevado n\u00edvel de distractibilidade e abertura aos est\u00edmulos, pode haver dificuldades na organiza\u00e7\u00e3o dos processos, bem como no planeamento e estrutura\u00e7\u00e3o do trabalho a ser feito. Consequentemente, o comportamento global do trabalho caracteriza-se frequentemente pela inefici\u00eancia e m\u00e1 gest\u00e3o do tempo. Os problemas de concentra\u00e7\u00e3o podem provocar erros no local de trabalho e, de um modo geral, prejudicar o seu desempenho profissional. A falta de controlo dos impulsos pode tamb\u00e9m causar problemas \u00e0s pessoas afectadas no trabalho, mas tamb\u00e9m nas suas rela\u00e7\u00f5es, fam\u00edlia e ambiente social. O comportamento t\u00edpico aqui \u00e9 interferir em conversas sem ser perguntado e uma tend\u00eancia para agir espontaneamente sem pensar atrav\u00e9s de [17].<\/p>\n\n<h3 id=\"as-comorbidades-dominam-frequentemente\" class=\"wp-block-heading\">As comorbidades dominam frequentemente<\/h3>\n\n<p>A segunda raz\u00e3o pela qual a PHDA dos adultos \u00e9 frequentemente ignorada \u00e9 a poss\u00edvel presen\u00e7a de co-morbilidades. O TDAH raramente ocorre como uma doen\u00e7a isolada na pr\u00e1tica psiqui\u00e1trica de adultos. Em cerca de quatro em cada cinco pessoas afectadas, o quadro cl\u00ednico \u00e9 total ou parcialmente sobreposto por pelo menos uma outra doen\u00e7a mental [18]. Um estudo observacional multic\u00eantrico com adultos mostrou que as comorbilidades s\u00e3o a regra e n\u00e3o a exce\u00e7\u00e3o nos doentes adultos com PHDA: Na altura do diagn\u00f3stico da PHDA, a morbilidade psiqui\u00e1trica era de 66,2%, sendo os homens mais afectados [19]. As comorbilidades mais comuns da PHDA em adultos incluem<strong> (Fig. 2)<\/strong> [18]:<\/p>\n\n<ul class=\"wp-block-list\">\n<li>Perturba\u00e7\u00f5es viciantes<\/li>\n\n\n\n<li>Perturba\u00e7\u00f5es de ansiedade<\/li>\n\n\n\n<li>Perturba\u00e7\u00f5es afectivas como a depress\u00e3o, a mania ou a bipolaridade.<\/li>\n<\/ul>\n<div class=\"wp-block-image\">\n<figure class=\"aligncenter size-full is-resized\"><a href=\"https:\/\/medizinonline.com\/wp-content\/uploads\/2024\/02\/abb2_NP1_s13.png\"><img decoding=\"async\" width=\"1792\" height=\"1350\" data-src=\"https:\/\/medizinonline.com\/wp-content\/uploads\/2024\/02\/abb2_NP1_s13.png\" alt=\"\" class=\"wp-image-374465 lazyload\" style=\"--smush-placeholder-width: 1792px; --smush-placeholder-aspect-ratio: 1792\/1350;width:500px\" data-srcset=\"https:\/\/medizinonline.com\/wp-content\/uploads\/2024\/02\/abb2_NP1_s13.png 1792w, https:\/\/medizinonline.com\/wp-content\/uploads\/2024\/02\/abb2_NP1_s13-800x603.png 800w, https:\/\/medizinonline.com\/wp-content\/uploads\/2024\/02\/abb2_NP1_s13-1160x874.png 1160w, https:\/\/medizinonline.com\/wp-content\/uploads\/2024\/02\/abb2_NP1_s13-320x240.png 320w, https:\/\/medizinonline.com\/wp-content\/uploads\/2024\/02\/abb2_NP1_s13-300x225.png 300w, https:\/\/medizinonline.com\/wp-content\/uploads\/2024\/02\/abb2_NP1_s13-120x90.png 120w, https:\/\/medizinonline.com\/wp-content\/uploads\/2024\/02\/abb2_NP1_s13-90x68.png 90w, https:\/\/medizinonline.com\/wp-content\/uploads\/2024\/02\/abb2_NP1_s13-560x422.png 560w, https:\/\/medizinonline.com\/wp-content\/uploads\/2024\/02\/abb2_NP1_s13-240x180.png 240w, https:\/\/medizinonline.com\/wp-content\/uploads\/2024\/02\/abb2_NP1_s13-180x136.png 180w, https:\/\/medizinonline.com\/wp-content\/uploads\/2024\/02\/abb2_NP1_s13-640x482.png 640w, https:\/\/medizinonline.com\/wp-content\/uploads\/2024\/02\/abb2_NP1_s13-1120x844.png 1120w, https:\/\/medizinonline.com\/wp-content\/uploads\/2024\/02\/abb2_NP1_s13-1600x1205.png 1600w\" data-sizes=\"(max-width: 1792px) 100vw, 1792px\" src=\"data:image\/svg+xml;base64,PHN2ZyB3aWR0aD0iMSIgaGVpZ2h0PSIxIiB4bWxucz0iaHR0cDovL3d3dy53My5vcmcvMjAwMC9zdmciPjwvc3ZnPg==\" \/><\/a><\/figure>\n<\/div>\n<p>A rela\u00e7\u00e3o etiol\u00f3gica exacta entre a TDAH e estas comorbidades n\u00e3o \u00e9 conhecida. No entanto, presume-se que a TDAH como doen\u00e7a pedi\u00e1trica se manifesta geralmente no tempo antes da doen\u00e7a comorbida. Uma comorbidade psicol\u00f3gica poderia ent\u00e3o desenvolver-se secundariamente, por exemplo como resultado de muitos anos de experi\u00eancias negativas e frustra\u00e7\u00f5es causadas pela TDAH. Os esfor\u00e7os de adapta\u00e7\u00e3o que consomem energia poder\u00e3o tamb\u00e9m desempenhar um papel importante. Para cobrir os d\u00e9fices, os afectados recorrem a mecanismos de compensa\u00e7\u00e3o que, no entanto, custam muita energia a longo prazo. Isto deve-se ao facto de os c\u00e9rebros das pessoas com TDAH filtrarem a informa\u00e7\u00e3o de forma menos autom\u00e1tica do que os das pessoas saud\u00e1veis. O excesso de informa\u00e7\u00e3o pode ent\u00e3o conduzir \u00e0 incerteza e \u00e0 perfei\u00e7\u00e3o compensat\u00f3ria. Por conseguinte, os doentes com TDAH encontram-se mais frequentemente em situa\u00e7\u00f5es de stress, o que pode desencadear stress. A combina\u00e7\u00e3o de uma vulnerabilidade acrescida &#8211; como \u00e9 o caso da PHDA &#8211; e de um stress acrescido pode ent\u00e3o conduzir a uma doen\u00e7a depressiva. \u00c9 clinicamente relevante o facto de estas perturba\u00e7\u00f5es secund\u00e1rias desenvolverem uma din\u00e2mica ao longo do curso da doen\u00e7a e poderem dominar o quadro cl\u00ednico geral e mascarar a SDAH [20]. A preval\u00eancia estimada de depress\u00e3o em adultos com PHDA \u00e9 mais de nove vezes superior \u00e0 da coorte saud\u00e1vel [21]. Al\u00e9m disso, os sintomas de PHDA est\u00e3o associados a mais epis\u00f3dios, a comportamentos suicidas e a uma maior gravidade da depress\u00e3o [22].<\/p>\n\n<p>Poucos pacientes com depress\u00e3o, dist\u00farbio bipolar ou dist\u00farbio de ansiedade tamb\u00e9m recebem um diagn\u00f3stico de TDAH ao mesmo tempo. Uma das raz\u00f5es para tal \u00e9 o facto de muitos sintomas se sobreporem. O principal sintoma da depress\u00e3o, por exemplo, \u00e9 a perturba\u00e7\u00e3o emocional, incluindo tristeza, problemas de autoestima e perturba\u00e7\u00f5es do sono. A progress\u00e3o pode ir desde um epis\u00f3dio depressivo com remiss\u00e3o completa dos sintomas, passando por epis\u00f3dios recorrentes at\u00e9 um humor depressivo duradouro. A distimia \u00e9 frequentemente encontrada em doentes com PHDA e depress\u00e3o com\u00f3rbida. Uma autoimagem negativa, perturba\u00e7\u00f5es do sono ou desregula\u00e7\u00e3o emocional podem ser observadas em ambas as perturba\u00e7\u00f5es. Na maioria dos casos, os doentes s\u00e3o ent\u00e3o tratados para a depress\u00e3o, e a coexist\u00eancia da PHDA \u00e9 frequentemente ignorada. Isto pode ter um efeito negativo sobre o sucesso terap\u00eautico das comorbidades mencionadas. Se o tratamento da depress\u00e3o n\u00e3o surtir efeito, deve ser realizada uma investiga\u00e7\u00e3o mais detalhada no sentido da PHDA. Isto deve-se ao facto de o tratamento bem sucedido da doen\u00e7a subjacente poder tamb\u00e9m ajudar a melhorar as comorbilidades, melhorando os sintomas principais [23\u201325]. Sem um diagn\u00f3stico, as pessoas afectadas n\u00e3o t\u00eam acesso a tratamentos baseados em provas.<\/p>\n\n<h3 id=\"modelo-de-tratamento-multimodal\" class=\"wp-block-heading\">Modelo de tratamento multimodal<\/h3>\n\n<p>O tratamento deve ter em conta tanto os sintomas principais da PHDA como a presen\u00e7a de perturba\u00e7\u00f5es com\u00f3rbidas, pelo que deve ser geralmente multimodal. Isto inclui a utiliza\u00e7\u00e3o dos m\u00f3dulos terap\u00eauticos dispon\u00edveis de psicoeduca\u00e7\u00e3o, psicoterapia e farmacoterapia <strong>(Tabela 1)<\/strong>. Como parte do conceito de terapia, s\u00e3o sugeridas medidas n\u00e3o medicamentosas, como a educa\u00e7\u00e3o e a psicoeduca\u00e7\u00e3o, como base no in\u00edcio da terapia. Al\u00e9m disso, s\u00e3o recomendadas interven\u00e7\u00f5es psicoterap\u00eauticas, especialmente no caso dos problemas de auto-estima que est\u00e3o frequentemente presentes nas pessoas afectadas ou outras doen\u00e7as concomitantes [26]. O tratamento medicamentoso pode ser necess\u00e1rio para criar uma base neurobiol\u00f3gica que permita aos doentes aceder a outras medidas terap\u00eauticas, como a terapia comportamental. O objectivo de todas as interven\u00e7\u00f5es terap\u00eauticas \u00e9 alcan\u00e7ar a mais abrangente remiss\u00e3o de sintomas e restaura\u00e7\u00e3o do funcionamento psicossocial.<\/p>\n<div class=\"wp-block-image\">\n<figure class=\"aligncenter size-full is-resized\"><a href=\"https:\/\/medizinonline.com\/wp-content\/uploads\/2024\/02\/tab1_NP1_s14.png\"><img decoding=\"async\" width=\"1113\" height=\"1012\" data-src=\"https:\/\/medizinonline.com\/wp-content\/uploads\/2024\/02\/tab1_NP1_s14.png\" alt=\"\" class=\"wp-image-374466 lazyload\" style=\"--smush-placeholder-width: 1113px; --smush-placeholder-aspect-ratio: 1113\/1012;width:500px\" data-srcset=\"https:\/\/medizinonline.com\/wp-content\/uploads\/2024\/02\/tab1_NP1_s14.png 1113w, https:\/\/medizinonline.com\/wp-content\/uploads\/2024\/02\/tab1_NP1_s14-800x727.png 800w, https:\/\/medizinonline.com\/wp-content\/uploads\/2024\/02\/tab1_NP1_s14-120x109.png 120w, https:\/\/medizinonline.com\/wp-content\/uploads\/2024\/02\/tab1_NP1_s14-90x82.png 90w, https:\/\/medizinonline.com\/wp-content\/uploads\/2024\/02\/tab1_NP1_s14-320x291.png 320w, https:\/\/medizinonline.com\/wp-content\/uploads\/2024\/02\/tab1_NP1_s14-560x509.png 560w, https:\/\/medizinonline.com\/wp-content\/uploads\/2024\/02\/tab1_NP1_s14-240x218.png 240w, https:\/\/medizinonline.com\/wp-content\/uploads\/2024\/02\/tab1_NP1_s14-180x164.png 180w, https:\/\/medizinonline.com\/wp-content\/uploads\/2024\/02\/tab1_NP1_s14-640x582.png 640w\" data-sizes=\"(max-width: 1113px) 100vw, 1113px\" src=\"data:image\/svg+xml;base64,PHN2ZyB3aWR0aD0iMSIgaGVpZ2h0PSIxIiB4bWxucz0iaHR0cDovL3d3dy53My5vcmcvMjAwMC9zdmciPjwvc3ZnPg==\" \/><\/a><\/figure>\n<\/div>\n<h3 id=\"farmacoterapia-baseada-em-evidencias\" class=\"wp-block-heading\">Farmacoterapia baseada em evid\u00eancias<\/h3>\n\n<p>Durante muito tempo, n\u00e3o houve op\u00e7\u00f5es de tratamento farmacol\u00f3gico aprovadas para adultos em muitos pa\u00edses europeus. Atualmente, existem pelo menos tr\u00eas prepara\u00e7\u00f5es dispon\u00edveis: o padr\u00e3o de ouro metilfenidato (MPH) e a lisdexanfetamina (LDX) como estimulantes e a amotoxetina (ATX) como n\u00e3o estimulante. A prepara\u00e7\u00e3o a selecionar deve ser considerada numa base individual <strong>(Quadro 2, Quadro 3)<\/strong>. De acordo com a diretriz S3, a dura\u00e7\u00e3o de a\u00e7\u00e3o desejada e o perfil de efic\u00e1cia esperado desempenham um papel importante, para al\u00e9m do estatuto de autoriza\u00e7\u00e3o e das prefer\u00eancias do doente [26].<\/p>\n<div class=\"wp-block-image\">\n<figure class=\"aligncenter size-full is-resized\"><a href=\"https:\/\/medizinonline.com\/wp-content\/uploads\/2024\/02\/tab2_NP1_s14.png\"><img decoding=\"async\" width=\"910\" height=\"701\" data-src=\"https:\/\/medizinonline.com\/wp-content\/uploads\/2024\/02\/tab2_NP1_s14.png\" alt=\"\" class=\"wp-image-374467 lazyload\" style=\"--smush-placeholder-width: 910px; --smush-placeholder-aspect-ratio: 910\/701;width:500px\" data-srcset=\"https:\/\/medizinonline.com\/wp-content\/uploads\/2024\/02\/tab2_NP1_s14.png 910w, https:\/\/medizinonline.com\/wp-content\/uploads\/2024\/02\/tab2_NP1_s14-800x616.png 800w, https:\/\/medizinonline.com\/wp-content\/uploads\/2024\/02\/tab2_NP1_s14-120x92.png 120w, https:\/\/medizinonline.com\/wp-content\/uploads\/2024\/02\/tab2_NP1_s14-90x68.png 90w, https:\/\/medizinonline.com\/wp-content\/uploads\/2024\/02\/tab2_NP1_s14-320x247.png 320w, https:\/\/medizinonline.com\/wp-content\/uploads\/2024\/02\/tab2_NP1_s14-560x431.png 560w, https:\/\/medizinonline.com\/wp-content\/uploads\/2024\/02\/tab2_NP1_s14-240x185.png 240w, https:\/\/medizinonline.com\/wp-content\/uploads\/2024\/02\/tab2_NP1_s14-180x139.png 180w, https:\/\/medizinonline.com\/wp-content\/uploads\/2024\/02\/tab2_NP1_s14-640x493.png 640w\" data-sizes=\"(max-width: 910px) 100vw, 910px\" src=\"data:image\/svg+xml;base64,PHN2ZyB3aWR0aD0iMSIgaGVpZ2h0PSIxIiB4bWxucz0iaHR0cDovL3d3dy53My5vcmcvMjAwMC9zdmciPjwvc3ZnPg==\" \/><\/a><\/figure>\n<\/div>\n<p>De acordo com estudos, 75% dos doentes tratados beneficiam da terapia MPH se uma redu\u00e7\u00e3o dos sintomas de pelo menos 30% for tomada como crit\u00e9rio para o sucesso terap\u00eautico [27]. V\u00e1rias meta-an\u00e1lises demonstraram uma efic\u00e1cia significativa nos principais sintomas de TDAH [28\u201331]. Al\u00e9m disso, conduz a uma redu\u00e7\u00e3o do dist\u00farbio de regula\u00e7\u00e3o emocional [31]. O estimulante inibe a recapta\u00e7\u00e3o da dopamina e, em menor grau, da noradrenalina da fenda sin\u00e1ptica para o neur\u00f3nio pr\u00e9-sin\u00e1ptico, inibindo os transportadores de monoamina correspondentes. Isto aumenta a concentra\u00e7\u00e3o do transmissor na fenda sin\u00e1ptica e optimiza a transmiss\u00e3o do sinal. <\/p>\n<div class=\"wp-block-image\">\n<figure class=\"aligncenter size-full is-resized\"><a href=\"https:\/\/medizinonline.com\/wp-content\/uploads\/2024\/02\/tab3_NP1_s15.png\"><img decoding=\"async\" width=\"1811\" height=\"776\" data-src=\"https:\/\/medizinonline.com\/wp-content\/uploads\/2024\/02\/tab3_NP1_s15.png\" alt=\"\" class=\"wp-image-374468 lazyload\" style=\"--smush-placeholder-width: 1811px; --smush-placeholder-aspect-ratio: 1811\/776;width:500px\" data-srcset=\"https:\/\/medizinonline.com\/wp-content\/uploads\/2024\/02\/tab3_NP1_s15.png 1811w, https:\/\/medizinonline.com\/wp-content\/uploads\/2024\/02\/tab3_NP1_s15-800x343.png 800w, https:\/\/medizinonline.com\/wp-content\/uploads\/2024\/02\/tab3_NP1_s15-1160x497.png 1160w, https:\/\/medizinonline.com\/wp-content\/uploads\/2024\/02\/tab3_NP1_s15-120x51.png 120w, https:\/\/medizinonline.com\/wp-content\/uploads\/2024\/02\/tab3_NP1_s15-90x39.png 90w, https:\/\/medizinonline.com\/wp-content\/uploads\/2024\/02\/tab3_NP1_s15-320x137.png 320w, https:\/\/medizinonline.com\/wp-content\/uploads\/2024\/02\/tab3_NP1_s15-560x240.png 560w, https:\/\/medizinonline.com\/wp-content\/uploads\/2024\/02\/tab3_NP1_s15-240x103.png 240w, https:\/\/medizinonline.com\/wp-content\/uploads\/2024\/02\/tab3_NP1_s15-180x77.png 180w, https:\/\/medizinonline.com\/wp-content\/uploads\/2024\/02\/tab3_NP1_s15-640x274.png 640w, https:\/\/medizinonline.com\/wp-content\/uploads\/2024\/02\/tab3_NP1_s15-1120x480.png 1120w, https:\/\/medizinonline.com\/wp-content\/uploads\/2024\/02\/tab3_NP1_s15-1600x686.png 1600w\" data-sizes=\"(max-width: 1811px) 100vw, 1811px\" src=\"data:image\/svg+xml;base64,PHN2ZyB3aWR0aD0iMSIgaGVpZ2h0PSIxIiB4bWxucz0iaHR0cDovL3d3dy53My5vcmcvMjAwMC9zdmciPjwvc3ZnPg==\" \/><\/a><\/figure>\n<\/div>\n<p>O efeito do LDX, por outro lado, \u00e9 diferente. Este pr\u00f3-f\u00e1rmaco \u00e9 hidrolisado na d-anfetamina activa no citosol dos eritr\u00f3citos. A D-anfetamina causa um aumento da liberta\u00e7\u00e3o de dopamina e noradrenalina no c\u00e9rebro e inibe a sua reabsor\u00e7\u00e3o para o neur\u00f3nio pr\u00e9-sin\u00e1ptico. Em princ\u00edpio, a efic\u00e1cia parece ser compar\u00e1vel \u00e0 da MPH com uma ligeira tend\u00eancia para uma maior for\u00e7a de efeito na sintomatologia de base . <\/p>\n\n<p>A atomoxetina inibidora da recapta\u00e7\u00e3o da norepinefrina inibe o transportador de norepinefrina. Isto aumenta a disponibilidade de noradrenalina na fenda sin\u00e1ptica do neur\u00f3nio. A sua prescri\u00e7\u00e3o \u00e9 principalmente indicada quando os estimulantes n\u00e3o s\u00e3o eficazes ou n\u00e3o s\u00e3o tolerados ou rejeitados pelo paciente. No entanto, a efic\u00e1cia \u00e9 menor do que a dos estimulantes [34].<\/p>\n\n<h3 id=\"necessidade-de-tratamento-a-longo-prazo\" class=\"wp-block-heading\">Necessidade de tratamento a longo prazo<\/h3>\n\n<p>Basicamente, a dura\u00e7\u00e3o do tratamento medicamentoso \u00e9 baseada nas necessidades individuais do paciente. Por vezes, interven\u00e7\u00f5es limitadas no tempo podem ser \u00fateis, por exemplo, se altera\u00e7\u00f5es nas circunst\u00e2ncias da vida podem levar a defici\u00eancias funcionais. No entanto, em geral, o tratamento deve ser estabelecido a longo prazo. Estudos de acompanhamento mostram que a terapia a longo prazo, durante v\u00e1rios anos, conduz a uma maior redu\u00e7\u00e3o dos sintomas e a uma melhoria do funcionamento quotidiano do que o tratamento a curto prazo [35]. No entanto, as tentativas de interrup\u00e7\u00e3o devem ser sempre planeadas para verificar se a farmacoterapia continua a ser indicada.  <\/p>\n\n<h3 id=\"gestao-da-terapia-a-luz-da-polifarmacia\" class=\"wp-block-heading\">Gest\u00e3o da terapia \u00e0 luz da polifarm\u00e1cia<\/h3>\n\n<p>Sobretudo no tratamento da PHDA do adulto em associa\u00e7\u00e3o com outras perturba\u00e7\u00f5es, a quest\u00e3o das potenciais interac\u00e7\u00f5es entre as diferentes subst\u00e2ncias activas coloca-se frequentemente devido \u00e0 polifarm\u00e1cia. Uma vez que, tal como referido, a depress\u00e3o \u00e9 uma comorbilidade particularmente comum na PHDA, a administra\u00e7\u00e3o paralela de estimulantes e antidepressivos \u00e9 de grande import\u00e2ncia. No entanto, a administra\u00e7\u00e3o adicional de antipsic\u00f3ticos ou anticonvulsivantes tamb\u00e9m \u00e9 comum. Al\u00e9m disso, os medicamentos internos e os preparados de automedica\u00e7\u00e3o tomados pelos doentes podem tamb\u00e9m desempenhar um papel importante.<\/p>\n\n<p>O tratamento com medicamentos n\u00e3o coordenados pode ter consequ\u00eancias graves para as pessoas afectadas. De facto, 20-30% de todas as reac\u00e7\u00f5es adversas a medicamentos (RAM) s\u00e3o causadas por interac\u00e7\u00f5es. No entanto, nem todas as interac\u00e7\u00f5es potenciais s\u00e3o clinicamente relevantes e a maioria pode ser evitada. Em geral, os medicamentos para a PHDA tamb\u00e9m podem ser bem combinados. No entanto, deve ter o cuidado de assegurar que o medicamento utilizado como parceiro de combina\u00e7\u00e3o tem um intervalo terap\u00eautico estreito. Os mecanismos clinicamente relevantes s\u00e3o a influ\u00eancia na biodisponibilidade, as altera\u00e7\u00f5es nas estruturas fisiol\u00f3gicas, a inibi\u00e7\u00e3o ou indu\u00e7\u00e3o das enzimas CYP, bem como os mecanismos de transporte e as interac\u00e7\u00f5es farmacodin\u00e2micas.<\/p>\n\n<p>As enzimas CYP e as prote\u00ednas de transporte, como as bombas de glicoprote\u00edna P, s\u00e3o de particular import\u00e2ncia, uma vez que, em conjunto, formam uma barreira para proteger o organismo de subst\u00e2ncias estranhas. Um aumento ou uma perda do efeito pode ser causado por interac\u00e7\u00f5es com o tabaco, o sumo de toranja ou a erva de S\u00e3o Jo\u00e3o, entre outros. Por este motivo, devem ser evitados, se poss\u00edvel, inibidores e indutores fortes das enzimas CYP e da glicoprote\u00edna-P, tais como es-\/citralopram, claritomicina\/eritromicina, metropolol, sinvastatina ou haloperidol [36\u201338].<\/p>\n\n<p><strong>Mensagens para levar para casa<\/strong><\/p>\n\n<ul class=\"wp-block-list\">\n<li>Cerca de 80% dos casos de PHDA persistem na idade adulta.<\/li>\n\n\n\n<li>Apenas uma pequena parte dos adultos afectados \u00e9 diagnosticada, uma vez que os sintomas mudam e as comorbilidades est\u00e3o frequentemente em primeiro plano.<\/li>\n\n\n\n<li>Um modelo de tratamento eficaz \u00e9 multimodal e inclui psicoeduca\u00e7\u00e3o, psicoterapia e farmacoterapia.<\/li>\n\n\n\n<li>Os psicoestimulantes s\u00e3o a primeira escolha para a terapia farmacol\u00f3gica.  <\/li>\n\n\n\n<li>O tratamento com MPH pode melhorar tanto os sintomas centrais como a desregula\u00e7\u00e3o emocional.  <\/li>\n<\/ul>\n\n<p><\/p>\n\n<p>Literatura:<\/p>\n\n<ol class=\"wp-block-list\">\n<li>Nyberg E,et al: TDAH em adultos. HOGREVE 2013.<\/li>\n\n\n\n<li>Fayyad J, et al: Br J Psychiatry 2007; 190: 402-409.<\/li>\n\n\n\n<li>R\u00f6sler M, et al.: Nervenarzt 2008; 3: 320-327.<\/li>\n\n\n\n<li>Barbaresi WJ, et al: Pediatrics 2013; 131: 637-644.<\/li>\n\n\n\n<li>Rothenberger A e Neum\u00e4rker KJ: Hist\u00f3ria cient\u00edfica da PHDA. Steinkopff Verlag Darmstadt 2005.<\/li>\n\n\n\n<li>Kramer F, Pollnow H: Sobre uma perturba\u00e7\u00e3o hipercin\u00e9tica na inf\u00e2ncia. Monatsschr Psychiatr Neurol 1932; 82: 1-40.<\/li>\n\n\n\n<li>Xadrez S: Diagn\u00f3stico e tratamento da crian\u00e7a hiperactiva. NY State J Med 1960; 60: 2379-2385.<\/li>\n\n\n\n<li>Wender PH: Attention Deficit Hyperactivity Disorder in Adults Psychiatr Clin North Am. 1998; 21(4): 761-774.<\/li>\n\n\n\n<li>Wender PH, et al: Adultos com TDAH. An overview. Ann N Y Acad Sci. 2001; 931: 1-16.<\/li>\n\n\n\n<li>Polyzoi M, et al: Neuropsychiatr Dis Treat. 2018; 14: 1149-1161.<\/li>\n\n\n\n<li>Str\u00f6hlein B., et al: NeuroTransmitter 2016; 27.<\/li>\n\n\n\n<li>Chien WC et a. Res Dev Disabil 2017; 65: 57-73.<\/li>\n\n\n\n<li>Bron TI, et al: Accid Anal Prev 2018; 111: 338-344.<\/li>\n\n\n\n<li>Chang Z, et al: JAMA Psychiatry 2017; 74: 597-603.<\/li>\n\n\n\n<li>Barkely RA: Cl\u00ednica Psiquiatra North Am 2004; 27(2): 233-260.<\/li>\n\n\n\n<li>Kittel-Schneider S, et al: J Clin Med 2019; 8(10): 1643.<\/li>\n\n\n\n<li>Krause J, Krause KH: ADHD na vida adulta. Schattauer-Verlag 2014.<\/li>\n\n\n\n<li>R\u00f6sler M, Retz W: Diagn\u00f3stico, diagn\u00f3stico diferencial e condi\u00e7\u00f5es de comorbilidade da PHDA. Psicoterapia 2008; 13(2): 175-183.<\/li>\n\n\n\n<li>Pineiro-Dieguez B, et al: J Atten Disord 2016; 20: 1066-1075. <\/li>\n\n\n\n<li>Barkley RA: Transtorno de d\u00e9fice de aten\u00e7\u00e3o e hiperactividade. Um manual de diagn\u00f3stico e tratamento, 3\u00aa ed. Guilford, Nova Iorque<\/li>\n\n\n\n<li>Chen Q, et al: PLoS one 2018; 13(9): e0204516.<\/li>\n\n\n\n<li>https:\/\/register.awmf.org\/assets\/guidelines\/028-045k_S3_ADHS_ <a href=\"https:\/\/register.awmf.org\/assets\/guidelines\/028-045k_S3_ADHS_%0A2018-06.pdf\" target=\"_blank\" rel=\"noreferrer noopener\"><br\/>2018-06.pdf<\/a> (\u00faltimo acesso em 16 de janeiro de 2024).<\/li>\n\n\n\n<li>Adler L, et al: Patterns of psychiatric comorbidity with attention deficit\/hyperactivity disorder. Resumo 119.<sup>19\u00ba<\/sup> Congresso de Psiquiatria e Sa\u00fade Mental dos EUA; novembro de 2006; Nova Orle\u00e3es, Louisiana.<\/li>\n\n\n\n<li>Rostain AL: Postgrad Med 2008, 120(3): 27-38.<\/li>\n\n\n\n<li>Torgersen T, et al: Nord J Psychiatry 2006; 60(1): 38-43.<\/li>\n\n\n\n<li>Grupo de Trabalho das Sociedades M\u00e9dicas Cient\u00edficas. Orienta\u00e7\u00e3o S3: TDAH na inf\u00e2ncia, adolesc\u00eancia e idade adulta. N\u00famero de registo 028-045. AWMF; 2017.<\/li>\n\n\n\n<li>Retz W, R\u00f6sler M. Resist\u00eancia terap\u00eautica no tratamento da PHDA na idade adulta. In: Schmaus M, Messer T. Resist\u00eancia \u00e0 terapia na doen\u00e7a mental. Munique: Elsevier; 2009: 175-188.<\/li>\n\n\n\n<li>Faraone SV, et al: J Clin Psychopharmacol 2004; 24: 24-29.<\/li>\n\n\n\n<li>Koesters M, et al: J Psychopharmacol 2009; 23: 733-744.<\/li>\n\n\n\n<li>Castells X, et al: CNS Drugs 2011; 25: 157-169.<\/li>\n\n\n\n<li>Retz W, et al: Exp Rev Neurother 2012; 12: 1241-1251.<\/li>\n\n\n\n<li>M\u00e9sz\u00e1ros A, et al: Int J Neuropsychopharmacol 2009; 12: 1137-1147.<\/li>\n\n\n\n<li>Stuhec M, Luki\u0107 P, Locatelli I. Ann Pharmacother 2018; 53: 121-133.<\/li>\n\n\n\n<li>Cortese S, et al: Lancet Psychiatry 2018; 5: 727-738.<\/li>\n\n\n\n<li>Fredriksen M, et al: Eur Neuropsychopharmacol 2013; 23: 508-527.<\/li>\n\n\n\n<li>Schoretsanitis G, et al: Clinically Significant Drug-Drug Interactions with Agents for Attention-Deficit\/Hyperactivity Disorder, CNS Drugs 2019; 33(12): 1201-1222.<\/li>\n\n\n\n<li>Ingelman-Sundberg M: Genetic polymorphisms of cytochrome P450 2D6 (CYP2D6): clinical consequences, evolutionary aspects and functional diversity (Polimorfismos gen\u00e9ticos do citocromo P450 2D6 (CYP2D6): consequ\u00eancias cl\u00ednicas, aspectos evolutivos e diversidade funcional). Pharmacogenomics J 2005; 5: 6-13.<\/li>\n\n\n\n<li>M\u00fcller F, Fromm MF: Transporter-mediated Drug-Drug Interactions. Pharmacogenomics 2011; 12: 1017-1037.<\/li>\n<\/ol>\n\n<p><\/p>\n\n<p class=\"has-small-font-size\"><em>InFo NEUROLOGY &amp; PSYCHIATRY 2024; 22(1): 12-16<\/em><\/p>\n","protected":false},"excerpt":{"rendered":"<p>Cerca de 80% dos casos de PHDA persistem na idade adulta. No entanto, apenas uma pequena parte dos adultos afectados \u00e9 diagnosticada, uma vez que os sintomas se alteram e&hellip;<\/p>\n","protected":false},"author":7,"featured_media":374698,"comment_status":"closed","ping_status":"closed","sticky":false,"template":"","format":"standard","meta":{"_acf_changed":false,"pmpro_default_level":"","cat_1_feature_home_top":false,"cat_2_editor_pick":false,"csco_eyebrow_text":"TDAH adulto","footnotes":""},"category":[11521,22618,11374,11481,11551],"tags":[17262,16994,36676,74173],"powerkit_post_featured":[],"class_list":["post-374691","post","type-post","status-publish","format-standard","has-post-thumbnail","category-estudos","category-formacao-cme","category-neurologia-pt-pt","category-psiquiatria-e-psicoterapia","category-rx-pt","tag-adhd-pt-pt","tag-adhd-adulto","tag-desordem-do-defice-de-atencao","tag-perturbacao-de-hiperatividade","pmpro-has-access"],"acf":[],"publishpress_future_action":{"enabled":false,"date":"2026-05-04 08:10:18","action":"change-status","newStatus":"draft","terms":[],"taxonomy":"category","extraData":[]},"publishpress_future_workflow_manual_trigger":{"enabledWorkflows":[]},"wpml_current_locale":"pt_PT","wpml_translations":{"es_ES":{"locale":"es_ES","id":374709,"slug":"gestion-eficaz-del-tratamiento-teniendo-en-cuenta-las-posibles-comorbilidades","post_title":"Gesti\u00f3n eficaz del tratamiento teniendo en cuenta las posibles comorbilidades","href":"https:\/\/medizinonline.com\/es\/gestion-eficaz-del-tratamiento-teniendo-en-cuenta-las-posibles-comorbilidades\/"}},"_links":{"self":[{"href":"https:\/\/medizinonline.com\/pt-pt\/wp-json\/wp\/v2\/posts\/374691","targetHints":{"allow":["GET"]}}],"collection":[{"href":"https:\/\/medizinonline.com\/pt-pt\/wp-json\/wp\/v2\/posts"}],"about":[{"href":"https:\/\/medizinonline.com\/pt-pt\/wp-json\/wp\/v2\/types\/post"}],"author":[{"embeddable":true,"href":"https:\/\/medizinonline.com\/pt-pt\/wp-json\/wp\/v2\/users\/7"}],"replies":[{"embeddable":true,"href":"https:\/\/medizinonline.com\/pt-pt\/wp-json\/wp\/v2\/comments?post=374691"}],"version-history":[{"count":1,"href":"https:\/\/medizinonline.com\/pt-pt\/wp-json\/wp\/v2\/posts\/374691\/revisions"}],"predecessor-version":[{"id":374706,"href":"https:\/\/medizinonline.com\/pt-pt\/wp-json\/wp\/v2\/posts\/374691\/revisions\/374706"}],"wp:featuredmedia":[{"embeddable":true,"href":"https:\/\/medizinonline.com\/pt-pt\/wp-json\/wp\/v2\/media\/374698"}],"wp:attachment":[{"href":"https:\/\/medizinonline.com\/pt-pt\/wp-json\/wp\/v2\/media?parent=374691"}],"wp:term":[{"taxonomy":"category","embeddable":true,"href":"https:\/\/medizinonline.com\/pt-pt\/wp-json\/wp\/v2\/category?post=374691"},{"taxonomy":"post_tag","embeddable":true,"href":"https:\/\/medizinonline.com\/pt-pt\/wp-json\/wp\/v2\/tags?post=374691"},{"taxonomy":"powerkit_post_featured","embeddable":true,"href":"https:\/\/medizinonline.com\/pt-pt\/wp-json\/wp\/v2\/powerkit_post_featured?post=374691"}],"curies":[{"name":"wp","href":"https:\/\/api.w.org\/{rel}","templated":true}]}}