{"id":375750,"date":"2024-04-12T00:01:00","date_gmt":"2024-04-11T22:01:00","guid":{"rendered":"https:\/\/medizinonline.com\/reconhecer-as-infeccoes-locais-das-feridas-e-o-risco-de-propagacao-sistemica\/"},"modified":"2024-04-12T00:01:10","modified_gmt":"2024-04-11T22:01:10","slug":"reconhecer-as-infeccoes-locais-das-feridas-e-o-risco-de-propagacao-sistemica","status":"publish","type":"post","link":"https:\/\/medizinonline.com\/pt-pt\/reconhecer-as-infeccoes-locais-das-feridas-e-o-risco-de-propagacao-sistemica\/","title":{"rendered":"Reconhecer as infec\u00e7\u00f5es locais das feridas e o risco de propaga\u00e7\u00e3o sist\u00e9mica"},"content":{"rendered":"\n<p><strong>A infe\u00e7\u00e3o localizada \u00e9 uma das causas mais comuns de atraso na cicatriza\u00e7\u00e3o de feridas. A pontua\u00e7\u00e3o TILI pode ser utilizada para avaliar se est\u00e1 presente uma infe\u00e7\u00e3o local da ferida e a pontua\u00e7\u00e3o WAR pode ser utilizada para identificar doentes com um risco acrescido de infe\u00e7\u00e3o. Se se formar um biofilme nas feridas cr\u00f3nicas, este \u00e9 um fator cr\u00edtico, uma vez que a efic\u00e1cia das subst\u00e2ncias antimicrobianas \u00e9 limitada. Situa\u00e7\u00f5es cl\u00ednicas especiais incluem tamb\u00e9m infec\u00e7\u00f5es bacterianas graves da pele, como a erisipela.<\/strong><\/p>\n\n<!--more-->\n\n<p>As infec\u00e7\u00f5es locais da ferida podem ter consequ\u00eancias graves &#8211; para al\u00e9m da estagna\u00e7\u00e3o da cicatriza\u00e7\u00e3o da ferida, a amea\u00e7a de evolu\u00e7\u00e3o para infec\u00e7\u00f5es sist\u00e9micas e at\u00e9 septicemia s\u00e3o complica\u00e7\u00f5es potencialmente fatais [1,2]. Por conseguinte, as infec\u00e7\u00f5es localizadas de feridas devem ser diagnosticadas o mais cedo poss\u00edvel e tratadas adequadamente. A Professora Ewa K. St\u00fcrmer, Chefe de Cirurgia do Comprehensive Wound Centre (CWC), University Medical Center Hamburg-Eppendorf [3], explicou o que deve ser considerado em termos das actuais recomenda\u00e7\u00f5es de consenso dos peritos e da <em>gest\u00e3o antimicrobiana<\/em>.  <\/p>\n\n<h3 id=\"os-antibioticos-locais-devem-ser-evitados-nas-feridas-cronicas\" class=\"wp-block-heading\">Os antibi\u00f3ticos locais devem ser evitados nas feridas cr\u00f3nicas<\/h3>\n\n<p>As esp\u00e9cies bacterianas mais importantes nas feridas de dif\u00edcil cicatriza\u00e7\u00e3o s\u00e3o o <em>Staphylococcus aureus, <\/em>incluindo a sua variante resistente \u00e0 meticilina (MRSA), bem como a <em>Pseudomonas aeruginosa <\/em>e as enterobact\u00e9rias [4,5]. Ao contr\u00e1rio dos antibi\u00f3ticos locais, como o \u00e1cido fus\u00eddico ou a gentamicina, que s\u00e3o obsoletos no tratamento de feridas cr\u00f3nicas, os anti-s\u00e9pticos t\u00eam um efeito n\u00e3o espec\u00edfico contra muitos agentes patog\u00e9nicos microbianos diferentes, uma vez que t\u00eam um amplo espetro de atividade [3]. Al\u00e9m disso, os anti-s\u00e9pticos n\u00e3o provocam qualquer desenvolvimento de resist\u00eancia nas bact\u00e9rias. &#8220;Os antibi\u00f3ticos normalmente s\u00f3 t\u00eam uma via metab\u00f3lica que abordam&#8221;, explicou o Prof. St\u00fcrmer [3]. O risco de desenvolvimento de resist\u00eancia \u00e9, por conseguinte, mais elevado.  <\/p>\n\n<p>  O \u00cdndice Terap\u00eautico para Infec\u00e7\u00f5es Localizadas (Pontua\u00e7\u00e3o TILI 2.0) desenvolvido por um grupo de peritos do ICW em 2019 fornece orienta\u00e7\u00f5es para decidir em que casos de feridas cr\u00f3nicas os anti-s\u00e9pticos est\u00e3o indicados [6,7]. Por conseguinte, a indica\u00e7\u00e3o para o tratamento antiss\u00e9tico de feridas s\u00f3 \u00e9 dada se estiverem presentes, pelo menos, 5 dos 6 sinais cl\u00e1ssicos de inflama\u00e7\u00e3o enumerados abaixo (individualmente, estes sintomas cl\u00ednicos n\u00e3o constituem prova de infe\u00e7\u00e3o) [6,7]:  <\/p>\n\n<ul class=\"wp-block-list\">\n<li>eritema perilesional<\/li>\n\n\n\n<li>Sobreaquecimento<\/li>\n\n\n\n<li>Edema, endurecimento ou incha\u00e7o<\/li>\n\n\n\n<li>Dor espont\u00e2nea ou dor por press\u00e3o<\/li>\n\n\n\n<li>Estagna\u00e7\u00e3o da cicatriza\u00e7\u00e3o da ferida<\/li>\n\n\n\n<li>Aumento e\/ou altera\u00e7\u00e3o da cor ou do odor do exsudado<\/li>\n<\/ul>\n\n<p>No entanto, existem tamb\u00e9m aspectos individuais que justificam a terapia anti-s\u00e9ptica de feridas [2]. Estes incluem a dete\u00e7\u00e3o de microorganismos potencialmente patog\u00e9nicos, feridas cir\u00fargicas s\u00e9pticas e pus livre. Para esclarecer a quest\u00e3o de saber quando \u00e9 que uma solu\u00e7\u00e3o est\u00e9ril de NaCl \u00e9 suficiente em vez de um antiss\u00e9tico, o orador referiu-se \u00e0 pontua\u00e7\u00e3o WAR (&#8220;wound-at-risk&#8221;), que pode ser utilizada para identificar os doentes em risco. A pontua\u00e7\u00e3o WAR \u00e9 utilizada para determinar o risco de infe\u00e7\u00e3o com base em v\u00e1rios factores end\u00f3genos e ex\u00f3genos. \u00c9 uma ferramenta pr\u00e1tica e eficiente em termos de tempo para a pr\u00e1tica cl\u00ednica quotidiana [8,9]. Para os doentes em risco, pode ser aconselh\u00e1vel efetuar uma terapia antimicrobiana da ferida numa fase inicial e, se necess\u00e1rio, mesmo a longo prazo. Ao avaliar o estado da ferida, deve ter sempre em conta poss\u00edveis doen\u00e7as concomitantes do doente.  <\/p>\n\n<h3 id=\"faca-corresponder-o-tratamento-antissetico-da-ferida-a-indicacao\" class=\"wp-block-heading\">Fa\u00e7a corresponder o tratamento antiss\u00e9tico da ferida \u00e0 indica\u00e7\u00e3o<\/h3>\n\n<p>As subst\u00e2ncias com boa efic\u00e1cia anti-s\u00e9ptica e baixa citotoxicidade que s\u00e3o adequadas para utiliza\u00e7\u00e3o em feridas cr\u00f3nicas s\u00e3o o dicloridrato de octenidina ou a polihexanida. A octenidina (com ou sem fenoxietanol) \u00e9 eficaz contra bact\u00e9rias, incluindo MRSA ( <em>Staphylococcus aureus<\/em> resistente \u00e0 meticilina), fungos e v\u00edrus e pode ser utilizada em feridas contaminadas e traum\u00e1ticas [17]. A combina\u00e7\u00e3o de octenidina com fenoxietanol leva a um aumento sin\u00e9rgico da efic\u00e1cia. A polihexanida tamb\u00e9m \u00e9 adequada para feridas cronicamente infectadas [17]. O amplo espetro de atividade \u00e9 dirigido contra bact\u00e9rias (incluindo MRSA) e fungos de v\u00e1rios tipos. Para feridas que est\u00e3o principalmente infectadas com <em>P. aeruginosa <\/em>, os produtos combinados com iod\u00f3foros podem proporcionar al\u00edvio e o hipoclorito de s\u00f3dio \u00e9 adequado para enxaguar as cavidades das feridas agudas e cr\u00f3nicas contaminadas por bact\u00e9rias.<\/p>\n\n<h3 id=\"reconhecer-a-tolerancia-aos-anti-septicos-atraves-da-colonizacao-de-biofilme\" class=\"wp-block-heading\">Reconhecer a toler\u00e2ncia aos anti-s\u00e9pticos atrav\u00e9s da coloniza\u00e7\u00e3o de biofilme<\/h3>\n\n<p>Um biofilme desenvolve-se quando a coloniza\u00e7\u00e3o bacteriana na ferida cresce de col\u00f3nias para aglomerados bacterianos nos quais as bact\u00e9rias amadurecem e se propagam [3,10]. As bact\u00e9rias patog\u00e9nicas rodeiam-se de uma matriz de biofilme, a subst\u00e2ncia extrapolim\u00e9rica (EPS), que funciona como uma barreira protetora f\u00edsica e bioqu\u00edmica [11\u201313]. Muitos dos seus componentes podem interagir quimicamente de forma direta com subst\u00e2ncias anti-s\u00e9pticas e antibi\u00f3ticas e neutraliz\u00e1-las, levando \u00e0 perda da sua efic\u00e1cia [14]. Neste contexto, fala-se tamb\u00e9m de toler\u00e2ncia do biofilme aos agentes antimicrobianos (em contraste com a &#8220;resist\u00eancia&#8221;, uma vez que os agentes antimicrobianos n\u00e3o perderam a sua efic\u00e1cia contra estirpes bacterianas individuais, mas apenas falham devido \u00e0s estruturas e mecanismos do biofilme) [3,4]. Uma das estrat\u00e9gias mais eficazes contra o biofilme \u00e9 o desbridamento cortante ou cir\u00fargico [4].  <\/p>\n<div class=\"wp-block-image\">\n<figure class=\"aligncenter size-full is-resized\"><a href=\"https:\/\/medizinonline.com\/wp-content\/uploads\/2024\/02\/Interview_Wunden_DP1.png\"><img fetchpriority=\"high\" decoding=\"async\" width=\"2330\" height=\"1742\" src=\"https:\/\/medizinonline.com\/wp-content\/uploads\/2024\/02\/Interview_Wunden_DP1.png\" alt=\"\" class=\"wp-image-375616\" style=\"width:500px\" srcset=\"https:\/\/medizinonline.com\/wp-content\/uploads\/2024\/02\/Interview_Wunden_DP1.png 2330w, https:\/\/medizinonline.com\/wp-content\/uploads\/2024\/02\/Interview_Wunden_DP1-800x598.png 800w, https:\/\/medizinonline.com\/wp-content\/uploads\/2024\/02\/Interview_Wunden_DP1-1160x867.png 1160w, https:\/\/medizinonline.com\/wp-content\/uploads\/2024\/02\/Interview_Wunden_DP1-320x240.png 320w, https:\/\/medizinonline.com\/wp-content\/uploads\/2024\/02\/Interview_Wunden_DP1-2048x1531.png 2048w, https:\/\/medizinonline.com\/wp-content\/uploads\/2024\/02\/Interview_Wunden_DP1-300x225.png 300w, https:\/\/medizinonline.com\/wp-content\/uploads\/2024\/02\/Interview_Wunden_DP1-120x90.png 120w, https:\/\/medizinonline.com\/wp-content\/uploads\/2024\/02\/Interview_Wunden_DP1-90x68.png 90w, https:\/\/medizinonline.com\/wp-content\/uploads\/2024\/02\/Interview_Wunden_DP1-560x420.png 560w, https:\/\/medizinonline.com\/wp-content\/uploads\/2024\/02\/Interview_Wunden_DP1-1920x1435.png 1920w, https:\/\/medizinonline.com\/wp-content\/uploads\/2024\/02\/Interview_Wunden_DP1-600x450.png 600w, https:\/\/medizinonline.com\/wp-content\/uploads\/2024\/02\/Interview_Wunden_DP1-240x180.png 240w, https:\/\/medizinonline.com\/wp-content\/uploads\/2024\/02\/Interview_Wunden_DP1-180x136.png 180w, https:\/\/medizinonline.com\/wp-content\/uploads\/2024\/02\/Interview_Wunden_DP1-640x478.png 640w, https:\/\/medizinonline.com\/wp-content\/uploads\/2024\/02\/Interview_Wunden_DP1-1120x837.png 1120w, https:\/\/medizinonline.com\/wp-content\/uploads\/2024\/02\/Interview_Wunden_DP1-1600x1196.png 1600w, https:\/\/medizinonline.com\/wp-content\/uploads\/2024\/02\/Interview_Wunden_DP1-2320x1735.png 2320w\" sizes=\"(max-width: 2330px) 100vw, 2330px\" \/><\/a><\/figure>\n<\/div>\n<h3 id=\"em-que-casos-e-necessario-um-tratamento-antibiotico-sistemico\" class=\"wp-block-heading\">Em que casos \u00e9 necess\u00e1rio um tratamento antibi\u00f3tico sist\u00e9mico?  <\/h3>\n\n<p>Ao tratar infec\u00e7\u00f5es localizadas de feridas, \u00e9 importante n\u00e3o ignorar uma infe\u00e7\u00e3o sist\u00e9mica ou uma s\u00e9psis incipiente [2,15]. A indica\u00e7\u00e3o para a administra\u00e7\u00e3o sist\u00e9mica e sequencial de antibi\u00f3ticos em feridas de dif\u00edcil cicatriza\u00e7\u00e3o \u00e9 a exist\u00eancia de certos sinais sist\u00e9micos de infe\u00e7\u00e3o. Estes incluem: Leucocitose, aumento da prote\u00edna C-reactiva, possivelmente tamb\u00e9m febre e arrepios em combina\u00e7\u00e3o com sinais locais de infe\u00e7\u00e3o, tais como vermelhid\u00e3o, incha\u00e7o, hipertermia, aumento da dor e restri\u00e7\u00e3o de movimentos da extremidade afetada [4,16]. Se houver suspeita de s\u00e9psis (crit\u00e9rios da &#8220;quick Sepsis-related Organ Failure Assessment&#8221;, pontua\u00e7\u00e3o qSOFA), est\u00e3o indicados antibi\u00f3ticos sist\u00e9micos e devem tamb\u00e9m ser considerados cuidados m\u00e9dicos intensivos [15].  <\/p>\n\n<p>A maioria das infec\u00e7\u00f5es da pele e dos tecidos moles causadas por estreptococos inclui o impetigo contagioso, uma infe\u00e7\u00e3o superficial da pele que ocorre principalmente na inf\u00e2ncia. O flegm\u00e3o tamb\u00e9m afecta as camadas mais profundas da pele e os tecidos subjacentes. A erisipela deve ser distinguida do flegm\u00e3o cut\u00e2neo, que envolve o subcut\u00e2neo e, eventualmente, os tecidos moles e os m\u00fasculos vizinhos. A fasce\u00edte necrotizante \u00e9 uma das infec\u00e7\u00f5es bacterianas mais graves dos tecidos moles. Distingue-se entre os tr\u00eas subtipos seguintes: Tipo I) infe\u00e7\u00e3o mista aer\u00f3bia-anaer\u00f3bia com estreptococos, estafilococos, anaer\u00f3bios, enterobact\u00e9rias e pseudomonadas; tipo II) estreptococos hemol\u00edticos produtores de toxinas do grupo A ou <em>S. aureus<\/em>; tipo III) que ocorre tipicamente ap\u00f3s a ingest\u00e3o de marisco ou em resultado de feridas contaminadas com \u00e1gua; os agentes patog\u00e9nicos s\u00e3o esp\u00e9cies de Vibrio. O &#8220;Indicador de risco laboratorial para a fasce\u00edte necrotizante&#8221; (LRINEC), por exemplo, est\u00e1 dispon\u00edvel como um sistema de pontua\u00e7\u00e3o.  <\/p>\n\n<p><em>Congresso: Wound Congress Nuremberga  <\/em><\/p>\n\n<p>Literatura:<\/p>\n\n<ol class=\"wp-block-list\">\n<li>St\u00fcrmer EK, Dissemond J: Evidenz in der lokalen Therapie chronischer Wunden: Was ist gesichert? Flebologia 2022; 51: 79-87.  <\/li>\n\n\n\n<li>Dissemond J: Diagn\u00f3stico e tratamento de infec\u00e7\u00f5es localizadas de feridas. Z Gerontol Geriatr 2023; 56(1): 48-52.  <\/li>\n\n\n\n<li>&#8220;Antimicrobial stewardship &#8211; are you still tolerant or already resistant?&#8221;, Univ-Prof. E. K. St\u00fcrmer, Sess\u00e3o principal 5, Infeciologia: Biofilme, agentes patog\u00e9nicos multi-resistentes, Wound Congress Nuremberga, 23-24 de novembro de 2023.<\/li>\n\n\n\n<li>St\u00fcrmer EK, Matthias A: Feridas dif\u00edceis de sarar e feridas cr\u00f3nicas: Utilizar conceitos complexos para a cicatriza\u00e7\u00e3o. SUPLEMENTO: Perspectivas em dermatologia. Dtsch Arztebl 2023; 120(27-28): [16]; DOI: 10.3238\/PersDerma.2023.07.10.02<\/li>\n\n\n\n<li>Jockenhofer F, et al: Espectro de pat\u00f3genos bacteriol\u00f3gicos de \u00falceras cr\u00f4nicas de perna: Resultados de um estudo multic\u00eantrico em centros de tratamento de feridas dermatol\u00f3gicas diferenciados por regi\u00f5es. JDDG 2013; 11: 1057-1066.  <\/li>\n\n\n\n<li>Dissemond J, et al: Valida\u00e7\u00e3o da pontua\u00e7\u00e3o TILI (\u00edndice terap\u00eautico para infec\u00e7\u00f5es locais) para o diagn\u00f3stico de infec\u00e7\u00f5es locais de feridas: resultados de uma an\u00e1lise europeia retrospetiva. J Wound Care 2020; 29: 726-734.<\/li>\n\n\n\n<li>Dissemond J, et al: \u00cdndice Terap\u00eautico para Infec\u00e7\u00f5es Localizadas: Pontua\u00e7\u00e3o TILI vers\u00e3o 2.0. wound management 2021; 15: 123-126.<\/li>\n\n\n\n<li>Dissemond J, et al: A lista de verifica\u00e7\u00e3o da &#8220;ferida propensa a infe\u00e7\u00e3o&#8221; como suplemento ao W.A.R. Score (Wounds At Risk) Wound Management 2011; 5(Suppl. 2): 19-20.<\/li>\n\n\n\n<li>Dissemond J, et al: Classifica\u00e7\u00e3o de feridas em risco (W.A.R. Score) e respetivo tratamento antimicrobiano com polihexanida &#8211; Uma recomenda\u00e7\u00e3o de peritos orientada para a pr\u00e1tica. Skin Pharmacol Physiol 2011; 24: 245-255.<\/li>\n\n\n\n<li>Percival SL, McCarty SM, Lipsky B: Biofilmes e Feridas: Uma Vis\u00e3o Geral das Evid\u00eancias. In: Advances in wound care 2015; 4 (7): 373-381.  <\/li>\n\n\n\n<li>Vuong C, et al: A crucial role for exopolysaccharide modification in bacterial biofilm formation, immune evasion, and virulence. J Biol Chem 2004; 279: 54881-54886.  <\/li>\n\n\n\n<li>Cowan T: Biofilmes e sua gest\u00e3o: do conceito \u00e0 realidade cl\u00ednica. J Wound Care 2011; 20: 220: 2-6.  <\/li>\n\n\n\n<li>Thurlow LR, et al: Os biofilmes de Staphylococcus aureus impedem a fagocitose dos macr\u00f3fagos e atenuam a inflama\u00e7\u00e3o in vivo. J Immunol 2011; 186: 6585-6596.  <\/li>\n\n\n\n<li>Flemming HC, Wingender J: A matriz do biofilme. Nat Rev Microbiol 2010; 8: 623-633.  <\/li>\n\n\n\n<li>Singer M, et al: As terceiras defini\u00e7\u00f5es de consenso internacional para s\u00e9psis e choque s\u00e9tico (Sepsis-3) JAMA 2016; 315: 801-810.<\/li>\n\n\n\n<li>Bodmann KF, et al: Terapia inicial parent\u00e9rica calculada de doen\u00e7as bacterianas em adultos &#8211; Atualiza\u00e7\u00e3o 2018 Registo AWMF n.\u00ba 082-006.  <\/li>\n\n\n\n<li>&#8220;Agents for antiseptic wound treatment and wound cleansing, report on the supply risks of agents for antiseptic wound treatment and wound cleansing&#8221;, outubro de 2022, <a href=\"http:\/\/www.bwl.admin.ch\" target=\"_blank\" rel=\"noopener\">www.bwl.admin.ch,<\/a>(\u00faltimo acesso em 18 de dezembro de 2023).<\/li>\n<\/ol>\n\n<p><\/p>\n\n<p class=\"has-small-font-size\"><em>DERMATOLOGIE PRAXIS 2024; 34(1): 44-45 (publicado em 25.2.24, antes da impress\u00e3o)<\/em><\/p>\n","protected":false},"excerpt":{"rendered":"<p>A infe\u00e7\u00e3o localizada \u00e9 uma das causas mais comuns de atraso na cicatriza\u00e7\u00e3o de feridas. A pontua\u00e7\u00e3o TILI pode ser utilizada para avaliar se est\u00e1 presente uma infe\u00e7\u00e3o local da&hellip;<\/p>\n","protected":false},"author":7,"featured_media":375755,"comment_status":"closed","ping_status":"closed","sticky":false,"template":"","format":"standard","meta":{"_acf_changed":false,"pmpro_default_level":"","cat_1_feature_home_top":false,"cat_2_editor_pick":false,"csco_eyebrow_text":"\"Gest\u00e3o de antimicrobianos\"","footnotes":""},"category":[11356,11397,11360,11421,11529,11551,11325],"tags":[74559,14827],"powerkit_post_featured":[],"class_list":["post-375750","post","type-post","status-publish","format-standard","has-post-thumbnail","category-dermatologia-e-venereologia-pt-pt","category-endocrinologia-e-diabetologia-2","category-geriatria-pt-pt","category-infecciologia","category-relatorios-do-congresso","category-rx-pt","category-traumatologia-e-cirurgia-de-trauma","tag-gestao-de-antimicrobianos","tag-infeccao-dolorosa","pmpro-has-access"],"acf":[],"publishpress_future_action":{"enabled":false,"date":"2026-05-08 02:29:19","action":"change-status","newStatus":"draft","terms":[],"taxonomy":"category","extraData":[]},"publishpress_future_workflow_manual_trigger":{"enabledWorkflows":[]},"wpml_current_locale":"pt_PT","wpml_translations":{"es_ES":{"locale":"es_ES","id":375759,"slug":"reconocer-las-infecciones-locales-de-las-heridas-y-el-riesgo-de-que-se-propaguen-sistemicamente","post_title":"Reconocer las infecciones locales de las heridas y el riesgo de que se propaguen sist\u00e9micamente","href":"https:\/\/medizinonline.com\/es\/reconocer-las-infecciones-locales-de-las-heridas-y-el-riesgo-de-que-se-propaguen-sistemicamente\/"}},"_links":{"self":[{"href":"https:\/\/medizinonline.com\/pt-pt\/wp-json\/wp\/v2\/posts\/375750","targetHints":{"allow":["GET"]}}],"collection":[{"href":"https:\/\/medizinonline.com\/pt-pt\/wp-json\/wp\/v2\/posts"}],"about":[{"href":"https:\/\/medizinonline.com\/pt-pt\/wp-json\/wp\/v2\/types\/post"}],"author":[{"embeddable":true,"href":"https:\/\/medizinonline.com\/pt-pt\/wp-json\/wp\/v2\/users\/7"}],"replies":[{"embeddable":true,"href":"https:\/\/medizinonline.com\/pt-pt\/wp-json\/wp\/v2\/comments?post=375750"}],"version-history":[{"count":2,"href":"https:\/\/medizinonline.com\/pt-pt\/wp-json\/wp\/v2\/posts\/375750\/revisions"}],"predecessor-version":[{"id":377319,"href":"https:\/\/medizinonline.com\/pt-pt\/wp-json\/wp\/v2\/posts\/375750\/revisions\/377319"}],"wp:featuredmedia":[{"embeddable":true,"href":"https:\/\/medizinonline.com\/pt-pt\/wp-json\/wp\/v2\/media\/375755"}],"wp:attachment":[{"href":"https:\/\/medizinonline.com\/pt-pt\/wp-json\/wp\/v2\/media?parent=375750"}],"wp:term":[{"taxonomy":"category","embeddable":true,"href":"https:\/\/medizinonline.com\/pt-pt\/wp-json\/wp\/v2\/category?post=375750"},{"taxonomy":"post_tag","embeddable":true,"href":"https:\/\/medizinonline.com\/pt-pt\/wp-json\/wp\/v2\/tags?post=375750"},{"taxonomy":"powerkit_post_featured","embeddable":true,"href":"https:\/\/medizinonline.com\/pt-pt\/wp-json\/wp\/v2\/powerkit_post_featured?post=375750"}],"curies":[{"name":"wp","href":"https:\/\/api.w.org\/{rel}","templated":true}]}}