{"id":384312,"date":"2024-09-29T00:01:00","date_gmt":"2024-09-28T22:01:00","guid":{"rendered":"https:\/\/medizinonline.com\/?p=384312"},"modified":"2024-09-29T00:42:24","modified_gmt":"2024-09-28T22:42:24","slug":"uma-questao-de-sazonalidade","status":"publish","type":"post","link":"https:\/\/medizinonline.com\/pt-pt\/uma-questao-de-sazonalidade\/","title":{"rendered":"Uma quest\u00e3o de sazonalidade"},"content":{"rendered":"\n<p><strong>As provas epidemiol\u00f3gicas sugerem que o v\u00edrus sincicial respirat\u00f3rio (VSR) pode ter efeitos semelhantes aos da gripe n\u00e3o pand\u00e9mica em adultos mais velhos.\nInvestigadores neerlandeses investigaram em que medida a sazonalidade do RSV e a latitude\/regi\u00e3o de resid\u00eancia podem desempenhar um papel na propaga\u00e7\u00e3o do v\u00edrus e no controlo da infe\u00e7\u00e3o. <\/strong><\/p>\n\n\n\n<div class=\"pmpro\"><div class=\"pmpro_card pmpro_content_message\"><div class=\"pmpro_card_content\">Dieser Inhalt ist nur f\u00fcr Benutzer der Gruppe: Medizinische Fachperson zug\u00e4nglich <br \/><a href=\"https:\/\/medizinonline.com\/pt-pt\/a-minha-conta\/pacotes\/\">Jetzt beitreten<\/a><\/div><div class=\"pmpro_card_actions pmpro_font-medium\">Already a member? <a href=\"https:\/\/medizinonline.com\/pt-pt\/iniciar-sessao\/?redirect_to=https%3A%2F%2Fmedizinonline.com%2Fpt-pt%2Fuma-questao-de-sazonalidade%2F\">Log in here<\/a><\/div><\/div><\/div>","protected":false},"excerpt":{"rendered":"<p>As provas epidemiol\u00f3gicas sugerem que o v\u00edrus sincicial respirat\u00f3rio (VSR) pode ter efeitos semelhantes aos da gripe n\u00e3o pand\u00e9mica em adultos mais velhos. Investigadores neerlandeses investigaram em que medida a&#8230;&hellip;... <\/p>\n<div class=\"pmpro\"><div class=\"pmpro_card pmpro_content_message\"><div class=\"pmpro_card_content\">Dieser Inhalt ist nur f\u00fcr Benutzer der Gruppe: Medizinische Fachperson zug\u00e4nglich <br \/><a href=\"https:\/\/medizinonline.com\/pt-pt\/a-minha-conta\/pacotes\/\">Jetzt beitreten<\/a><\/div><div class=\"pmpro_card_actions pmpro_font-medium\">Already a member? <a href=\"https:\/\/medizinonline.com\/pt-pt\/iniciar-sessao\/?redirect_to=https%3A%2F%2Fmedizinonline.com%2Fpt-pt%2Fuma-questao-de-sazonalidade%2F\">Log in here<\/a><\/div><\/div><\/div>","protected":false},"author":7,"featured_media":384313,"comment_status":"closed","ping_status":"closed","sticky":false,"template":"","format":"standard","meta":{"_acf_changed":false,"pmpro_default_level":"","cat_1_feature_home_top":false,"cat_2_editor_pick":false,"csco_eyebrow_text":"V\u00edrus sincicial respirat\u00f3rio  ","footnotes":""},"category":[11305,11524,11421,11450,11547,11551,11521],"tags":[77676,77675,30702,22786,77674,36752,69455],"powerkit_post_featured":[],"class_list":["post-384312","post","type-post","status-publish","format-standard","has-post-thumbnail","category-medicina-interna-geral","category-formacao-continua","category-infecciologia","category-pediatria-pt-pt","category-pneumologia-pt-pt","category-rx-pt","category-estudos","tag-antigenios","tag-controlo-da-infecao","tag-epidemia-pt-pt","tag-rsv-pt-pt","tag-sazonalidade","tag-serologia","tag-virus-sincicial-respiratorio","pmpro-level-required","pmpro-level-1","pmpro-no-access"],"acf":[],"publishpress_future_action":{"enabled":false,"date":"2026-05-04 12:13:02","action":"change-status","newStatus":"draft","terms":[],"taxonomy":"category","extraData":[]},"publishpress_future_workflow_manual_trigger":{"enabledWorkflows":[]},"wpml_current_locale":"pt_PT","wpml_translations":{"es_ES":{"locale":"es_ES","id":384309,"slug":"una-cuestion-de-estacionalidad","post_title":"Una cuesti\u00f3n de estacionalidad","href":"https:\/\/medizinonline.com\/es\/una-cuestion-de-estacionalidad\/"}},"_links":{"self":[{"href":"https:\/\/medizinonline.com\/pt-pt\/wp-json\/wp\/v2\/posts\/384312","targetHints":{"allow":["GET"]}}],"collection":[{"href":"https:\/\/medizinonline.com\/pt-pt\/wp-json\/wp\/v2\/posts"}],"about":[{"href":"https:\/\/medizinonline.com\/pt-pt\/wp-json\/wp\/v2\/types\/post"}],"author":[{"embeddable":true,"href":"https:\/\/medizinonline.com\/pt-pt\/wp-json\/wp\/v2\/users\/7"}],"replies":[{"embeddable":true,"href":"https:\/\/medizinonline.com\/pt-pt\/wp-json\/wp\/v2\/comments?post=384312"}],"version-history":[{"count":3,"href":"https:\/\/medizinonline.com\/pt-pt\/wp-json\/wp\/v2\/posts\/384312\/revisions"}],"predecessor-version":[{"id":387300,"href":"https:\/\/medizinonline.com\/pt-pt\/wp-json\/wp\/v2\/posts\/384312\/revisions\/387300"}],"wp:featuredmedia":[{"embeddable":true,"href":"https:\/\/medizinonline.com\/pt-pt\/wp-json\/wp\/v2\/media\/384313"}],"wp:attachment":[{"href":"https:\/\/medizinonline.com\/pt-pt\/wp-json\/wp\/v2\/media?parent=384312"}],"wp:term":[{"taxonomy":"category","embeddable":true,"href":"https:\/\/medizinonline.com\/pt-pt\/wp-json\/wp\/v2\/category?post=384312"},{"taxonomy":"post_tag","embeddable":true,"href":"https:\/\/medizinonline.com\/pt-pt\/wp-json\/wp\/v2\/tags?post=384312"},{"taxonomy":"powerkit_post_featured","embeddable":true,"href":"https:\/\/medizinonline.com\/pt-pt\/wp-json\/wp\/v2\/powerkit_post_featured?post=384312"}],"curies":[{"name":"wp","href":"https:\/\/api.w.org\/{rel}","templated":true}]}}