{"id":386168,"date":"2024-10-11T14:00:00","date_gmt":"2024-10-11T12:00:00","guid":{"rendered":"https:\/\/medizinonline.com\/?p=386168"},"modified":"2024-10-03T17:57:52","modified_gmt":"2024-10-03T15:57:52","slug":"dor-abdominal-carcinoma-do-reto","status":"publish","type":"post","link":"https:\/\/medizinonline.com\/pt-pt\/dor-abdominal-carcinoma-do-reto\/","title":{"rendered":"Dor abdominal &#8211; carcinoma do reto"},"content":{"rendered":"\n<p><strong>Os carcinomas colorrectais ocorrem normalmente como uma transforma\u00e7\u00e3o dentro de p\u00f3lipos adenomatosos. A ecografia percut\u00e2nea do abd\u00f3men \u00e9 geralmente realizada como exame explorat\u00f3rio do abd\u00f3men (f\u00edgado, ascite, c\u00e1lculos biliares) e tamb\u00e9m fornece informa\u00e7\u00f5es sobre carcinomas do c\u00f3lon que crescem para al\u00e9m do \u00f3rg\u00e3o. Dependendo do problema, pode tamb\u00e9m recorrer-se \u00e0 radiografia, \u00e0 TAC ou \u00e0 RMN. Esta \u00faltima \u00e9 atualmente a norma de ouro para o diagn\u00f3stico de dissemina\u00e7\u00e3o localizada.   <\/strong><\/p>\n\n\n\n<!--more-->\n\n\n\n<p>O carcinoma colorrectal \u00e9 uma das tr\u00eas neoplasias malignas mais comuns no mundo ocidental e \u00e9 o segundo tumor maligno mais comum nas mulheres [1]. Cerca de um ter\u00e7o destes tumores localiza-se no reto. Isto corresponde a cerca de 18.000 novos casos por ano [4]. 90\u201395% dos tumores s\u00e3o adenocarcinomas. O pico de idade situa-se entre os 50 e os 70 anos. Homens e mulheres s\u00e3o afectados em igual n\u00famero. Muitos carcinomas colorrectais desenvolvem-se a partir de p\u00f3lipos. Os sintomas desenvolvem-se relativamente tarde. Aquando do diagn\u00f3stico inicial, \u00e9 frequente o crescimento do tumor para al\u00e9m da parede e a ocorr\u00eancia de met\u00e1stases em cerca de 25% dos doentes. A taxa m\u00e9dia de sobreviv\u00eancia a 5 anos \u00e9 de 50%. No est\u00e1dio Dukes A \u00e9 de cerca de 90%, no est\u00e1dio Dukes D \u00e9 de 10%. Sangue nas fezes, diarreia e obstipa\u00e7\u00e3o alternadas e tenesmo ocasional indicam uma massa no c\u00f3lon. Ocorrem por vezes febre, suores noturnos, perda de peso, diminui\u00e7\u00e3o do rendimento, fadiga e anemia.<\/p>\n\n\n\n<p>O principal procedimento de diagn\u00f3stico para detetar o cancro do reto ou do c\u00f3lon \u00e9 a endoscopia.\nEste procedimento permite que as fases pr\u00e9-cancerosas, como os p\u00f3lipos da mucosa ou os adenomas, sejam detectadas e removidas numa fase precoce e que os tumores manifestos sejam diagnosticados e confirmados histologicamente [6].\nAs recomenda\u00e7\u00f5es para o rastreio variam consoante a hist\u00f3ria familiar e o risco heredit\u00e1rio.\nOs factores de risco est\u00e3o enumerados na<strong> Tabela 1<\/strong>.   <\/p>\n\n\n<div class=\"wp-block-image\">\n<figure class=\"aligncenter size-full is-resized\"><a href=\"https:\/\/medizinonline.com\/wp-content\/uploads\/2024\/10\/tab1_OH4_s22.png\"><img fetchpriority=\"high\" decoding=\"async\" width=\"1098\" height=\"430\" src=\"https:\/\/medizinonline.com\/wp-content\/uploads\/2024\/10\/tab1_OH4_s22.png\" alt=\"\" class=\"wp-image-385756\" style=\"width:500px\" srcset=\"https:\/\/medizinonline.com\/wp-content\/uploads\/2024\/10\/tab1_OH4_s22.png 1098w, https:\/\/medizinonline.com\/wp-content\/uploads\/2024\/10\/tab1_OH4_s22-800x313.png 800w\" sizes=\"(max-width: 1098px) 100vw, 1098px\" \/><\/a><\/figure>\n<\/div>\n\n\n<p>O exame cl\u00ednico permite classificar a mobilidade do tumor, enquanto a endoscopia permite determinar a dist\u00e2ncia do tumor aboral \u00e0 linha dentada ou \u00e0 linha anocut\u00e2nea [5].\nOs achados da resson\u00e2ncia magn\u00e9tica s\u00e3o de grande import\u00e2ncia para o planeamento do tratamento.\nNo carcinoma inicial sem factores de risco, pode ser realizada uma excis\u00e3o local, a ressec\u00e7\u00e3o cir\u00fargica com linfadenectomia, minimamente invasiva ou cirurgia aberta, \u00e9 a terapia padr\u00e3o, combinada com conceitos de tratamento neoadjuvante.\nA terapia complexa pode levar a uma s\u00edndrome p\u00f3s-ressec\u00e7\u00e3o <em>(s\u00edndrome da ressec\u00e7\u00e3o anterior baixa,<\/em> LARS) em mais de 50% dos doentes.\nEsta inclui contin\u00eancia limitada, vontade de defecar e defeca\u00e7\u00e3o frequente.    <\/p>\n\n\n\n<p><em>A radiografia <\/em>de t\u00f3rax faz parte do estadiamento e esclarecimento das met\u00e1stases pulmonares [4].<\/p>\n\n\n\n<p><em>Sonograficamente, <\/em>a endossonografia \u00e9 superior \u00e0 ultrassonografia abdominal, mas deve ser sempre correlacionada com os achados da resson\u00e2ncia magn\u00e9tica [5].  <\/p>\n\n\n\n<p><em>A tomografia computorizada<\/em> deve ser utilizada para imagiologia transversal adicional no caso de achados pulmonares ou abdominais pouco claros [4].\nOs achados locais do carcinoma do reto podem ser consp\u00edcuos devido ao espessamento segmentar da parede ou a massas intraluminais poliposas [2].\nPodem ser detectados g\u00e2nglios linf\u00e1ticos locais aumentados, met\u00e1stases hep\u00e1ticas e filias mesent\u00e9ricas e omentais.\nOs processos inflamat\u00f3rios, como a diverticulite ou a apendicite, podem simular uma malignidade [6].   <\/p>\n\n\n\n<p><em>A colonografia por TC<\/em> tornou-se relativamente silenciosa nos \u00faltimos anos.\nO FDG-PET-CT \u00e9 uma ferramenta de diagn\u00f3stico valiosa como procedimento imagiol\u00f3gico complementar para a verifica\u00e7\u00e3o de les\u00f5es metast\u00e1ticas. <\/p>\n\n\n\n<p><em>Os exames de resson\u00e2ncia magn\u00e9tica<\/em> s\u00e3o muito adequados para diferenciar os carcinomas do reto.\nEstabeleceram-se como o padr\u00e3o de ouro para o diagn\u00f3stico de dissemina\u00e7\u00e3o localizada.\n [3,4]As massas poliposas ou o espessamento da parede s\u00e3o suspeitos, especialmente com um sinal baixo em T1w e um sinal interm\u00e9dio em T2w .\nAp\u00f3s a administra\u00e7\u00e3o intravenosa de Gd-DTPA, \u00e9 detet\u00e1vel um claro aumento do sinal do tumor.\nO tamanho dos g\u00e2nglios linf\u00e1ticos periproctal est\u00e1 correlacionado com o grau de malignidade.\nO realce de contraste do tumor \u00e9 baixo.     <\/p>\n\n\n<div class=\"wp-block-image\">\n<figure class=\"aligncenter size-full is-resized\"><a href=\"https:\/\/medizinonline.com\/wp-content\/uploads\/2024\/10\/abb1_OH4_s22.jpg\"><img decoding=\"async\" width=\"2185\" height=\"927\" data-src=\"https:\/\/medizinonline.com\/wp-content\/uploads\/2024\/10\/abb1_OH4_s22.jpg\" alt=\"\" class=\"wp-image-385757 lazyload\" style=\"--smush-placeholder-width: 2185px; --smush-placeholder-aspect-ratio: 2185\/927;width:500px\" data-srcset=\"https:\/\/medizinonline.com\/wp-content\/uploads\/2024\/10\/abb1_OH4_s22.jpg 2185w, https:\/\/medizinonline.com\/wp-content\/uploads\/2024\/10\/abb1_OH4_s22-800x339.jpg 800w, https:\/\/medizinonline.com\/wp-content\/uploads\/2024\/10\/abb1_OH4_s22-1160x492.jpg 1160w, https:\/\/medizinonline.com\/wp-content\/uploads\/2024\/10\/abb1_OH4_s22-1536x652.jpg 1536w, https:\/\/medizinonline.com\/wp-content\/uploads\/2024\/10\/abb1_OH4_s22-1120x475.jpg 1120w, https:\/\/medizinonline.com\/wp-content\/uploads\/2024\/10\/abb1_OH4_s22-1600x679.jpg 1600w, https:\/\/medizinonline.com\/wp-content\/uploads\/2024\/10\/abb1_OH4_s22-1920x815.jpg 1920w\" data-sizes=\"(max-width: 2185px) 100vw, 2185px\" src=\"data:image\/svg+xml;base64,PHN2ZyB3aWR0aD0iMSIgaGVpZ2h0PSIxIiB4bWxucz0iaHR0cDovL3d3dy53My5vcmcvMjAwMC9zdmciPjwvc3ZnPg==\" \/><\/a><\/figure>\n<\/div>\n\n\n<p><\/p>\n\n\n<div class=\"wp-block-image\">\n<figure class=\"aligncenter size-full is-resized\"><a href=\"https:\/\/medizinonline.com\/wp-content\/uploads\/2024\/10\/abb1_Fortsetzung_OH4_s23-scaled.jpg\"><img decoding=\"async\" width=\"1990\" height=\"2560\" data-src=\"https:\/\/medizinonline.com\/wp-content\/uploads\/2024\/10\/abb1_Fortsetzung_OH4_s23-scaled.jpg\" alt=\"\" class=\"wp-image-385758 lazyload\" style=\"--smush-placeholder-width: 1990px; --smush-placeholder-aspect-ratio: 1990\/2560;width:500px\" data-srcset=\"https:\/\/medizinonline.com\/wp-content\/uploads\/2024\/10\/abb1_Fortsetzung_OH4_s23-scaled.jpg 1990w, https:\/\/medizinonline.com\/wp-content\/uploads\/2024\/10\/abb1_Fortsetzung_OH4_s23-800x1029.jpg 800w, https:\/\/medizinonline.com\/wp-content\/uploads\/2024\/10\/abb1_Fortsetzung_OH4_s23-1160x1492.jpg 1160w, https:\/\/medizinonline.com\/wp-content\/uploads\/2024\/10\/abb1_Fortsetzung_OH4_s23-1536x1976.jpg 1536w, https:\/\/medizinonline.com\/wp-content\/uploads\/2024\/10\/abb1_Fortsetzung_OH4_s23-1120x1440.jpg 1120w, https:\/\/medizinonline.com\/wp-content\/uploads\/2024\/10\/abb1_Fortsetzung_OH4_s23-1600x2058.jpg 1600w, https:\/\/medizinonline.com\/wp-content\/uploads\/2024\/10\/abb1_Fortsetzung_OH4_s23-1920x2469.jpg 1920w\" data-sizes=\"(max-width: 1990px) 100vw, 1990px\" src=\"data:image\/svg+xml;base64,PHN2ZyB3aWR0aD0iMSIgaGVpZ2h0PSIxIiB4bWxucz0iaHR0cDovL3d3dy53My5vcmcvMjAwMC9zdmciPjwvc3ZnPg==\" \/><\/a><\/figure>\n<\/div>\n\n\n<h3 id=\"estudo-de-caso\" class=\"wp-block-heading\">Estudo de caso<\/h3>\n\n\n\n<p><strong>O estudo de caso 1 (Fig. 1A a G) <\/strong>mostra a evolu\u00e7\u00e3o de um carcinoma do reto com imagens pr\u00e9 e p\u00f3s-operat\u00f3rias numa doente de 70 anos.\nOriginalmente, tratava-se de um tumor rectal de grandes dimens\u00f5es.\nAp\u00f3s a remo\u00e7\u00e3o radical do tumor e a cria\u00e7\u00e3o de um \u00e2nus praeter, a tomografia computorizada p\u00f3s-operat\u00f3ria n\u00e3o revelou qualquer tumor residual ou recorrente.\nNo entanto, foi detectado um g\u00e2nglio linf\u00e1tico suspeito no lado il\u00edaco direito.   <\/p>\n\n\n<div class=\"wp-block-image\">\n<figure class=\"aligncenter size-full is-resized\"><a href=\"https:\/\/medizinonline.com\/wp-content\/uploads\/2024\/10\/abb2_OH4_s4.jpg\"><img decoding=\"async\" width=\"2044\" height=\"2131\" data-src=\"https:\/\/medizinonline.com\/wp-content\/uploads\/2024\/10\/abb2_OH4_s4.jpg\" alt=\"\" class=\"wp-image-385759 lazyload\" style=\"--smush-placeholder-width: 2044px; --smush-placeholder-aspect-ratio: 2044\/2131;width:500px\" data-srcset=\"https:\/\/medizinonline.com\/wp-content\/uploads\/2024\/10\/abb2_OH4_s4.jpg 2044w, https:\/\/medizinonline.com\/wp-content\/uploads\/2024\/10\/abb2_OH4_s4-800x834.jpg 800w, https:\/\/medizinonline.com\/wp-content\/uploads\/2024\/10\/abb2_OH4_s4-1160x1209.jpg 1160w, https:\/\/medizinonline.com\/wp-content\/uploads\/2024\/10\/abb2_OH4_s4-1536x1601.jpg 1536w, https:\/\/medizinonline.com\/wp-content\/uploads\/2024\/10\/abb2_OH4_s4-1120x1168.jpg 1120w, https:\/\/medizinonline.com\/wp-content\/uploads\/2024\/10\/abb2_OH4_s4-1600x1668.jpg 1600w, https:\/\/medizinonline.com\/wp-content\/uploads\/2024\/10\/abb2_OH4_s4-1920x2002.jpg 1920w\" data-sizes=\"(max-width: 2044px) 100vw, 2044px\" src=\"data:image\/svg+xml;base64,PHN2ZyB3aWR0aD0iMSIgaGVpZ2h0PSIxIiB4bWxucz0iaHR0cDovL3d3dy53My5vcmcvMjAwMC9zdmciPjwvc3ZnPg==\" \/><\/a><\/figure>\n<\/div>\n\n\n<p><strong>O caso 2 <\/strong>demonstra <strong>(Fig. 2A, B e C)<\/strong> um carcinoma estenosante circular na jun\u00e7\u00e3o rectosigmoideia com infiltra\u00e7\u00e3o local de tecido adiposo e g\u00e2nglios linf\u00e1ticos parac\u00f3licos numa doente de 61 anos.\nHavia tamb\u00e9m extensas met\u00e1stases hep\u00e1ticas. <\/p>\n\n\n\n<p><strong>Mensagens para levar para casa<\/strong><\/p>\n\n\n\n<ul class=\"wp-block-list\">\n<li>O carcinoma colorrectal \u00e9 uma das tr\u00eas doen\u00e7as malignas mais comuns no mundo ocidental.<\/li>\n\n\n\n<li>Homens e mulheres s\u00e3o igualmente afectados, com o pico da doen\u00e7a entre os 50 e os 70 anos de idade.<\/li>\n\n\n\n<li>Os adenocarcinomas constituem a maior propor\u00e7\u00e3o, com mais de 90%.<\/li>\n\n\n\n<li>A taxa m\u00e9dia de sobreviv\u00eancia a 5 anos \u00e9 de cerca de 50%.<\/li>\n\n\n\n<li>A imagiologia de estadiamento \u00e9 abrangente e as op\u00e7\u00f5es de tratamento s\u00e3o complexas.<\/li>\n<\/ul>\n\n\n\n<p><\/p>\n\n\n\n<p>Literatura:  <\/p>\n\n\n\n<ol class=\"wp-block-list\">\n<li>Beer AJ, Wieder HA, Stollfuss JC: Imaging staging of tumours of the digestive tract.\nRadiologia up2date 1; 2007: 9-27. <\/li>\n\n\n\n<li>Burgener FA, et al: Diagn\u00f3sticos diferenciais em tomografia computorizada. 2\u00aa edi\u00e7\u00e3o, completamente revista e alargada. Georg Thieme Verlag Stuttgart, Nova Iorque 2013; pp. 824, 885.  <\/li>\n\n\n\n<li>Burgener FA, et al: Differential diagnostics in MRI. Georg Thieme Verlag Stuttgart, Nova Iorque 2002; pp. 612.<\/li>\n\n\n\n<li>Ghadimi M, et al: Terapia multimodal do carcinoma do reto. Dtsch Arztebl Int 2022; 119: 570-580.<\/li>\n\n\n\n<li>Isbert C, Germer CT: Import\u00e2ncia da endoscopia e da endossonografia para o estadiamento local do cancro do reto.\nThe Surgeon 2012: 83: 430-438. <\/li>\n\n\n\n<li>Rectal cancer: early detection and prevention. <a href=\"http:\/\/www.krebsgesellschaft.de\/basis-informationen-krebs.html\" target=\"_blank\" rel=\"noopener\">www.krebsgesellschaft.de\/basis-informationen-krebs.html<\/a> (\u00faltimo acesso em 17.04.2024).<\/li>\n<\/ol>\n\n\n\n<p><\/p>\n\n\n\n<p class=\"has-small-font-size\"><em><em>InFo ONKOLOGIE &amp; H\u00c4MATOLOGIE 2024; 12(4): 22\u201324<\/em><\/em><\/p>\n","protected":false},"excerpt":{"rendered":"<p>Os carcinomas colorrectais ocorrem normalmente como uma transforma\u00e7\u00e3o dentro de p\u00f3lipos adenomatosos. A ecografia percut\u00e2nea do abd\u00f3men \u00e9 geralmente realizada como exame explorat\u00f3rio do abd\u00f3men (f\u00edgado, ascite, c\u00e1lculos biliares) e&hellip;<\/p>\n","protected":false},"author":7,"featured_media":386170,"comment_status":"closed","ping_status":"closed","sticky":false,"template":"","format":"standard","meta":{"_acf_changed":false,"pmpro_default_level":"","cat_1_feature_home_top":false,"cat_2_editor_pick":false,"csco_eyebrow_text":"Do sintoma ao diagn\u00f3stico","footnotes":""},"category":[11551,11536,11524,11407,11305,11379,11486],"tags":[45291,18749,13637,66998],"powerkit_post_featured":[],"class_list":["post-386168","post","type-post","status-publish","format-standard","has-post-thumbnail","category-rx-pt","category-casos-pt-pt","category-formacao-continua","category-gastroenterologia-e-hepatologia","category-medicina-interna-geral","category-oncologia-pt-pt","category-radiologia-pt-pt","tag-cancro-rectal","tag-carcinoma-colorrectal","tag-carcinoma-do-colon","tag-dor-abdominal-pt-pt-3","pmpro-has-access"],"acf":[],"publishpress_future_action":{"enabled":false,"date":"2026-05-07 21:26:19","action":"change-status","newStatus":"draft","terms":[],"taxonomy":"category","extraData":[]},"publishpress_future_workflow_manual_trigger":{"enabledWorkflows":[]},"wpml_current_locale":"pt_PT","wpml_translations":{"es_ES":{"locale":"es_ES","id":386104,"slug":"dolor-abdominal-carcinoma-rectal","post_title":"Dolor abdominal - carcinoma rectal","href":"https:\/\/medizinonline.com\/es\/dolor-abdominal-carcinoma-rectal\/"}},"_links":{"self":[{"href":"https:\/\/medizinonline.com\/pt-pt\/wp-json\/wp\/v2\/posts\/386168","targetHints":{"allow":["GET"]}}],"collection":[{"href":"https:\/\/medizinonline.com\/pt-pt\/wp-json\/wp\/v2\/posts"}],"about":[{"href":"https:\/\/medizinonline.com\/pt-pt\/wp-json\/wp\/v2\/types\/post"}],"author":[{"embeddable":true,"href":"https:\/\/medizinonline.com\/pt-pt\/wp-json\/wp\/v2\/users\/7"}],"replies":[{"embeddable":true,"href":"https:\/\/medizinonline.com\/pt-pt\/wp-json\/wp\/v2\/comments?post=386168"}],"version-history":[{"count":2,"href":"https:\/\/medizinonline.com\/pt-pt\/wp-json\/wp\/v2\/posts\/386168\/revisions"}],"predecessor-version":[{"id":387433,"href":"https:\/\/medizinonline.com\/pt-pt\/wp-json\/wp\/v2\/posts\/386168\/revisions\/387433"}],"wp:featuredmedia":[{"embeddable":true,"href":"https:\/\/medizinonline.com\/pt-pt\/wp-json\/wp\/v2\/media\/386170"}],"wp:attachment":[{"href":"https:\/\/medizinonline.com\/pt-pt\/wp-json\/wp\/v2\/media?parent=386168"}],"wp:term":[{"taxonomy":"category","embeddable":true,"href":"https:\/\/medizinonline.com\/pt-pt\/wp-json\/wp\/v2\/category?post=386168"},{"taxonomy":"post_tag","embeddable":true,"href":"https:\/\/medizinonline.com\/pt-pt\/wp-json\/wp\/v2\/tags?post=386168"},{"taxonomy":"powerkit_post_featured","embeddable":true,"href":"https:\/\/medizinonline.com\/pt-pt\/wp-json\/wp\/v2\/powerkit_post_featured?post=386168"}],"curies":[{"name":"wp","href":"https:\/\/api.w.org\/{rel}","templated":true}]}}