{"id":390698,"date":"2025-01-10T00:01:00","date_gmt":"2025-01-09T23:01:00","guid":{"rendered":"https:\/\/medizinonline.com\/?p=390698"},"modified":"2024-11-28T09:57:47","modified_gmt":"2024-11-28T08:57:47","slug":"sindrome-de-fanconi-bickel","status":"publish","type":"post","link":"https:\/\/medizinonline.com\/pt-pt\/sindrome-de-fanconi-bickel\/","title":{"rendered":"S\u00edndrome de Fanconi-Bickel"},"content":{"rendered":"\n<p><strong>A s\u00edndrome de Fanconi-Bickel (FBS) ocorre devido a variantes no gene SLC2A2. O diagn\u00f3stico de uma doen\u00e7a gen\u00e9tica rara pode demorar at\u00e9 5-6 anos, e ainda mais em pa\u00edses de baixo e m\u00e9dio rendimento com recursos tecnol\u00f3gicos limitados. M\u00e9dicos do Peru apresentaram o caso de uma crian\u00e7a de dois anos e meio com atraso de crescimento, hepatomegalia, acidose metab\u00f3lica, hipofosfatemia, hipocaliemia e hiperlactatemia.  <\/strong><\/p>\n\n<!--more-->\n\n<p>A s\u00edndrome de Fanconi-Bickel (OMIM #227810), uma doen\u00e7a heredit\u00e1ria autoss\u00f3mica recessiva (AR), caracteriza-se por uma combina\u00e7\u00e3o de doen\u00e7a hep\u00e1tica e renal causada por um defeito no transportador de glucose GLUT2 (gene SLC2A2). Isto leva \u00e0 acumula\u00e7\u00e3o de glicog\u00e9nio, \u00e0 disfun\u00e7\u00e3o tubular renal proximal e a uma diminui\u00e7\u00e3o da utiliza\u00e7\u00e3o da glicose e da galactose. <\/p>\n\n<p>O fen\u00f3tipo inclui falta de ganho de peso, distens\u00e3o abdominal, hepatomegalia, hipoglicemia em jejum, hiperglicemia p\u00f3s-prandial, glicos\u00faria, fosfat\u00faria, aminoacid\u00faria, poli\u00faria, acidose metab\u00f3lica, osteoporose, hipofosfatemia, raquitismo e presen\u00e7a de glicog\u00e9nio na biopsia hep\u00e1tica ou renal. Em casos raros, foi observado carcinoma hepatocelular devido \u00e0 ativa\u00e7\u00e3o da via de sinaliza\u00e7\u00e3o Wnt. No entanto, tamb\u00e9m foram notificados casos de doentes com sintomas cl\u00ednicos ligeiros, incluindo aqueles com glucos\u00faria pura. O gene SLC2A2 (OMIM *138160) cont\u00e9m 11 ex\u00f5es e a sua prote\u00edna GLUT2 \u00e9 constitu\u00edda por 524 amino\u00e1cidos e est\u00e1 localizada na membrana celular, sendo expressa em hepat\u00f3citos, enter\u00f3citos, t\u00fabulos proximais renais, c\u00e9lulas beta pancre\u00e1ticas, neur\u00f3nios e astr\u00f3citos. As variantes patog\u00e9nicas do SLC2A2 alteram a entrada e a sa\u00edda de glicose nos hepat\u00f3citos e reduzem a secre\u00e7\u00e3o de insulina devido ao aumento da sensibilidade das c\u00e9lulas beta na fase p\u00f3s-prandial.    <\/p>\n\n<h3 id=\"relato-de-caso-de-um-menino-de-2-anos-e-meio\" class=\"wp-block-heading\">Relato de caso de um menino de 2 anos e meio<\/h3>\n\n<p>Um menino de 2 anos e 7 meses, nascido e criado no Peru, da quinta gravidez de pais aparentados, apresentou-se \u00e0 equipa do Dr. Hern\u00e1n Abarca-Barriga do Instituto Nacional de Salud (INS) Peru devido a v\u00f3mitos, diarreia, acidose metab\u00f3lica, hipocaliemia e hiperlactatemia, hipoatividade e febre. Devido a estes sintomas, tinha sido hospitalizado anteriormente com 1 ano e 10 meses e 2 anos e 2 meses [1]. <\/p>\n\n<p>A crian\u00e7a nasceu com 3620 g de peso \u00e0 nascen\u00e7a, 49 cm de altura e 34 cm de per\u00edmetro cef\u00e1lico (percentil normal) e Apgar 8-9. Em termos de desenvolvimento psicomotor, conseguiu controlar a cabe\u00e7a com um m\u00eas, sentou-se sem ajuda aos sete meses e andou com apoio com um ano e seis meses. Falou as suas primeiras palavras com um ano e cinco meses, disse duas palavras com dois anos e nove meses e mostrou um sorriso social com um ano. Com 1 ano e 8 meses de idade, foi avaliado por apresentar baixo peso e crescimento reduzido, diarreia cr\u00f3nica, febre e aumento do volume abdominal <strong>(Fig. 1).<\/strong>   <\/p>\n<div class=\"wp-block-image\">\n<figure class=\"aligncenter size-full is-resized\"><a href=\"https:\/\/medizinonline.com\/wp-content\/uploads\/2024\/11\/abb1_HP11_s49.jpg\"><img fetchpriority=\"high\" decoding=\"async\" width=\"919\" height=\"911\" src=\"https:\/\/medizinonline.com\/wp-content\/uploads\/2024\/11\/abb1_HP11_s49.jpg\" alt=\"\" class=\"wp-image-390610\" style=\"width:400px\" srcset=\"https:\/\/medizinonline.com\/wp-content\/uploads\/2024\/11\/abb1_HP11_s49.jpg 919w, https:\/\/medizinonline.com\/wp-content\/uploads\/2024\/11\/abb1_HP11_s49-800x793.jpg 800w, https:\/\/medizinonline.com\/wp-content\/uploads\/2024\/11\/abb1_HP11_s49-90x90.jpg 90w, https:\/\/medizinonline.com\/wp-content\/uploads\/2024\/11\/abb1_HP11_s49-80x80.jpg 80w, https:\/\/medizinonline.com\/wp-content\/uploads\/2024\/11\/abb1_HP11_s49-120x120.jpg 120w\" sizes=\"(max-width: 919px) 100vw, 919px\" \/><\/a><\/figure>\n<\/div>\n<p>Aquando da admiss\u00e3o, os m\u00e9dicos diagnosticaram uma testa saliente, hepatomegalia, hipotonia e uma deformidade pseudo-madelung. O peso e a altura da crian\u00e7a estavam abaixo do primeiro percentil desde os seis meses de idade, enquanto o seu per\u00edmetro cef\u00e1lico estava dentro da norma. As radiografias mostravam desgaste e alargamento das met\u00e1fises do f\u00e9mur (distal) e da t\u00edbia (proximal), consistentes com raquitismo.  <\/p>\n\n<h3 id=\"os-resultados-clinicos-e-laboratoriais-sugerem-que-o-fbs\" class=\"wp-block-heading\">Os resultados cl\u00ednicos e laboratoriais sugerem que o FBS<\/h3>\n\n<p>O jovem doente apresentava hipoglicemia, hipo e hipercalcemia, hipofosfatemia, hipercolesterolemia, hipertrigliceridemia, hiperfosfatemia, hipocaliemia com diarreia e v\u00f3mitos, hiperlactatemia e hipouricemia. A urin\u00e1lise revelou valores normais de pH e HCO3, mas hiperprotein\u00faria, hipocreatin\u00faria, microalbumin\u00faria, hiperglicos\u00faria e hipercalci\u00faria. O rapaz apresentava tamb\u00e9m trombocitose. A gasimetria venosa mostrava um pH de 7,261-7,5 mmHg, HCO3 de 7,5-28,8 mmHg e um excesso de bases de -15,8 a +5,3. Estas an\u00e1lises levaram ao diagn\u00f3stico de acidose tubular renal. A ecografia abdominal mostrava hepatomegalia e n\u00e3o havia sinais de fibrose ou nefromegalia.     <\/p>\n\n<p>A bi\u00f3psia hep\u00e1tica revelou uma arquitetura hep\u00e1tica parcialmente distorcida devido \u00e0 presen\u00e7a de algum alargamento fibroso do espa\u00e7o portal, infiltrado inflamat\u00f3rio de linf\u00f3citos, hepat\u00f3citos grandes e em bal\u00e3o com um padr\u00e3o em mosaico e fibrose pericelular ligeira. A colora\u00e7\u00e3o peri\u00f3dica de \u00e1cido-Schiff com di\u00e1stase destaca dep\u00f3sitos eosinof\u00edlicos nos hepat\u00f3citos que se correlacionam com a deposi\u00e7\u00e3o de glicog\u00e9nio. Com base nestes achados cl\u00ednicos e laboratoriais, os m\u00e9dicos suspeitaram da s\u00edndrome de Fanconi-Bickel (FBS).  <\/p>\n\n<h3 id=\"a-sequenciacao-do-exoma-identificou-uma-variante-patogenica-homozigotica\" class=\"wp-block-heading\">A sequencia\u00e7\u00e3o do exoma identificou uma variante patog\u00e9nica homozig\u00f3tica<\/h3>\n\n<p>Os resultados dos testes gen\u00e9ticos foram obtidos com 1 ano e 8 meses de idade, utilizando ADN gen\u00f3mico. Foi identificado um total de 131.477 variantes anotadas em 18.179 genes, excluindo as variantes que eram provavelmente benignas ou ligeiras. Para identificar as variantes associadas ao fen\u00f3tipo do doente, foram utilizados os termos &#8220;failure to thrive&#8221; (HPO: 0001508) e &#8220;hepatomegaly&#8221; (HPO: 0002240), tendo os autores referido que foi considerado um limiar de frequ\u00eancia al\u00e9lica populacional de 1%. Devido a hipofosfatemia, raquitismo e armazenamento de glicog\u00e9nio no f\u00edgado, os investigadores tamb\u00e9m procuraram manualmente variantes no SLC2A2. Devido \u00e0 consanguinidade parental, foi dada prioridade \u00e0 an\u00e1lise de homozigotos. Foi utilizada uma frequ\u00eancia de alelos variantes (VAF) superior a 0,9 para selecionar potenciais genes candidatos. A sequencia\u00e7\u00e3o do exoma identificou uma variante homozig\u00f3tica sem sentido no gene SLC2A2, que foi descrita como patog\u00e9nica.      <\/p>\n\n<p>O diagn\u00f3stico cl\u00ednico do doente baseou-se na presen\u00e7a de hepatomegalia, hipoglicemia, glicos\u00faria, hipofosfatemia, hiperfosfatemia, hipouricemia, raquitismo, deformidade pseudo-madelung e acidose tubular renal. No entanto, n\u00e3o foi poss\u00edvel determinar a presen\u00e7a de aminoacid\u00faria, uma vez que o teste n\u00e3o estava dispon\u00edvel no local. Esta excre\u00e7\u00e3o insuficiente de amino\u00e1cidos teria facilitado o diagn\u00f3stico cl\u00ednico-bioqu\u00edmico, explicam os autores. A confirma\u00e7\u00e3o molecular utilizando a sequencia\u00e7\u00e3o Sanger do gene SLCA2 foi outro obst\u00e1culo, uma vez que este teste n\u00e3o est\u00e1 dispon\u00edvel no Peru. Dado o acesso limitado a testes gen\u00e9ticos no pa\u00eds, n\u00e3o foi poss\u00edvel confirmar a presen\u00e7a da variante nos familiares de primeiro grau do doente, sublinham os autores. A sequencia\u00e7\u00e3o do exoma permitiu aos investigadores identificar com precis\u00e3o a variante homozig\u00f3tica neste caso.     <\/p>\n<div class=\"wp-block-image\">\n<figure class=\"aligncenter size-full is-resized\"><a href=\"https:\/\/medizinonline.com\/wp-content\/uploads\/2024\/11\/tab1_HP11_s48.png\"><img decoding=\"async\" width=\"2181\" height=\"892\" data-src=\"https:\/\/medizinonline.com\/wp-content\/uploads\/2024\/11\/tab1_HP11_s48.png\" alt=\"\" class=\"wp-image-390611 lazyload\" style=\"--smush-placeholder-width: 2181px; --smush-placeholder-aspect-ratio: 2181\/892;width:500px\" data-srcset=\"https:\/\/medizinonline.com\/wp-content\/uploads\/2024\/11\/tab1_HP11_s48.png 2181w, https:\/\/medizinonline.com\/wp-content\/uploads\/2024\/11\/tab1_HP11_s48-800x327.png 800w, https:\/\/medizinonline.com\/wp-content\/uploads\/2024\/11\/tab1_HP11_s48-1160x474.png 1160w, https:\/\/medizinonline.com\/wp-content\/uploads\/2024\/11\/tab1_HP11_s48-1536x628.png 1536w, https:\/\/medizinonline.com\/wp-content\/uploads\/2024\/11\/tab1_HP11_s48-1120x458.png 1120w, https:\/\/medizinonline.com\/wp-content\/uploads\/2024\/11\/tab1_HP11_s48-1600x654.png 1600w, https:\/\/medizinonline.com\/wp-content\/uploads\/2024\/11\/tab1_HP11_s48-1920x785.png 1920w\" data-sizes=\"(max-width: 2181px) 100vw, 2181px\" src=\"data:image\/svg+xml;base64,PHN2ZyB3aWR0aD0iMSIgaGVpZ2h0PSIxIiB4bWxucz0iaHR0cDovL3d3dy53My5vcmcvMjAwMC9zdmciPjwvc3ZnPg==\" \/><\/a><\/figure>\n<\/div>\n<p>De acordo com o Dr. Abarca-Barriga e colegas, o aumento observado no lactato sangu\u00edneo pode dever-se a uma carga acrescida de glucose proveniente do metabolismo anaer\u00f3bico. Al\u00e9m disso, um baixo n\u00edvel de \u00e1cido \u00farico devido \u00e0 disfun\u00e7\u00e3o dos t\u00fabulos proximais faz parte do fen\u00f3tipo dos doentes com FBS, levando \u00e0 hiperuricos\u00faria. \u00c9 prov\u00e1vel que algumas carater\u00edsticas cl\u00ednicas, como o atraso no desenvolvimento da fala, tamb\u00e9m estejam associadas \u00e0 presen\u00e7a de hipoglicemia cr\u00f3nica.  <\/p>\n\n<p>Atualmente, n\u00e3o existe uma terapia causal para a s\u00edndrome de Fanconi-Bickel. O jovem doente foi tratado com bicarbonato, amlodipina, citrato de s\u00f3dio e solu\u00e7\u00e3o de \u00e1cido c\u00edtrico, enalapril, alendronato e zolendronato e recebeu tratamento diet\u00e9tico com amido de milho n\u00e3o cozinhado, o que levou a uma melhoria do peso e da altura. Al\u00e9m disso, os autores sublinham que o doente apresentou uma melhoria de 1 desvio-padr\u00e3o (DP) no peso e na altura desde o in\u00edcio do tratamento diet\u00e9tico com amido de milho n\u00e3o cozinhado. Por conseguinte, a utiliza\u00e7\u00e3o de amido de milho \u00e9 essencial n\u00e3o s\u00f3 para prevenir a hipoglicemia nocturna, mas tamb\u00e9m para melhorar a altura e o peso do doente.   <\/p>\n\n<p>Literatura:<\/p>\n\n<ol class=\"wp-block-list\">\n<li>Abarca-Barriga HH, et al.: Importance about use of high-throughput sequencing in pediatric: case report of a patient with Fanconi-Bickel syndrome. BMC Pediatr 2024; 24: 161; doi: 10.1186\/s12887-024-04641-1.<\/li>\n<\/ol>\n\n<p><\/p>\n\n<p class=\"has-small-font-size\"><em>HAUSARZT PRAXIS 2024; 19(11): 48\u201349<\/em><\/p>\n","protected":false},"excerpt":{"rendered":"<p>A s\u00edndrome de Fanconi-Bickel (FBS) ocorre devido a variantes no gene SLC2A2. O diagn\u00f3stico de uma doen\u00e7a gen\u00e9tica rara pode demorar at\u00e9 5-6 anos, e ainda mais em pa\u00edses de&hellip;<\/p>\n","protected":false},"author":7,"featured_media":390699,"comment_status":"closed","ping_status":"closed","sticky":false,"template":"","format":"standard","meta":{"_acf_changed":false,"pmpro_default_level":"","cat_1_feature_home_top":false,"cat_2_editor_pick":false,"csco_eyebrow_text":"Doen\u00e7as raras  ","footnotes":""},"category":[11524,11407,11411,11305,11426,11450,11551],"tags":[25000,79739,44839,65551,13635,48366,79742,79741,71392,79740,79738],"powerkit_post_featured":[],"class_list":["post-390698","post","type-post","status-publish","format-standard","has-post-thumbnail","category-formacao-continua","category-gastroenterologia-e-hepatologia","category-genetica-pt-pt","category-medicina-interna-geral","category-nefrologia-pt-pt","category-pediatria-pt-pt","category-rx-pt","tag-acidose-metabolica","tag-doenca-genetica","tag-doenca-rara-pt-pt","tag-doenca-rara-pt-pt-2","tag-doencas-raras","tag-falha-em-prosperar","tag-fbs-pt-pt","tag-gene-slc2a2","tag-hepatomegalia","tag-hipofosfatemia-pt-pt","tag-sindrome-de-fanconi-bickel-pt-pt","pmpro-has-access"],"acf":[],"publishpress_future_action":{"enabled":false,"date":"2026-05-07 20:28:45","action":"change-status","newStatus":"draft","terms":[],"taxonomy":"category","extraData":[]},"publishpress_future_workflow_manual_trigger":{"enabledWorkflows":[]},"wpml_current_locale":"pt_PT","wpml_translations":{"es_ES":{"locale":"es_ES","id":390693,"slug":"sindrome-de-fanconi-bickel","post_title":"S\u00edndrome de Fanconi-Bickel","href":"https:\/\/medizinonline.com\/es\/sindrome-de-fanconi-bickel\/"}},"_links":{"self":[{"href":"https:\/\/medizinonline.com\/pt-pt\/wp-json\/wp\/v2\/posts\/390698","targetHints":{"allow":["GET"]}}],"collection":[{"href":"https:\/\/medizinonline.com\/pt-pt\/wp-json\/wp\/v2\/posts"}],"about":[{"href":"https:\/\/medizinonline.com\/pt-pt\/wp-json\/wp\/v2\/types\/post"}],"author":[{"embeddable":true,"href":"https:\/\/medizinonline.com\/pt-pt\/wp-json\/wp\/v2\/users\/7"}],"replies":[{"embeddable":true,"href":"https:\/\/medizinonline.com\/pt-pt\/wp-json\/wp\/v2\/comments?post=390698"}],"version-history":[{"count":3,"href":"https:\/\/medizinonline.com\/pt-pt\/wp-json\/wp\/v2\/posts\/390698\/revisions"}],"predecessor-version":[{"id":390871,"href":"https:\/\/medizinonline.com\/pt-pt\/wp-json\/wp\/v2\/posts\/390698\/revisions\/390871"}],"wp:featuredmedia":[{"embeddable":true,"href":"https:\/\/medizinonline.com\/pt-pt\/wp-json\/wp\/v2\/media\/390699"}],"wp:attachment":[{"href":"https:\/\/medizinonline.com\/pt-pt\/wp-json\/wp\/v2\/media?parent=390698"}],"wp:term":[{"taxonomy":"category","embeddable":true,"href":"https:\/\/medizinonline.com\/pt-pt\/wp-json\/wp\/v2\/category?post=390698"},{"taxonomy":"post_tag","embeddable":true,"href":"https:\/\/medizinonline.com\/pt-pt\/wp-json\/wp\/v2\/tags?post=390698"},{"taxonomy":"powerkit_post_featured","embeddable":true,"href":"https:\/\/medizinonline.com\/pt-pt\/wp-json\/wp\/v2\/powerkit_post_featured?post=390698"}],"curies":[{"name":"wp","href":"https:\/\/api.w.org\/{rel}","templated":true}]}}