{"id":390798,"date":"2025-01-06T00:01:00","date_gmt":"2025-01-05T23:01:00","guid":{"rendered":"https:\/\/medizinonline.com\/?p=390798"},"modified":"2024-11-27T10:09:42","modified_gmt":"2024-11-27T09:09:42","slug":"dor-abdominal-intussuscecao-e-outras-deslocacoes-do-intestino","status":"publish","type":"post","link":"https:\/\/medizinonline.com\/pt-pt\/dor-abdominal-intussuscecao-e-outras-deslocacoes-do-intestino\/","title":{"rendered":"Dor abdominal &#8211; intussusce\u00e7\u00e3o e outras desloca\u00e7\u00f5es do intestino"},"content":{"rendered":"\n<p><strong>Na intussusce\u00e7\u00e3o, uma sec\u00e7\u00e3o do intestino \u00e9 empurrada para dentro da sec\u00e7\u00e3o vizinha. Esta altera\u00e7\u00e3o \u00e9 tamb\u00e9m conhecida como intussusce\u00e7\u00e3o. A parte intussusceptada do intestino \u00e9 o invaginado, a parte intussusceptiva do intestino \u00e9 o invaginado. A causa \u00e9 frequentemente desconhecida.   <\/strong><\/p>\n\n<!--more-->\n\n<p>As dores de est\u00f4mago s\u00fabitas e os v\u00f3mitos intermitentes, por vezes biliosos, em muitos casos v\u00e1rias vezes por hora, indicam a altera\u00e7\u00e3o. Os epis\u00f3dios duram cerca de 15 a 20 minutos. Nas crian\u00e7as, nota-se uma postura relaxada com as pernas dobradas.  <\/p>\n\n<p>A persist\u00eancia dos sintomas de dor pode indicar o desenvolvimento de uma complica\u00e7\u00e3o. [3,4,6] No decurso posterior, podem ocorrer fezes com sangue (&#8220;geleia de framboesa&#8221;). A intussusce\u00e7\u00e3o intestinal \u00e9 a causa mais comum de obstru\u00e7\u00e3o intestinal em crian\u00e7as, especialmente em beb\u00e9s entre os 6 meses e os 3 anos de idade. 75% dos doentes jovens t\u00eam menos de 2 anos de idade. O sexo masculino \u00e9 ligeiramente mais afetado. Em cerca de 25% das crian\u00e7as afectadas, a intussusce\u00e7\u00e3o \u00e9 desencadeada por uma altera\u00e7\u00e3o patol\u00f3gica causal <strong>(vis\u00e3o geral 1). <\/strong>Se n\u00e3o ocorrer uma redu\u00e7\u00e3o espont\u00e2nea, pode tentar-se reparar o intestino, por exemplo, atrav\u00e9s de insufla\u00e7\u00e3o de ar (com um risco acrescido de perfura\u00e7\u00e3o da parede intestinal) ou de um enema com soro fisiol\u00f3gico ou meio de contraste sob controlo ecogr\u00e1fico ou fluorosc\u00f3pico. A taxa de recorr\u00eancia da manipula\u00e7\u00e3o \u00e9 de cerca de 5 a 10%. Por conseguinte, a monitoriza\u00e7\u00e3o por ultra-sons deve ser efectuada nas 24 horas seguintes. Se a redu\u00e7\u00e3o n\u00e3o for bem sucedida, existe o risco de isqu\u00e9mia da parede intestinal com subsequente gangrena e peritonite aguda. O tratamento cir\u00fargico \u00e9 ent\u00e3o inevit\u00e1vel, o mais tardar. As indica\u00e7\u00f5es para cirurgia est\u00e3o resumidas na <strong>Figura 2<\/strong>. Cerca de 6% das intussuscep\u00e7\u00f5es ocorrem em adultos [5].             <\/p>\n<div class=\"wp-block-image\">\n<figure class=\"aligncenter size-full is-resized\"><a href=\"https:\/\/medizinonline.com\/?attachment_id=390597\"><img fetchpriority=\"high\" decoding=\"async\" width=\"908\" height=\"658\" src=\"https:\/\/medizinonline.com\/wp-content\/uploads\/2024\/11\/Ubersicht1_HP11_s44.png\" alt=\"\" class=\"wp-image-390597\" style=\"width:400px\" srcset=\"https:\/\/medizinonline.com\/wp-content\/uploads\/2024\/11\/Ubersicht1_HP11_s44.png 908w, https:\/\/medizinonline.com\/wp-content\/uploads\/2024\/11\/Ubersicht1_HP11_s44-800x580.png 800w\" sizes=\"(max-width: 908px) 100vw, 908px\" \/><\/a><\/figure>\n<\/div><div class=\"wp-block-image\">\n<figure class=\"aligncenter size-full is-resized\"><a href=\"https:\/\/medizinonline.com\/wp-content\/uploads\/2024\/11\/Ubersicht2_HP11_s44.png\"><img decoding=\"async\" width=\"908\" height=\"352\" data-src=\"https:\/\/medizinonline.com\/wp-content\/uploads\/2024\/11\/Ubersicht2_HP11_s44.png\" alt=\"\" class=\"wp-image-390598 lazyload\" style=\"--smush-placeholder-width: 908px; --smush-placeholder-aspect-ratio: 908\/352;width:400px\" data-srcset=\"https:\/\/medizinonline.com\/wp-content\/uploads\/2024\/11\/Ubersicht2_HP11_s44.png 908w, https:\/\/medizinonline.com\/wp-content\/uploads\/2024\/11\/Ubersicht2_HP11_s44-800x310.png 800w\" data-sizes=\"(max-width: 908px) 100vw, 908px\" src=\"data:image\/svg+xml;base64,PHN2ZyB3aWR0aD0iMSIgaGVpZ2h0PSIxIiB4bWxucz0iaHR0cDovL3d3dy53My5vcmcvMjAwMC9zdmciPjwvc3ZnPg==\" \/><\/a><\/figure>\n<\/div>\n<p>As intussuscep\u00e7\u00f5es podem ocorrer em diferentes partes do intestino. <strong>A figura 3<\/strong> mostra as diferentes localiza\u00e7\u00f5es.<\/p>\n<div class=\"wp-block-image\">\n<figure class=\"aligncenter size-full is-resized\"><a href=\"https:\/\/medizinonline.com\/wp-content\/uploads\/2024\/11\/Ubersicht3_HP11_s44.png\"><img decoding=\"async\" width=\"899\" height=\"445\" data-src=\"https:\/\/medizinonline.com\/wp-content\/uploads\/2024\/11\/Ubersicht3_HP11_s44.png\" alt=\"\" class=\"wp-image-390599 lazyload\" style=\"--smush-placeholder-width: 899px; --smush-placeholder-aspect-ratio: 899\/445;width:400px\" data-srcset=\"https:\/\/medizinonline.com\/wp-content\/uploads\/2024\/11\/Ubersicht3_HP11_s44.png 899w, https:\/\/medizinonline.com\/wp-content\/uploads\/2024\/11\/Ubersicht3_HP11_s44-800x396.png 800w\" data-sizes=\"(max-width: 899px) 100vw, 899px\" src=\"data:image\/svg+xml;base64,PHN2ZyB3aWR0aD0iMSIgaGVpZ2h0PSIxIiB4bWxucz0iaHR0cDovL3d3dy53My5vcmcvMjAwMC9zdmciPjwvc3ZnPg==\" \/><\/a><\/figure>\n<\/div>\n<p>Para al\u00e9m dos sintomas cl\u00ednicos, a palpa\u00e7\u00e3o abdominal pode revelar um tumor cil\u00edndrico e o exame rectal pode revelar sangue.  <\/p>\n\n<p>A intussusce\u00e7\u00e3o intestinal \u00e9 uma forma poss\u00edvel de desloca\u00e7\u00e3o intestinal. As hemorr\u00f3idas tamb\u00e9m podem levar a um prolapso anal ou rectal. O diagn\u00f3stico cl\u00ednico \u00e9 ent\u00e3o claro [1]. No entanto, a desloca\u00e7\u00e3o externa do c\u00f3lon tamb\u00e9m \u00e9 poss\u00edvel no p\u00f3s-operat\u00f3rio se for criado um \u00e2nus praeter.   <\/p>\n\n<p>Outra forma de deslocamento intestinal \u00e9 o v\u00f3lvulo [8]. Isto envolve uma tor\u00e7\u00e3o ou emaranhamento de partes do intestino. As consequ\u00eancias podem ser obstru\u00e7\u00e3o intestinal ou gangrena. Trata-se de uma emerg\u00eancia abdominal. Os sintomas s\u00e3o semelhantes aos da intussusce\u00e7\u00e3o. O deslocamento de partes do intestino de sua posi\u00e7\u00e3o normal sem v\u00f3lvulo tamb\u00e9m pode ser sintom\u00e1tico se ocorrer altera\u00e7\u00e3o do mesent\u00e9rio.     <\/p>\n\n<p><em>Sonograficamente<\/em>, a invagina\u00e7\u00e3o em forma de telesc\u00f3pio dos segmentos intestinais afectados \u00e9 muito claramente vis\u00edvel e t\u00edpica da intussusce\u00e7\u00e3o [6]. A intussusce\u00e7\u00e3o n\u00e3o apresenta peristaltismo. Na fase avan\u00e7ada, a vasculariza\u00e7\u00e3o diminui na ecografia Doppler. A ultrassonografia tamb\u00e9m \u00e9 frequentemente a primeira medida de imagem no v\u00f3lvulo. A imagem radiol\u00f3gica geral do abd\u00f3men mostra frequentemente uma configura\u00e7\u00e3o em forma de gr\u00e3o de caf\u00e9 das partes sobreinfladas do intestino. A distribui\u00e7\u00e3o do ar no abd\u00f3men tamb\u00e9m pode ser visualizada na posi\u00e7\u00e3o corporal adequada e podem ser exclu\u00eddas perfura\u00e7\u00f5es gastrointestinais livres [7].     <\/p>\n\n<p>O diagn\u00f3stico de intussusce\u00e7\u00e3o <em>por tomografia computorizada <\/em>deve ser considerado principalmente em adultos ou em crian\u00e7as com uma evolu\u00e7\u00e3o complicada, particularmente com suspeita de compress\u00e3o extr\u00ednseca [5]. Para o efeito, foram desenvolvidos protocolos pedi\u00e1tricos adequados de baixa dose. <\/p>\n\n<p><em>Os exames de resson\u00e2ncia magn\u00e9tica<\/em> desempenham um papel secund\u00e1rio no diagn\u00f3stico da intussusce\u00e7\u00e3o. O m\u00e9todo pode ser utilizado para detetar o prolapso intestinal, tamb\u00e9m no que diz respeito \u00e0 avalia\u00e7\u00e3o das regi\u00f5es vizinhas do corpo. <\/p>\n\n<h3 id=\"estudo-de-caso\" class=\"wp-block-heading\">Estudo de caso<\/h3>\n\n<p>No estudo <strong>de caso 1 (Fig. 1A e B)<\/strong>, um doente de 56 anos com doen\u00e7a de Crohn conhecida do intestino delgado apresentava uma invagina\u00e7\u00e3o do \u00edleo terminal para o ceco de cerca de 1,2 cm no exame de RM-Sellink. O edema consider\u00e1vel da parede do intestino delgado levou \u00e0 estenose do l\u00famen, alargando assim o \u00edleo terminal. <\/p>\n<div class=\"wp-block-image\">\n<figure class=\"aligncenter size-full is-resized\"><a href=\"https:\/\/medizinonline.com\/wp-content\/uploads\/2024\/11\/abb1_HP11_s45.jpg\"><img decoding=\"async\" width=\"2023\" height=\"992\" data-src=\"https:\/\/medizinonline.com\/wp-content\/uploads\/2024\/11\/abb1_HP11_s45.jpg\" alt=\"\" class=\"wp-image-390600 lazyload\" style=\"--smush-placeholder-width: 2023px; --smush-placeholder-aspect-ratio: 2023\/992;width:500px\" data-srcset=\"https:\/\/medizinonline.com\/wp-content\/uploads\/2024\/11\/abb1_HP11_s45.jpg 2023w, https:\/\/medizinonline.com\/wp-content\/uploads\/2024\/11\/abb1_HP11_s45-800x392.jpg 800w, https:\/\/medizinonline.com\/wp-content\/uploads\/2024\/11\/abb1_HP11_s45-1160x569.jpg 1160w, https:\/\/medizinonline.com\/wp-content\/uploads\/2024\/11\/abb1_HP11_s45-1536x753.jpg 1536w, https:\/\/medizinonline.com\/wp-content\/uploads\/2024\/11\/abb1_HP11_s45-1120x549.jpg 1120w, https:\/\/medizinonline.com\/wp-content\/uploads\/2024\/11\/abb1_HP11_s45-1600x785.jpg 1600w, https:\/\/medizinonline.com\/wp-content\/uploads\/2024\/11\/abb1_HP11_s45-1920x941.jpg 1920w\" data-sizes=\"(max-width: 2023px) 100vw, 2023px\" src=\"data:image\/svg+xml;base64,PHN2ZyB3aWR0aD0iMSIgaGVpZ2h0PSIxIiB4bWxucz0iaHR0cDovL3d3dy53My5vcmcvMjAwMC9zdmciPjwvc3ZnPg==\" \/><\/a><\/figure>\n<\/div>\n<p><strong>O caso 2<\/strong> demonstra <strong>(Fig. 2A e B) <\/strong>a invagina\u00e7\u00e3o de partes do jejuno numa TAC abdominal num homem de 28 anos com sintomas de dor crescente no abd\u00f3men m\u00e9dio.<\/p>\n<div class=\"wp-block-image\">\n<figure class=\"aligncenter size-full is-resized\"><a href=\"https:\/\/medizinonline.com\/wp-content\/uploads\/2024\/11\/abb2_HP11_s45.jpg\"><img decoding=\"async\" width=\"1970\" height=\"952\" data-src=\"https:\/\/medizinonline.com\/wp-content\/uploads\/2024\/11\/abb2_HP11_s45.jpg\" alt=\"\" class=\"wp-image-390601 lazyload\" style=\"--smush-placeholder-width: 1970px; --smush-placeholder-aspect-ratio: 1970\/952;width:500px\" data-srcset=\"https:\/\/medizinonline.com\/wp-content\/uploads\/2024\/11\/abb2_HP11_s45.jpg 1970w, https:\/\/medizinonline.com\/wp-content\/uploads\/2024\/11\/abb2_HP11_s45-800x387.jpg 800w, https:\/\/medizinonline.com\/wp-content\/uploads\/2024\/11\/abb2_HP11_s45-1160x561.jpg 1160w, https:\/\/medizinonline.com\/wp-content\/uploads\/2024\/11\/abb2_HP11_s45-1536x742.jpg 1536w, https:\/\/medizinonline.com\/wp-content\/uploads\/2024\/11\/abb2_HP11_s45-1120x541.jpg 1120w, https:\/\/medizinonline.com\/wp-content\/uploads\/2024\/11\/abb2_HP11_s45-1600x773.jpg 1600w, https:\/\/medizinonline.com\/wp-content\/uploads\/2024\/11\/abb2_HP11_s45-1920x928.jpg 1920w\" data-sizes=\"(max-width: 1970px) 100vw, 1970px\" src=\"data:image\/svg+xml;base64,PHN2ZyB3aWR0aD0iMSIgaGVpZ2h0PSIxIiB4bWxucz0iaHR0cDovL3d3dy53My5vcmcvMjAwMC9zdmciPjwvc3ZnPg==\" \/><\/a><\/figure>\n<\/div>\n<p><strong>O caso 3 (Fig. 3A e B)<\/strong> mostra o prolapso do segmento do c\u00f3lon para a bolsa \u00e2nus-praia numa resson\u00e2ncia magn\u00e9tica do abd\u00f3men de um doente de 59 anos de idade em acompanhamento de um carcinoma do reto. N\u00e3o havia sintomas de dor. <\/p>\n<div class=\"wp-block-image\">\n<figure class=\"aligncenter size-full is-resized\"><a href=\"https:\/\/medizinonline.com\/wp-content\/uploads\/2024\/11\/abb3_HP11_s46.jpg\"><img decoding=\"async\" width=\"2198\" height=\"1321\" data-src=\"https:\/\/medizinonline.com\/wp-content\/uploads\/2024\/11\/abb3_HP11_s46.jpg\" alt=\"\" class=\"wp-image-390603 lazyload\" style=\"--smush-placeholder-width: 2198px; --smush-placeholder-aspect-ratio: 2198\/1321;width:500px\" data-srcset=\"https:\/\/medizinonline.com\/wp-content\/uploads\/2024\/11\/abb3_HP11_s46.jpg 2198w, https:\/\/medizinonline.com\/wp-content\/uploads\/2024\/11\/abb3_HP11_s46-800x481.jpg 800w, https:\/\/medizinonline.com\/wp-content\/uploads\/2024\/11\/abb3_HP11_s46-1160x697.jpg 1160w, https:\/\/medizinonline.com\/wp-content\/uploads\/2024\/11\/abb3_HP11_s46-1536x923.jpg 1536w, https:\/\/medizinonline.com\/wp-content\/uploads\/2024\/11\/abb3_HP11_s46-1120x673.jpg 1120w, https:\/\/medizinonline.com\/wp-content\/uploads\/2024\/11\/abb3_HP11_s46-1600x962.jpg 1600w, https:\/\/medizinonline.com\/wp-content\/uploads\/2024\/11\/abb3_HP11_s46-1920x1154.jpg 1920w\" data-sizes=\"(max-width: 2198px) 100vw, 2198px\" src=\"data:image\/svg+xml;base64,PHN2ZyB3aWR0aD0iMSIgaGVpZ2h0PSIxIiB4bWxucz0iaHR0cDovL3d3dy53My5vcmcvMjAwMC9zdmciPjwvc3ZnPg==\" \/><\/a><\/figure>\n<\/div>\n<p>No <strong>caso 4 (Fig. 4A e B)<\/strong>, pode ver-se a desloca\u00e7\u00e3o das al\u00e7as do intestino delgado herniado para o lado lateral direito, atr\u00e1s do bordo inferior do f\u00edgado. O doente teve dores no abd\u00f3men m\u00e9dio e inferior direito durante cerca de 4 semanas. <\/p>\n<div class=\"wp-block-image\">\n<figure class=\"aligncenter size-full is-resized\"><a href=\"https:\/\/medizinonline.com\/wp-content\/uploads\/2024\/11\/abb4_HP11_s46.jpg\"><img decoding=\"async\" width=\"2165\" height=\"1142\" data-src=\"https:\/\/medizinonline.com\/wp-content\/uploads\/2024\/11\/abb4_HP11_s46.jpg\" alt=\"\" class=\"wp-image-390604 lazyload\" style=\"--smush-placeholder-width: 2165px; --smush-placeholder-aspect-ratio: 2165\/1142;width:500px\" data-srcset=\"https:\/\/medizinonline.com\/wp-content\/uploads\/2024\/11\/abb4_HP11_s46.jpg 2165w, https:\/\/medizinonline.com\/wp-content\/uploads\/2024\/11\/abb4_HP11_s46-800x422.jpg 800w, https:\/\/medizinonline.com\/wp-content\/uploads\/2024\/11\/abb4_HP11_s46-1160x612.jpg 1160w, https:\/\/medizinonline.com\/wp-content\/uploads\/2024\/11\/abb4_HP11_s46-1536x810.jpg 1536w, https:\/\/medizinonline.com\/wp-content\/uploads\/2024\/11\/abb4_HP11_s46-1120x591.jpg 1120w, https:\/\/medizinonline.com\/wp-content\/uploads\/2024\/11\/abb4_HP11_s46-1600x844.jpg 1600w, https:\/\/medizinonline.com\/wp-content\/uploads\/2024\/11\/abb4_HP11_s46-1920x1013.jpg 1920w\" data-sizes=\"(max-width: 2165px) 100vw, 2165px\" src=\"data:image\/svg+xml;base64,PHN2ZyB3aWR0aD0iMSIgaGVpZ2h0PSIxIiB4bWxucz0iaHR0cDovL3d3dy53My5vcmcvMjAwMC9zdmciPjwvc3ZnPg==\" \/><\/a><\/figure>\n<\/div>\n<p>Para efeitos de compara\u00e7\u00e3o, <strong>o caso 5<\/strong> mostra uma desloca\u00e7\u00e3o relativamente inofensiva e, na maioria dos casos, assintom\u00e1tica do intestino entre o f\u00edgado e a parede abdominal ou o diafragma e o f\u00edgado: a s\u00edndrome de Chilaiditi <strong>(Fig. 5), <\/strong>cujo nome deriva do nome do radiologista Dimitrios Chilaiditi [8]. A preval\u00eancia da variante normal \u00e9 de 1%. <\/p>\n<div class=\"wp-block-image\">\n<figure class=\"aligncenter size-full is-resized\"><a href=\"https:\/\/medizinonline.com\/wp-content\/uploads\/2024\/11\/abb5_HP11_s46.jpg\"><img decoding=\"async\" width=\"1009\" height=\"880\" data-src=\"https:\/\/medizinonline.com\/wp-content\/uploads\/2024\/11\/abb5_HP11_s46.jpg\" alt=\"\" class=\"wp-image-390605 lazyload\" style=\"--smush-placeholder-width: 1009px; --smush-placeholder-aspect-ratio: 1009\/880;width:500px\" data-srcset=\"https:\/\/medizinonline.com\/wp-content\/uploads\/2024\/11\/abb5_HP11_s46.jpg 1009w, https:\/\/medizinonline.com\/wp-content\/uploads\/2024\/11\/abb5_HP11_s46-800x698.jpg 800w\" data-sizes=\"(max-width: 1009px) 100vw, 1009px\" src=\"data:image\/svg+xml;base64,PHN2ZyB3aWR0aD0iMSIgaGVpZ2h0PSIxIiB4bWxucz0iaHR0cDovL3d3dy53My5vcmcvMjAwMC9zdmciPjwvc3ZnPg==\" \/><\/a><\/figure>\n<\/div>\n<p><\/p>\n\n<p><strong>Mensagens para levar para casa<\/strong><\/p>\n\n<ul class=\"wp-block-list\">\n<li>A invagina\u00e7\u00e3o intestinal \u00e9 a invagina\u00e7\u00e3o de uma sec\u00e7\u00e3o do intestino para a parte vizinha do intestino.<\/li>\n\n\n\n<li>A intussusce\u00e7\u00e3o pode ocorrer em diferentes partes do intestino.<\/li>\n\n\n\n<li>A dor de est\u00f4mago s\u00fabita e os v\u00f3mitos intermitentes, por vezes biliosos, em muitos casos v\u00e1rias vezes por hora, indicam a altera\u00e7\u00e3o.<\/li>\n\n\n\n<li>O diagn\u00f3stico \u00e9 efectuado com base nos sintomas cl\u00ednicos, na palpa\u00e7\u00e3o e na imagiologia.<\/li>\n\n\n\n<li>O principal procedimento de imagiologia \u00e9 a ecografia.<\/li>\n\n\n\n<li>Se a redu\u00e7\u00e3o mec\u00e2nica n\u00e3o for bem sucedida, existe o risco de isqu\u00e9mia da parede intestinal com subsequente gangrena e peritonite aguda. O tratamento cir\u00fargico \u00e9 ent\u00e3o inevit\u00e1vel, o mais tardar. <\/li>\n<\/ul>\n\n<p><\/p>\n\n<p>Literatura:  <\/p>\n\n<ol class=\"wp-block-list\">\n<li>&#8220;Anal and rectal prolapse&#8221;, <a href=\"http:\/\/www.amboss.com\/de\/wissen\/anal-und-rektumprolaps\" target=\"_blank\" rel=\"noopener\">www.amboss.com\/de\/wissen\/anal-und-rektumprolaps,<\/a>(\u00faltimo acesso em 21\/10\/2024).<\/li>\n\n\n\n<li>&#8220;Chilaiditi syndrome&#8221;, <a href=\"https:\/\/flexikon.doccheck.com\" target=\"_blank\" rel=\"noreferrer noopener\">https:\/\/flexikon.doccheck.com,<\/a>(\u00faltimo acesso em 21\/10\/2024).<\/li>\n\n\n\n<li>Cochran WJ: Intestinal intussusception, <a href=\"http:\/\/www.msdmanuals.com\/de-de\" target=\"_blank\" rel=\"noopener\">www.msdmanuals.com\/de-de,<\/a>(\u00faltimo acesso em 21\/10\/2024).<\/li>\n\n\n\n<li>Hircin E, Haas I: Invagination, <a href=\"https:\/\/flexikon.doccheck.com\/de\/Invagination\" target=\"_blank\" rel=\"noreferrer noopener\">https:\/\/flexikon.doccheck.com\/de\/Invagination,<\/a>(\u00faltimo acesso em 21\/10\/2024).<\/li>\n\n\n\n<li>Prokop M, Galanski M (Eds): Spiral and Multislice Computed Tomography of the Body. Georg Thieme Verlag Stuttgart, Nova Iorque 2003: pp. 586. <\/li>\n\n\n\n<li>Schr\u00f6r S, Feichter M: Invagination: Symptoms, causes, therapy. <a href=\"http:\/\/www.netdoktor.de\/krankheiten\/invagination\" target=\"_blank\" rel=\"noopener\">www.netdoktor.de\/krankheiten\/invagination,<\/a>(\u00faltimo acesso em 21 de outubro de 2024).<\/li>\n\n\n\n<li>Staatz G, Schneider K: Differenzialdiagnose des akuten Abdomens. Parte IV: Abd\u00f3men agudo na inf\u00e2ncia. Radiologia up2date 2, 2010: 103-116. <\/li>\n\n\n\n<li>&#8220;Volvulus&#8221;, <a href=\"https:\/\/medlexi.de\/Volvulus\" target=\"_blank\" rel=\"noreferrer noopener\">https:\/\/medlexi.de\/Volvulus,<\/a>(\u00faltimo acesso em 21\/10\/2024).<\/li>\n<\/ol>\n\n<p><\/p>\n\n<p class=\"has-small-font-size\"><em>GP PRACTICE 2024; 19(11): 44-47<\/em><\/p>\n","protected":false},"excerpt":{"rendered":"<p>Na intussusce\u00e7\u00e3o, uma sec\u00e7\u00e3o do intestino \u00e9 empurrada para dentro da sec\u00e7\u00e3o vizinha. Esta altera\u00e7\u00e3o \u00e9 tamb\u00e9m conhecida como intussusce\u00e7\u00e3o. A parte intussusceptada do intestino \u00e9 o invaginado, a parte&hellip;<\/p>\n","protected":false},"author":7,"featured_media":321263,"comment_status":"closed","ping_status":"closed","sticky":false,"template":"","format":"standard","meta":{"_acf_changed":false,"pmpro_default_level":"","cat_1_feature_home_top":false,"cat_2_editor_pick":false,"csco_eyebrow_text":"Do sintoma ao diagn\u00f3stico","footnotes":""},"category":[11536,11524,11407,11305,11486,11551],"tags":[79861,66998,11645,79858,79856,79860,79857,30178,64645,79859,79862],"powerkit_post_featured":[],"class_list":["post-390798","post","type-post","status-publish","format-standard","has-post-thumbnail","category-casos-pt-pt","category-formacao-continua","category-gastroenterologia-e-hepatologia","category-medicina-interna-geral","category-radiologia-pt-pt","category-rx-pt","tag-diverticulo-de-meckel","tag-dor-abdominal-pt-pt-3","tag-intestino-pt-pt","tag-intussuscecao","tag-invaginacao","tag-invaginantes","tag-invaginar","tag-linfoma-pt-pt","tag-malignidade","tag-polipo-intestinal","tag-vasculite-associada-a-imunoglobulina-a","pmpro-has-access"],"acf":[],"publishpress_future_action":{"enabled":false,"date":"2026-05-03 14:12:39","action":"change-status","newStatus":"draft","terms":[],"taxonomy":"category","extraData":[]},"publishpress_future_workflow_manual_trigger":{"enabledWorkflows":[]},"wpml_current_locale":"pt_PT","wpml_translations":{"es_ES":{"locale":"es_ES","id":390814,"slug":"dolor-abdominal-intususcepcion-y-otros-desplazamientos-del-intestino","post_title":"Dolor abdominal - intususcepci\u00f3n y otros desplazamientos del intestino","href":"https:\/\/medizinonline.com\/es\/dolor-abdominal-intususcepcion-y-otros-desplazamientos-del-intestino\/"}},"_links":{"self":[{"href":"https:\/\/medizinonline.com\/pt-pt\/wp-json\/wp\/v2\/posts\/390798","targetHints":{"allow":["GET"]}}],"collection":[{"href":"https:\/\/medizinonline.com\/pt-pt\/wp-json\/wp\/v2\/posts"}],"about":[{"href":"https:\/\/medizinonline.com\/pt-pt\/wp-json\/wp\/v2\/types\/post"}],"author":[{"embeddable":true,"href":"https:\/\/medizinonline.com\/pt-pt\/wp-json\/wp\/v2\/users\/7"}],"replies":[{"embeddable":true,"href":"https:\/\/medizinonline.com\/pt-pt\/wp-json\/wp\/v2\/comments?post=390798"}],"version-history":[{"count":1,"href":"https:\/\/medizinonline.com\/pt-pt\/wp-json\/wp\/v2\/posts\/390798\/revisions"}],"predecessor-version":[{"id":390803,"href":"https:\/\/medizinonline.com\/pt-pt\/wp-json\/wp\/v2\/posts\/390798\/revisions\/390803"}],"wp:featuredmedia":[{"embeddable":true,"href":"https:\/\/medizinonline.com\/pt-pt\/wp-json\/wp\/v2\/media\/321263"}],"wp:attachment":[{"href":"https:\/\/medizinonline.com\/pt-pt\/wp-json\/wp\/v2\/media?parent=390798"}],"wp:term":[{"taxonomy":"category","embeddable":true,"href":"https:\/\/medizinonline.com\/pt-pt\/wp-json\/wp\/v2\/category?post=390798"},{"taxonomy":"post_tag","embeddable":true,"href":"https:\/\/medizinonline.com\/pt-pt\/wp-json\/wp\/v2\/tags?post=390798"},{"taxonomy":"powerkit_post_featured","embeddable":true,"href":"https:\/\/medizinonline.com\/pt-pt\/wp-json\/wp\/v2\/powerkit_post_featured?post=390798"}],"curies":[{"name":"wp","href":"https:\/\/api.w.org\/{rel}","templated":true}]}}