{"id":395407,"date":"2025-03-19T14:00:00","date_gmt":"2025-03-19T13:00:00","guid":{"rendered":"https:\/\/medizinonline.com\/fratura-por-insuficiencia-numa-doente-na-pre-menopausa\/"},"modified":"2025-03-18T22:40:47","modified_gmt":"2025-03-18T21:40:47","slug":"fratura-por-insuficiencia-numa-doente-na-pre-menopausa","status":"publish","type":"post","link":"https:\/\/medizinonline.com\/pt-pt\/fratura-por-insuficiencia-numa-doente-na-pre-menopausa\/","title":{"rendered":"Fratura por insufici\u00eancia numa doente na pr\u00e9-menopausa"},"content":{"rendered":"\n<p><strong>Em doentes jovens com fracturas inadequadas, deve ser investigada a osteoporose secund\u00e1ria. A osteodensitometria \u00e9 particularmente \u00fatil se existirem factores de risco anamn\u00e9sicos, sendo importante avaliar o z-score, uma vez que este \u00e9 padronizado para a idade. Nos casos de pr\u00e9-menopausa, pode tamb\u00e9m ser prescrita medica\u00e7\u00e3o espec\u00edfica para a osteoporose, se forem tidos em conta determinados pontos.    <\/strong><\/p>\n\n\n\n<div class=\"pmpro\"><div class=\"pmpro_card pmpro_content_message\"><div class=\"pmpro_card_content\">Dieser Inhalt ist nur f\u00fcr Benutzer der Gruppe: Medizinische Fachperson zug\u00e4nglich <br \/><a href=\"https:\/\/medizinonline.com\/pt-pt\/a-minha-conta\/pacotes\/\">Jetzt beitreten<\/a><\/div><div class=\"pmpro_card_actions pmpro_font-medium\">Already a member? <a href=\"https:\/\/medizinonline.com\/pt-pt\/iniciar-sessao\/?redirect_to=https%3A%2F%2Fmedizinonline.com%2Fpt-pt%2Ffratura-por-insuficiencia-numa-doente-na-pre-menopausa%2F\">Log in here<\/a><\/div><\/div><\/div>","protected":false},"excerpt":{"rendered":"<p>Em doentes jovens com fracturas inadequadas, deve ser investigada a osteoporose secund\u00e1ria. A osteodensitometria \u00e9 particularmente \u00fatil se existirem factores de risco anamn\u00e9sicos, sendo importante avaliar o z-score, uma vez&#8230;&hellip;... <\/p>\n<div class=\"pmpro\"><div class=\"pmpro_card pmpro_content_message\"><div class=\"pmpro_card_content\">Dieser Inhalt ist nur f\u00fcr Benutzer der Gruppe: Medizinische Fachperson zug\u00e4nglich <br \/><a href=\"https:\/\/medizinonline.com\/pt-pt\/a-minha-conta\/pacotes\/\">Jetzt beitreten<\/a><\/div><div class=\"pmpro_card_actions pmpro_font-medium\">Already a member? <a href=\"https:\/\/medizinonline.com\/pt-pt\/iniciar-sessao\/?redirect_to=https%3A%2F%2Fmedizinonline.com%2Fpt-pt%2Ffratura-por-insuficiencia-numa-doente-na-pre-menopausa%2F\">Log in here<\/a><\/div><\/div><\/div>","protected":false},"author":7,"featured_media":395409,"comment_status":"closed","ping_status":"closed","sticky":false,"template":"","format":"standard","meta":{"_acf_changed":false,"pmpro_default_level":"","cat_1_feature_home_top":false,"cat_2_editor_pick":false,"csco_eyebrow_text":"Osteoporose: casos especiais","footnotes":""},"category":[11551,11521,11419,11305,11529,11496],"tags":[69429,71528,21989,14267,81330,41237,81331,77818,18708,81333,69446,81334,13066],"powerkit_post_featured":[],"class_list":["post-395407","post","type-post","status-publish","format-standard","has-post-thumbnail","category-rx-pt","category-estudos","category-ginecologia-pt-pt","category-medicina-interna-geral","category-relatorios-do-congresso","category-reumatologia-pt-pt","tag-alendronato-pt-pt","tag-anti-reabsortivos","tag-bisfosfonatos","tag-calcio-pt-pt","tag-casos-especiais","tag-denosumab-pt-pt","tag-fratura-por-insuficiencia","tag-ibandronato-pt-pt","tag-osteoporose-pt-pt","tag-pre-menopausa","tag-risedronato-pt-pt","tag-teriparatida-pt-pt","tag-vitamina-d","pmpro-level-required","pmpro-level-1","pmpro-no-access"],"acf":[],"publishpress_future_action":{"enabled":false,"date":"2026-05-06 15:53:22","action":"change-status","newStatus":"draft","terms":[],"taxonomy":"category","extraData":[]},"publishpress_future_workflow_manual_trigger":{"enabledWorkflows":[]},"wpml_current_locale":"pt_PT","wpml_translations":{"es_ES":{"locale":"es_ES","id":395399,"slug":"fractura-por-insuficiencia-en-una-paciente-premenopausica","post_title":"Fractura por insuficiencia en una paciente premenop\u00e1usica","href":"https:\/\/medizinonline.com\/es\/fractura-por-insuficiencia-en-una-paciente-premenopausica\/"}},"_links":{"self":[{"href":"https:\/\/medizinonline.com\/pt-pt\/wp-json\/wp\/v2\/posts\/395407","targetHints":{"allow":["GET"]}}],"collection":[{"href":"https:\/\/medizinonline.com\/pt-pt\/wp-json\/wp\/v2\/posts"}],"about":[{"href":"https:\/\/medizinonline.com\/pt-pt\/wp-json\/wp\/v2\/types\/post"}],"author":[{"embeddable":true,"href":"https:\/\/medizinonline.com\/pt-pt\/wp-json\/wp\/v2\/users\/7"}],"replies":[{"embeddable":true,"href":"https:\/\/medizinonline.com\/pt-pt\/wp-json\/wp\/v2\/comments?post=395407"}],"version-history":[{"count":3,"href":"https:\/\/medizinonline.com\/pt-pt\/wp-json\/wp\/v2\/posts\/395407\/revisions"}],"predecessor-version":[{"id":397520,"href":"https:\/\/medizinonline.com\/pt-pt\/wp-json\/wp\/v2\/posts\/395407\/revisions\/397520"}],"wp:featuredmedia":[{"embeddable":true,"href":"https:\/\/medizinonline.com\/pt-pt\/wp-json\/wp\/v2\/media\/395409"}],"wp:attachment":[{"href":"https:\/\/medizinonline.com\/pt-pt\/wp-json\/wp\/v2\/media?parent=395407"}],"wp:term":[{"taxonomy":"category","embeddable":true,"href":"https:\/\/medizinonline.com\/pt-pt\/wp-json\/wp\/v2\/category?post=395407"},{"taxonomy":"post_tag","embeddable":true,"href":"https:\/\/medizinonline.com\/pt-pt\/wp-json\/wp\/v2\/tags?post=395407"},{"taxonomy":"powerkit_post_featured","embeddable":true,"href":"https:\/\/medizinonline.com\/pt-pt\/wp-json\/wp\/v2\/powerkit_post_featured?post=395407"}],"curies":[{"name":"wp","href":"https:\/\/api.w.org\/{rel}","templated":true}]}}