{"id":395437,"date":"2025-02-26T00:01:00","date_gmt":"2025-02-25T23:01:00","guid":{"rendered":"https:\/\/medizinonline.com\/?p=395437"},"modified":"2025-02-27T13:02:47","modified_gmt":"2025-02-27T12:02:47","slug":"uma-doenca-frequentemente-subdiagnosticada","status":"publish","type":"post","link":"https:\/\/medizinonline.com\/pt-pt\/uma-doenca-frequentemente-subdiagnosticada\/","title":{"rendered":"Uma doen\u00e7a frequentemente subdiagnosticada"},"content":{"rendered":"\n<p><strong>A s\u00edndrome de rumina\u00e7\u00e3o, derivada do verbo latino &#8220;ruminare&#8221;, \u00e9 uma perturba\u00e7\u00e3o que aparece tanto na classifica\u00e7\u00e3o das &#8220;perturba\u00e7\u00f5es gastrointestinais funcionais&#8221; (ROMA IV) como na das &#8220;perturba\u00e7\u00f5es alimentares&#8221; do Manual de Diagn\u00f3stico e Estat\u00edstica das Perturba\u00e7\u00f5es Mentais, 5<sup>\u00aa<\/sup> edi\u00e7\u00e3o. Clinicamente, manifesta-se pela regurgita\u00e7\u00e3o repetida de alimentos n\u00e3o digeridos, que s\u00e3o depois mastigados novamente e engolidos ou cuspidos. A perturba\u00e7\u00e3o \u00e9 frequentemente descrita em crian\u00e7as, mas alguns estudos tamb\u00e9m registam incidentes em adolescentes e adultos.  <\/strong><\/p>\n\n\n\n<div class=\"pmpro\"><div class=\"pmpro_card pmpro_content_message\"><div class=\"pmpro_card_content\">Dieser Inhalt ist nur f\u00fcr Benutzer der Gruppe: Medizinische Fachperson zug\u00e4nglich <br \/><a href=\"https:\/\/medizinonline.com\/pt-pt\/a-minha-conta\/pacotes\/\">Jetzt beitreten<\/a><\/div><div class=\"pmpro_card_actions pmpro_font-medium\">Already a member? <a href=\"https:\/\/medizinonline.com\/pt-pt\/iniciar-sessao\/?redirect_to=https%3A%2F%2Fmedizinonline.com%2Fpt-pt%2Fuma-doenca-frequentemente-subdiagnosticada%2F\">Log in here<\/a><\/div><\/div><\/div>","protected":false},"excerpt":{"rendered":"<p>A s\u00edndrome de rumina\u00e7\u00e3o, derivada do verbo latino &#8220;ruminare&#8221;, \u00e9 uma perturba\u00e7\u00e3o que aparece tanto na classifica\u00e7\u00e3o das &#8220;perturba\u00e7\u00f5es gastrointestinais funcionais&#8221; (ROMA IV) como na das &#8220;perturba\u00e7\u00f5es alimentares&#8221; do Manual&#8230;&hellip;... <\/p>\n<div class=\"pmpro\"><div class=\"pmpro_card pmpro_content_message\"><div class=\"pmpro_card_content\">Dieser Inhalt ist nur f\u00fcr Benutzer der Gruppe: Medizinische Fachperson zug\u00e4nglich <br \/><a href=\"https:\/\/medizinonline.com\/pt-pt\/a-minha-conta\/pacotes\/\">Jetzt beitreten<\/a><\/div><div class=\"pmpro_card_actions pmpro_font-medium\">Already a member? <a href=\"https:\/\/medizinonline.com\/pt-pt\/iniciar-sessao\/?redirect_to=https%3A%2F%2Fmedizinonline.com%2Fpt-pt%2Fuma-doenca-frequentemente-subdiagnosticada%2F\">Log in here<\/a><\/div><\/div><\/div>","protected":false},"author":7,"featured_media":395440,"comment_status":"closed","ping_status":"closed","sticky":false,"template":"","format":"standard","meta":{"_acf_changed":false,"pmpro_default_level":"","cat_1_feature_home_top":false,"cat_2_editor_pick":false,"csco_eyebrow_text":"S\u00edndrome de rumina\u00e7\u00e3o","footnotes":""},"category":[11551,22618,11407,11463,11305,11403,11439,11481],"tags":[22285,18823,81362,81363,81364,81365],"powerkit_post_featured":[],"class_list":["post-395437","post","type-post","status-publish","format-standard","has-post-thumbnail","category-rx-pt","category-formacao-cme","category-gastroenterologia-e-hepatologia","category-medicina-fisica-e-reabilitacao","category-medicina-interna-geral","category-nutricao","category-orl-pt-pt","category-psiquiatria-e-psicoterapia","tag-desordem-alimentar","tag-gerd-pt-pt","tag-perturbacao-gastrointestinal-funcional","tag-regurgitacao-pt-pt","tag-roma-iv-pt-pt","tag-sindrome-de-ruminacao","pmpro-level-required","pmpro-level-1","pmpro-no-access"],"acf":[],"publishpress_future_action":{"enabled":false,"date":"2026-05-06 00:35:32","action":"change-status","newStatus":"draft","terms":[],"taxonomy":"category","extraData":[]},"publishpress_future_workflow_manual_trigger":{"enabledWorkflows":[]},"wpml_current_locale":"pt_PT","wpml_translations":{"es_ES":{"locale":"es_ES","id":395433,"slug":"un-trastorno-frecuentemente-infradiagnosticado","post_title":"Un trastorno frecuentemente infradiagnosticado","href":"https:\/\/medizinonline.com\/es\/un-trastorno-frecuentemente-infradiagnosticado\/"}},"_links":{"self":[{"href":"https:\/\/medizinonline.com\/pt-pt\/wp-json\/wp\/v2\/posts\/395437","targetHints":{"allow":["GET"]}}],"collection":[{"href":"https:\/\/medizinonline.com\/pt-pt\/wp-json\/wp\/v2\/posts"}],"about":[{"href":"https:\/\/medizinonline.com\/pt-pt\/wp-json\/wp\/v2\/types\/post"}],"author":[{"embeddable":true,"href":"https:\/\/medizinonline.com\/pt-pt\/wp-json\/wp\/v2\/users\/7"}],"replies":[{"embeddable":true,"href":"https:\/\/medizinonline.com\/pt-pt\/wp-json\/wp\/v2\/comments?post=395437"}],"version-history":[{"count":3,"href":"https:\/\/medizinonline.com\/pt-pt\/wp-json\/wp\/v2\/posts\/395437\/revisions"}],"predecessor-version":[{"id":396195,"href":"https:\/\/medizinonline.com\/pt-pt\/wp-json\/wp\/v2\/posts\/395437\/revisions\/396195"}],"wp:featuredmedia":[{"embeddable":true,"href":"https:\/\/medizinonline.com\/pt-pt\/wp-json\/wp\/v2\/media\/395440"}],"wp:attachment":[{"href":"https:\/\/medizinonline.com\/pt-pt\/wp-json\/wp\/v2\/media?parent=395437"}],"wp:term":[{"taxonomy":"category","embeddable":true,"href":"https:\/\/medizinonline.com\/pt-pt\/wp-json\/wp\/v2\/category?post=395437"},{"taxonomy":"post_tag","embeddable":true,"href":"https:\/\/medizinonline.com\/pt-pt\/wp-json\/wp\/v2\/tags?post=395437"},{"taxonomy":"powerkit_post_featured","embeddable":true,"href":"https:\/\/medizinonline.com\/pt-pt\/wp-json\/wp\/v2\/powerkit_post_featured?post=395437"}],"curies":[{"name":"wp","href":"https:\/\/api.w.org\/{rel}","templated":true}]}}