{"id":395609,"date":"2025-04-02T00:01:00","date_gmt":"2025-04-01T22:01:00","guid":{"rendered":"https:\/\/medizinonline.com\/?p=395609"},"modified":"2025-04-02T07:34:28","modified_gmt":"2025-04-02T05:34:28","slug":"oferecer-uma-terapia-personalizada","status":"publish","type":"post","link":"https:\/\/medizinonline.com\/pt-pt\/oferecer-uma-terapia-personalizada\/","title":{"rendered":"Oferecer uma terapia personalizada"},"content":{"rendered":"\n<p><strong>Est\u00e1 cientificamente provado que vale a pena discutir com os doentes os pr\u00f3s e os contras das diferentes op\u00e7\u00f5es de tratamento. Em geral, a tomada de decis\u00f5es partilhada tem um efeito favor\u00e1vel nos resultados clinicamente relevantes &#8211; incluindo a ades\u00e3o, a satisfa\u00e7\u00e3o do doente e os efeitos do tratamento a longo prazo. Os estudos sobre as prefer\u00eancias dos doentes alargam a compreens\u00e3o dos mecanismos envolvidos.    <\/strong><\/p>\n\n<div class=\"pmpro\"><div class=\"pmpro_card pmpro_content_message\"><div class=\"pmpro_card_content\">Dieser Inhalt ist nur f\u00fcr Benutzer der Gruppe: Medizinische Fachperson zug\u00e4nglich <br \/><a href=\"https:\/\/medizinonline.com\/pt-pt\/a-minha-conta\/pacotes\/\">Jetzt beitreten<\/a><\/div><div class=\"pmpro_card_actions pmpro_font-medium\">Already a member? <a href=\"https:\/\/medizinonline.com\/pt-pt\/iniciar-sessao\/?redirect_to=https%3A%2F%2Fmedizinonline.com%2Fpt-pt%2Foferecer-uma-terapia-personalizada%2F\">Log in here<\/a><\/div><\/div><\/div>","protected":false},"excerpt":{"rendered":"<p>Est\u00e1 cientificamente provado que vale a pena discutir com os doentes os pr\u00f3s e os contras das diferentes op\u00e7\u00f5es de tratamento. Em geral, a tomada de decis\u00f5es partilhada tem um&#8230;&hellip;... <\/p>\n<div class=\"pmpro\"><div class=\"pmpro_card pmpro_content_message\"><div class=\"pmpro_card_content\">Dieser Inhalt ist nur f\u00fcr Benutzer der Gruppe: Medizinische Fachperson zug\u00e4nglich <br \/><a href=\"https:\/\/medizinonline.com\/pt-pt\/a-minha-conta\/pacotes\/\">Jetzt beitreten<\/a><\/div><div class=\"pmpro_card_actions pmpro_font-medium\">Already a member? <a href=\"https:\/\/medizinonline.com\/pt-pt\/iniciar-sessao\/?redirect_to=https%3A%2F%2Fmedizinonline.com%2Fpt-pt%2Foferecer-uma-terapia-personalizada%2F\">Log in here<\/a><\/div><\/div><\/div>","protected":false},"author":7,"featured_media":395615,"comment_status":"closed","ping_status":"closed","sticky":false,"template":"","format":"standard","meta":{"_acf_changed":false,"pmpro_default_level":"","cat_1_feature_home_top":false,"cat_2_editor_pick":false,"csco_eyebrow_text":"Conceitos de tratamento para a psor\u00edase","footnotes":""},"category":[11344,11356,11521,11524,11496,11551],"tags":[11879,81435,81437,13971,81436,81434],"powerkit_post_featured":[],"class_list":["post-395609","post","type-post","status-publish","format-standard","has-post-thumbnail","category-alergologia-e-imunologia-clinica","category-dermatologia-e-venereologia-pt-pt","category-estudos","category-formacao-continua","category-reumatologia-pt-pt","category-rx-pt","tag-adesao","tag-conceitos-de-tratamento","tag-efeitos-terapeuticos","tag-satisfacao-do-paciente","tag-terapia-personalizada-para-a-psoriase","tag-tomada-de-decisao-partilhada-pt-pt-2","pmpro-level-required","pmpro-level-1","pmpro-no-access"],"acf":[],"publishpress_future_action":{"enabled":false,"date":"2026-05-04 05:58:42","action":"change-status","newStatus":"draft","terms":[],"taxonomy":"category","extraData":[]},"publishpress_future_workflow_manual_trigger":{"enabledWorkflows":[]},"wpml_current_locale":"pt_PT","wpml_translations":{"es_ES":{"locale":"es_ES","id":395618,"slug":"ofrecer-una-terapia-personalizada","post_title":"Ofrecer una terapia personalizada","href":"https:\/\/medizinonline.com\/es\/ofrecer-una-terapia-personalizada\/"}},"_links":{"self":[{"href":"https:\/\/medizinonline.com\/pt-pt\/wp-json\/wp\/v2\/posts\/395609","targetHints":{"allow":["GET"]}}],"collection":[{"href":"https:\/\/medizinonline.com\/pt-pt\/wp-json\/wp\/v2\/posts"}],"about":[{"href":"https:\/\/medizinonline.com\/pt-pt\/wp-json\/wp\/v2\/types\/post"}],"author":[{"embeddable":true,"href":"https:\/\/medizinonline.com\/pt-pt\/wp-json\/wp\/v2\/users\/7"}],"replies":[{"embeddable":true,"href":"https:\/\/medizinonline.com\/pt-pt\/wp-json\/wp\/v2\/comments?post=395609"}],"version-history":[{"count":1,"href":"https:\/\/medizinonline.com\/pt-pt\/wp-json\/wp\/v2\/posts\/395609\/revisions"}],"predecessor-version":[{"id":395616,"href":"https:\/\/medizinonline.com\/pt-pt\/wp-json\/wp\/v2\/posts\/395609\/revisions\/395616"}],"wp:featuredmedia":[{"embeddable":true,"href":"https:\/\/medizinonline.com\/pt-pt\/wp-json\/wp\/v2\/media\/395615"}],"wp:attachment":[{"href":"https:\/\/medizinonline.com\/pt-pt\/wp-json\/wp\/v2\/media?parent=395609"}],"wp:term":[{"taxonomy":"category","embeddable":true,"href":"https:\/\/medizinonline.com\/pt-pt\/wp-json\/wp\/v2\/category?post=395609"},{"taxonomy":"post_tag","embeddable":true,"href":"https:\/\/medizinonline.com\/pt-pt\/wp-json\/wp\/v2\/tags?post=395609"},{"taxonomy":"powerkit_post_featured","embeddable":true,"href":"https:\/\/medizinonline.com\/pt-pt\/wp-json\/wp\/v2\/powerkit_post_featured?post=395609"}],"curies":[{"name":"wp","href":"https:\/\/api.w.org\/{rel}","templated":true}]}}