{"id":395672,"date":"2025-04-18T01:05:00","date_gmt":"2025-04-17T23:05:00","guid":{"rendered":"https:\/\/medizinonline.com\/nao-deve-ser-tomado-de-animo-leve\/"},"modified":"2025-04-17T23:08:21","modified_gmt":"2025-04-17T21:08:21","slug":"nao-deve-ser-tomado-de-animo-leve","status":"publish","type":"post","link":"https:\/\/medizinonline.com\/pt-pt\/nao-deve-ser-tomado-de-animo-leve\/","title":{"rendered":"N\u00e3o deve ser tomado de \u00e2nimo leve"},"content":{"rendered":"\n<p><strong>As infec\u00e7\u00f5es de feridas na zona do p\u00e9 s\u00e3o comuns e a sua classifica\u00e7\u00e3o correta \u00e9 por vezes um desafio. Nas infec\u00e7\u00f5es Gram-negativas do p\u00e9, os resultados do exame cl\u00ednico constituem a espinha dorsal do diagn\u00f3stico. A terapia local \u00e9 de import\u00e2ncia fulcral, os antibi\u00f3ticos sist\u00e9micos s\u00e3o recomendados para infec\u00e7\u00f5es adicionais dos tecidos moles e, em alguns casos, \u00e9 tamb\u00e9m necess\u00e1ria uma interven\u00e7\u00e3o cir\u00fargica.  <\/strong><\/p>\n\n<div class=\"pmpro\"><div class=\"pmpro_card pmpro_content_message\"><div class=\"pmpro_card_content\">Dieser Inhalt ist nur f\u00fcr Benutzer der Gruppe: Medizinische Fachperson zug\u00e4nglich <br \/><a href=\"https:\/\/medizinonline.com\/pt-pt\/a-minha-conta\/pacotes\/\">Jetzt beitreten<\/a><\/div><div class=\"pmpro_card_actions pmpro_font-medium\">Already a member? <a href=\"https:\/\/medizinonline.com\/pt-pt\/iniciar-sessao\/?redirect_to=https%3A%2F%2Fmedizinonline.com%2Fpt-pt%2Fnao-deve-ser-tomado-de-animo-leve%2F\">Log in here<\/a><\/div><\/div><\/div>","protected":false},"excerpt":{"rendered":"<p>As infec\u00e7\u00f5es de feridas na zona do p\u00e9 s\u00e3o comuns e a sua classifica\u00e7\u00e3o correta \u00e9 por vezes um desafio. Nas infec\u00e7\u00f5es Gram-negativas do p\u00e9, os resultados do exame cl\u00ednico&#8230;&hellip;... <\/p>\n<div class=\"pmpro\"><div class=\"pmpro_card pmpro_content_message\"><div class=\"pmpro_card_content\">Dieser Inhalt ist nur f\u00fcr Benutzer der Gruppe: Medizinische Fachperson zug\u00e4nglich <br \/><a href=\"https:\/\/medizinonline.com\/pt-pt\/a-minha-conta\/pacotes\/\">Jetzt beitreten<\/a><\/div><div class=\"pmpro_card_actions pmpro_font-medium\">Already a member? <a href=\"https:\/\/medizinonline.com\/pt-pt\/iniciar-sessao\/?redirect_to=https%3A%2F%2Fmedizinonline.com%2Fpt-pt%2Fnao-deve-ser-tomado-de-animo-leve%2F\">Log in here<\/a><\/div><\/div><\/div>","protected":false},"author":7,"featured_media":395674,"comment_status":"closed","ping_status":"closed","sticky":false,"template":"","format":"standard","meta":{"_acf_changed":false,"pmpro_default_level":"","cat_1_feature_home_top":false,"cat_2_editor_pick":false,"csco_eyebrow_text":"Infe\u00e7\u00e3o do p\u00e9 por gram-negativos  ","footnotes":""},"category":[11551,11390,11356,11397,11421,11529],"tags":[81493,81491,81495,81492,14598],"powerkit_post_featured":[],"class_list":["post-395672","post","type-post","status-publish","format-standard","has-post-thumbnail","category-rx-pt","category-cirurgia","category-dermatologia-e-venereologia-pt-pt","category-endocrinologia-e-diabetologia-2","category-infecciologia","category-relatorios-do-congresso","tag-antibiose-sistemica","tag-congresso-da-ferida-nuremberga","tag-infecao-do-pe-por-gram-negativos","tag-infeccoes-dos-tecidos-moles","tag-terapia-local","pmpro-level-required","pmpro-level-1","pmpro-no-access"],"acf":[],"publishpress_future_action":{"enabled":false,"date":"2026-05-06 07:11:06","action":"change-status","newStatus":"draft","terms":[],"taxonomy":"category","extraData":[]},"publishpress_future_workflow_manual_trigger":{"enabledWorkflows":[]},"wpml_current_locale":"pt_PT","wpml_translations":{"es_ES":{"locale":"es_ES","id":395666,"slug":"no-debe-tomarse-a-la-ligera","post_title":"No debe tomarse a la ligera","href":"https:\/\/medizinonline.com\/es\/no-debe-tomarse-a-la-ligera\/"}},"_links":{"self":[{"href":"https:\/\/medizinonline.com\/pt-pt\/wp-json\/wp\/v2\/posts\/395672","targetHints":{"allow":["GET"]}}],"collection":[{"href":"https:\/\/medizinonline.com\/pt-pt\/wp-json\/wp\/v2\/posts"}],"about":[{"href":"https:\/\/medizinonline.com\/pt-pt\/wp-json\/wp\/v2\/types\/post"}],"author":[{"embeddable":true,"href":"https:\/\/medizinonline.com\/pt-pt\/wp-json\/wp\/v2\/users\/7"}],"replies":[{"embeddable":true,"href":"https:\/\/medizinonline.com\/pt-pt\/wp-json\/wp\/v2\/comments?post=395672"}],"version-history":[{"count":2,"href":"https:\/\/medizinonline.com\/pt-pt\/wp-json\/wp\/v2\/posts\/395672\/revisions"}],"predecessor-version":[{"id":398453,"href":"https:\/\/medizinonline.com\/pt-pt\/wp-json\/wp\/v2\/posts\/395672\/revisions\/398453"}],"wp:featuredmedia":[{"embeddable":true,"href":"https:\/\/medizinonline.com\/pt-pt\/wp-json\/wp\/v2\/media\/395674"}],"wp:attachment":[{"href":"https:\/\/medizinonline.com\/pt-pt\/wp-json\/wp\/v2\/media?parent=395672"}],"wp:term":[{"taxonomy":"category","embeddable":true,"href":"https:\/\/medizinonline.com\/pt-pt\/wp-json\/wp\/v2\/category?post=395672"},{"taxonomy":"post_tag","embeddable":true,"href":"https:\/\/medizinonline.com\/pt-pt\/wp-json\/wp\/v2\/tags?post=395672"},{"taxonomy":"powerkit_post_featured","embeddable":true,"href":"https:\/\/medizinonline.com\/pt-pt\/wp-json\/wp\/v2\/powerkit_post_featured?post=395672"}],"curies":[{"name":"wp","href":"https:\/\/api.w.org\/{rel}","templated":true}]}}