{"id":395673,"date":"2025-03-29T01:05:00","date_gmt":"2025-03-29T00:05:00","guid":{"rendered":"https:\/\/medizinonline.com\/beneficios-profilacticos-da-terapia-de-pressao-negativa-para-feridas\/"},"modified":"2025-03-28T23:00:39","modified_gmt":"2025-03-28T22:00:39","slug":"beneficios-profilacticos-da-terapia-de-pressao-negativa-para-feridas","status":"publish","type":"post","link":"https:\/\/medizinonline.com\/pt-pt\/beneficios-profilacticos-da-terapia-de-pressao-negativa-para-feridas\/","title":{"rendered":"Benef\u00edcios profil\u00e1cticos da terapia de press\u00e3o negativa para feridas"},"content":{"rendered":"\n<p><strong>As feridas secund\u00e1rias est\u00e3o expostas a um maior risco de infe\u00e7\u00e3o devido ao atraso na cicatriza\u00e7\u00e3o. Os sistemas de terapia de press\u00e3o negativa para feridas (NPWT) s\u00e3o tamb\u00e9m amplamente utilizados na Su\u00ed\u00e7a em v\u00e1rias especialidades cir\u00fargicas. As an\u00e1lises secund\u00e1rias actuais sustentam o potencial da NPWT para a profilaxia de<em> infec\u00e7\u00f5es de <\/em>feridas p\u00f3s-operat\u00f3rias<em> (infec\u00e7\u00f5es do local cir\u00fargico, <\/em>SSI).  <\/strong><\/p>\n\n\n\n<div class=\"pmpro\"><div class=\"pmpro_card pmpro_content_message\"><div class=\"pmpro_card_content\">Dieser Inhalt ist nur f\u00fcr Benutzer der Gruppe: Medizinische Fachperson zug\u00e4nglich <br \/><a href=\"https:\/\/medizinonline.com\/pt-pt\/a-minha-conta\/pacotes\/\">Jetzt beitreten<\/a><\/div><div class=\"pmpro_card_actions pmpro_font-medium\">Already a member? <a href=\"https:\/\/medizinonline.com\/pt-pt\/iniciar-sessao\/?redirect_to=https%3A%2F%2Fmedizinonline.com%2Fpt-pt%2Fbeneficios-profilacticos-da-terapia-de-pressao-negativa-para-feridas%2F\">Log in here<\/a><\/div><\/div><\/div>","protected":false},"excerpt":{"rendered":"<p>As feridas secund\u00e1rias est\u00e3o expostas a um maior risco de infe\u00e7\u00e3o devido ao atraso na cicatriza\u00e7\u00e3o. Os sistemas de terapia de press\u00e3o negativa para feridas (NPWT) s\u00e3o tamb\u00e9m amplamente utilizados&#8230;&hellip;... <\/p>\n<div class=\"pmpro\"><div class=\"pmpro_card pmpro_content_message\"><div class=\"pmpro_card_content\">Dieser Inhalt ist nur f\u00fcr Benutzer der Gruppe: Medizinische Fachperson zug\u00e4nglich <br \/><a href=\"https:\/\/medizinonline.com\/pt-pt\/a-minha-conta\/pacotes\/\">Jetzt beitreten<\/a><\/div><div class=\"pmpro_card_actions pmpro_font-medium\">Already a member? <a href=\"https:\/\/medizinonline.com\/pt-pt\/iniciar-sessao\/?redirect_to=https%3A%2F%2Fmedizinonline.com%2Fpt-pt%2Fbeneficios-profilacticos-da-terapia-de-pressao-negativa-para-feridas%2F\">Log in here<\/a><\/div><\/div><\/div>","protected":false},"author":7,"featured_media":395676,"comment_status":"closed","ping_status":"closed","sticky":false,"template":"","format":"standard","meta":{"_acf_changed":false,"pmpro_default_level":"","cat_1_feature_home_top":false,"cat_2_editor_pick":false,"csco_eyebrow_text":"Infec\u00e7\u00f5es p\u00f3s-operat\u00f3rias  ","footnotes":""},"category":[11551,11390,11356,11397,11521,11360,11421,11529],"tags":[81491,81496,24007,81497,81494,81498],"powerkit_post_featured":[],"class_list":["post-395673","post","type-post","status-publish","format-standard","has-post-thumbnail","category-rx-pt","category-cirurgia","category-dermatologia-e-venereologia-pt-pt","category-endocrinologia-e-diabetologia-2","category-estudos","category-geriatria-pt-pt","category-infecciologia","category-relatorios-do-congresso","tag-congresso-da-ferida-nuremberga","tag-infeccoes-do-local-da-cirurgia","tag-profilaxia","tag-ssi-pt-pt","tag-terapia-de-pressao-negativa-para-feridas","tag-tnp","pmpro-level-required","pmpro-level-1","pmpro-no-access"],"acf":[],"publishpress_future_action":{"enabled":false,"date":"2026-05-04 07:51:37","action":"change-status","newStatus":"draft","terms":[],"taxonomy":"category","extraData":[]},"publishpress_future_workflow_manual_trigger":{"enabledWorkflows":[]},"wpml_current_locale":"pt_PT","wpml_translations":{"es_ES":{"locale":"es_ES","id":395667,"slug":"beneficios-profilacticos-de-la-terapia-de-presion-negativa-para-heridas","post_title":"Beneficios profil\u00e1cticos de la terapia de presi\u00f3n negativa para heridas","href":"https:\/\/medizinonline.com\/es\/beneficios-profilacticos-de-la-terapia-de-presion-negativa-para-heridas\/"}},"_links":{"self":[{"href":"https:\/\/medizinonline.com\/pt-pt\/wp-json\/wp\/v2\/posts\/395673","targetHints":{"allow":["GET"]}}],"collection":[{"href":"https:\/\/medizinonline.com\/pt-pt\/wp-json\/wp\/v2\/posts"}],"about":[{"href":"https:\/\/medizinonline.com\/pt-pt\/wp-json\/wp\/v2\/types\/post"}],"author":[{"embeddable":true,"href":"https:\/\/medizinonline.com\/pt-pt\/wp-json\/wp\/v2\/users\/7"}],"replies":[{"embeddable":true,"href":"https:\/\/medizinonline.com\/pt-pt\/wp-json\/wp\/v2\/comments?post=395673"}],"version-history":[{"count":2,"href":"https:\/\/medizinonline.com\/pt-pt\/wp-json\/wp\/v2\/posts\/395673\/revisions"}],"predecessor-version":[{"id":398043,"href":"https:\/\/medizinonline.com\/pt-pt\/wp-json\/wp\/v2\/posts\/395673\/revisions\/398043"}],"wp:featuredmedia":[{"embeddable":true,"href":"https:\/\/medizinonline.com\/pt-pt\/wp-json\/wp\/v2\/media\/395676"}],"wp:attachment":[{"href":"https:\/\/medizinonline.com\/pt-pt\/wp-json\/wp\/v2\/media?parent=395673"}],"wp:term":[{"taxonomy":"category","embeddable":true,"href":"https:\/\/medizinonline.com\/pt-pt\/wp-json\/wp\/v2\/category?post=395673"},{"taxonomy":"post_tag","embeddable":true,"href":"https:\/\/medizinonline.com\/pt-pt\/wp-json\/wp\/v2\/tags?post=395673"},{"taxonomy":"powerkit_post_featured","embeddable":true,"href":"https:\/\/medizinonline.com\/pt-pt\/wp-json\/wp\/v2\/powerkit_post_featured?post=395673"}],"curies":[{"name":"wp","href":"https:\/\/api.w.org\/{rel}","templated":true}]}}