{"id":396025,"date":"2025-03-27T21:23:38","date_gmt":"2025-03-27T20:23:38","guid":{"rendered":"https:\/\/medizinonline.com\/?p=396025"},"modified":"2025-03-27T21:29:09","modified_gmt":"2025-03-27T20:29:09","slug":"a-melhoria-da-qualidade-dos-cuidados-visa-a-satisfacao-dos-doentes-3","status":"publish","type":"post","link":"https:\/\/medizinonline.com\/pt-pt\/a-melhoria-da-qualidade-dos-cuidados-visa-a-satisfacao-dos-doentes-3\/","title":{"rendered":"A melhoria da qualidade dos cuidados visa a satisfa\u00e7\u00e3o dos doentes"},"content":{"rendered":"\n<p><strong>Um dos principais componentes de ser m\u00e9dico \u00e9 prestar o melhor cuidado poss\u00edvel aos pacientes. A qualidade dos servi\u00e7os na Su\u00ed\u00e7a n\u00e3o precisa de se esconder numa compara\u00e7\u00e3o global. Esta qualidade deve ser salvaguardada.<\/strong><\/p>\n\n<div class=\"pmpro\"><div class=\"pmpro_card pmpro_content_message\"><div class=\"pmpro_card_content\">Dieser Inhalt ist nur f\u00fcr Benutzer der Gruppe: Medizinische Fachperson zug\u00e4nglich <br \/><a href=\"https:\/\/medizinonline.com\/pt-pt\/a-minha-conta\/pacotes\/\">Jetzt beitreten<\/a><\/div><div class=\"pmpro_card_actions pmpro_font-medium\">Already a member? <a href=\"https:\/\/medizinonline.com\/pt-pt\/iniciar-sessao\/?redirect_to=https%3A%2F%2Fmedizinonline.com%2Fpt-pt%2Fa-melhoria-da-qualidade-dos-cuidados-visa-a-satisfacao-dos-doentes-3%2F\">Log in here<\/a><\/div><\/div><\/div>","protected":false},"excerpt":{"rendered":"<p>Um dos principais componentes de ser m\u00e9dico \u00e9 prestar o melhor cuidado poss\u00edvel aos pacientes. A qualidade dos servi\u00e7os na Su\u00ed\u00e7a n\u00e3o precisa de se esconder numa compara\u00e7\u00e3o global. Esta&#8230;&hellip;... <\/p>\n<div class=\"pmpro\"><div class=\"pmpro_card pmpro_content_message\"><div class=\"pmpro_card_content\">Dieser Inhalt ist nur f\u00fcr Benutzer der Gruppe: Medizinische Fachperson zug\u00e4nglich <br \/><a href=\"https:\/\/medizinonline.com\/pt-pt\/a-minha-conta\/pacotes\/\">Jetzt beitreten<\/a><\/div><div class=\"pmpro_card_actions pmpro_font-medium\">Already a member? <a href=\"https:\/\/medizinonline.com\/pt-pt\/iniciar-sessao\/?redirect_to=https%3A%2F%2Fmedizinonline.com%2Fpt-pt%2Fa-melhoria-da-qualidade-dos-cuidados-visa-a-satisfacao-dos-doentes-3%2F\">Log in here<\/a><\/div><\/div><\/div>","protected":false},"author":7,"featured_media":396049,"comment_status":"closed","ping_status":"closed","sticky":false,"template":"","format":"standard","meta":{"_acf_changed":false,"pmpro_default_level":"","cat_1_feature_home_top":false,"cat_2_editor_pick":false,"csco_eyebrow_text":"Pr\u00e1tica de gest\u00e3o","footnotes":""},"category":[11551,11521,22618,11305,11544,11474],"tags":[13970,13333,20127],"powerkit_post_featured":[],"class_list":["post-396025","post","type-post","status-publish","format-standard","has-post-thumbnail","category-rx-pt","category-estudos","category-formacao-cme","category-medicina-interna-geral","category-pratica-de-gestao","category-prevencao-e-cuidados-de-saude","tag-gestao-da-qualidade","tag-gestao-de-praticas","tag-seguranca-dos-pacientes","pmpro-level-required","pmpro-level-1","pmpro-no-access"],"acf":[],"publishpress_future_action":{"enabled":false,"date":"2026-05-06 13:16:11","action":"change-status","newStatus":"draft","terms":[],"taxonomy":"category","extraData":[]},"publishpress_future_workflow_manual_trigger":{"enabledWorkflows":[]},"wpml_current_locale":"pt_PT","wpml_translations":{"es_ES":{"locale":"es_ES","id":396026,"slug":"la-mejora-de-la-calidad-de-la-atencion-tiene-como-objetivo-que-los-pacientes-esten-satisfechos-3","post_title":"La mejora de la calidad de la atenci\u00f3n tiene como objetivo que los pacientes est\u00e9n satisfechos","href":"https:\/\/medizinonline.com\/es\/la-mejora-de-la-calidad-de-la-atencion-tiene-como-objetivo-que-los-pacientes-esten-satisfechos-3\/"}},"_links":{"self":[{"href":"https:\/\/medizinonline.com\/pt-pt\/wp-json\/wp\/v2\/posts\/396025","targetHints":{"allow":["GET"]}}],"collection":[{"href":"https:\/\/medizinonline.com\/pt-pt\/wp-json\/wp\/v2\/posts"}],"about":[{"href":"https:\/\/medizinonline.com\/pt-pt\/wp-json\/wp\/v2\/types\/post"}],"author":[{"embeddable":true,"href":"https:\/\/medizinonline.com\/pt-pt\/wp-json\/wp\/v2\/users\/7"}],"replies":[{"embeddable":true,"href":"https:\/\/medizinonline.com\/pt-pt\/wp-json\/wp\/v2\/comments?post=396025"}],"version-history":[{"count":3,"href":"https:\/\/medizinonline.com\/pt-pt\/wp-json\/wp\/v2\/posts\/396025\/revisions"}],"predecessor-version":[{"id":398028,"href":"https:\/\/medizinonline.com\/pt-pt\/wp-json\/wp\/v2\/posts\/396025\/revisions\/398028"}],"wp:featuredmedia":[{"embeddable":true,"href":"https:\/\/medizinonline.com\/pt-pt\/wp-json\/wp\/v2\/media\/396049"}],"wp:attachment":[{"href":"https:\/\/medizinonline.com\/pt-pt\/wp-json\/wp\/v2\/media?parent=396025"}],"wp:term":[{"taxonomy":"category","embeddable":true,"href":"https:\/\/medizinonline.com\/pt-pt\/wp-json\/wp\/v2\/category?post=396025"},{"taxonomy":"post_tag","embeddable":true,"href":"https:\/\/medizinonline.com\/pt-pt\/wp-json\/wp\/v2\/tags?post=396025"},{"taxonomy":"powerkit_post_featured","embeddable":true,"href":"https:\/\/medizinonline.com\/pt-pt\/wp-json\/wp\/v2\/powerkit_post_featured?post=396025"}],"curies":[{"name":"wp","href":"https:\/\/api.w.org\/{rel}","templated":true}]}}