{"id":396669,"date":"2025-03-27T14:00:00","date_gmt":"2025-03-27T13:00:00","guid":{"rendered":"https:\/\/medizinonline.com\/a-terapia-com-celulas-t-car-pode-curar-a-llc-uma-actualizacao\/"},"modified":"2025-03-27T15:28:20","modified_gmt":"2025-03-27T14:28:20","slug":"a-terapia-com-celulas-t-car-pode-curar-a-llc-uma-actualizacao","status":"publish","type":"post","link":"https:\/\/medizinonline.com\/pt-pt\/a-terapia-com-celulas-t-car-pode-curar-a-llc-uma-actualizacao\/","title":{"rendered":"A terapia com c\u00e9lulas T CAR pode curar a LLC? Uma actualiza\u00e7\u00e3o"},"content":{"rendered":"\n<p><strong>Embora os resultados do tratamento tenham melhorado, a leucemia linfoc\u00edtica cr\u00f3nica recidivante ou refract\u00e1ria (LLCRR) ainda n\u00e3o \u00e9 cur\u00e1vel com as terapias padr\u00e3o e tem um mau progn\u00f3stico. Est\u00e3o agora dispon\u00edveis dados a longo prazo de doentes com LLC que receberam terapia com c\u00e9lulas T com recetor de antig\u00e9nio quim\u00e9rico contra CD19 (CART-19). <\/strong><\/p>\n\n<div class=\"pmpro\"><div class=\"pmpro_card pmpro_content_message\"><div class=\"pmpro_card_content\">Dieser Inhalt ist nur f\u00fcr Benutzer der Gruppe: Medizinische Fachperson zug\u00e4nglich <br \/><a href=\"https:\/\/medizinonline.com\/pt-pt\/a-minha-conta\/pacotes\/\">Jetzt beitreten<\/a><\/div><div class=\"pmpro_card_actions pmpro_font-medium\">Already a member? <a href=\"https:\/\/medizinonline.com\/pt-pt\/iniciar-sessao\/?redirect_to=https%3A%2F%2Fmedizinonline.com%2Fpt-pt%2Fa-terapia-com-celulas-t-car-pode-curar-a-llc-uma-actualizacao%2F\">Log in here<\/a><\/div><\/div><\/div>","protected":false},"excerpt":{"rendered":"<p>Embora os resultados do tratamento tenham melhorado, a leucemia linfoc\u00edtica cr\u00f3nica recidivante ou refract\u00e1ria (LLCRR) ainda n\u00e3o \u00e9 cur\u00e1vel com as terapias padr\u00e3o e tem um mau progn\u00f3stico. Est\u00e3o agora&#8230;&hellip;... <\/p>\n<div class=\"pmpro\"><div class=\"pmpro_card pmpro_content_message\"><div class=\"pmpro_card_content\">Dieser Inhalt ist nur f\u00fcr Benutzer der Gruppe: Medizinische Fachperson zug\u00e4nglich <br \/><a href=\"https:\/\/medizinonline.com\/pt-pt\/a-minha-conta\/pacotes\/\">Jetzt beitreten<\/a><\/div><div class=\"pmpro_card_actions pmpro_font-medium\">Already a member? <a href=\"https:\/\/medizinonline.com\/pt-pt\/iniciar-sessao\/?redirect_to=https%3A%2F%2Fmedizinonline.com%2Fpt-pt%2Fa-terapia-com-celulas-t-car-pode-curar-a-llc-uma-actualizacao%2F\">Log in here<\/a><\/div><\/div><\/div>","protected":false},"author":7,"featured_media":396677,"comment_status":"closed","ping_status":"closed","sticky":false,"template":"","format":"standard","meta":{"_acf_changed":false,"pmpro_default_level":"","cat_1_feature_home_top":false,"cat_2_editor_pick":false,"csco_eyebrow_text":"Leucemia linfoc\u00edtica cr\u00f3nica","footnotes":""},"category":[],"tags":[81781,25921,34643,20864,27510],"powerkit_post_featured":[],"class_list":["post-396669","post","type-post","status-publish","format-standard","has-post-thumbnail","tag-ash-2024-pt-pt","tag-cll-pt-pt","tag-leucemia-linfatica-cronica-pt-pt-2","tag-leucemia-linfatica-cronica-pt-pt","tag-terapia-com-celulas-t-da-car","pmpro-level-required","pmpro-level-1","pmpro-no-access"],"acf":[],"publishpress_future_action":{"enabled":false,"date":"2026-05-08 21:27:52","action":"change-status","newStatus":"draft","terms":[],"taxonomy":"category","extraData":[]},"publishpress_future_workflow_manual_trigger":{"enabledWorkflows":[]},"wpml_current_locale":"pt_PT","wpml_translations":{"es_ES":{"locale":"es_ES","id":396684,"slug":"puede-la-terapia-con-celulas-t-car-curar-la-llc-una-actualizacion","post_title":"\u00bfPuede la terapia con c\u00e9lulas T CAR curar la LLC? Una actualizaci\u00f3n","href":"https:\/\/medizinonline.com\/es\/puede-la-terapia-con-celulas-t-car-curar-la-llc-una-actualizacion\/"}},"_links":{"self":[{"href":"https:\/\/medizinonline.com\/pt-pt\/wp-json\/wp\/v2\/posts\/396669","targetHints":{"allow":["GET"]}}],"collection":[{"href":"https:\/\/medizinonline.com\/pt-pt\/wp-json\/wp\/v2\/posts"}],"about":[{"href":"https:\/\/medizinonline.com\/pt-pt\/wp-json\/wp\/v2\/types\/post"}],"author":[{"embeddable":true,"href":"https:\/\/medizinonline.com\/pt-pt\/wp-json\/wp\/v2\/users\/7"}],"replies":[{"embeddable":true,"href":"https:\/\/medizinonline.com\/pt-pt\/wp-json\/wp\/v2\/comments?post=396669"}],"version-history":[{"count":2,"href":"https:\/\/medizinonline.com\/pt-pt\/wp-json\/wp\/v2\/posts\/396669\/revisions"}],"predecessor-version":[{"id":398023,"href":"https:\/\/medizinonline.com\/pt-pt\/wp-json\/wp\/v2\/posts\/396669\/revisions\/398023"}],"wp:featuredmedia":[{"embeddable":true,"href":"https:\/\/medizinonline.com\/pt-pt\/wp-json\/wp\/v2\/media\/396677"}],"wp:attachment":[{"href":"https:\/\/medizinonline.com\/pt-pt\/wp-json\/wp\/v2\/media?parent=396669"}],"wp:term":[{"taxonomy":"category","embeddable":true,"href":"https:\/\/medizinonline.com\/pt-pt\/wp-json\/wp\/v2\/category?post=396669"},{"taxonomy":"post_tag","embeddable":true,"href":"https:\/\/medizinonline.com\/pt-pt\/wp-json\/wp\/v2\/tags?post=396669"},{"taxonomy":"powerkit_post_featured","embeddable":true,"href":"https:\/\/medizinonline.com\/pt-pt\/wp-json\/wp\/v2\/powerkit_post_featured?post=396669"}],"curies":[{"name":"wp","href":"https:\/\/api.w.org\/{rel}","templated":true}]}}