{"id":396768,"date":"2025-04-15T01:05:00","date_gmt":"2025-04-14T23:05:00","guid":{"rendered":"https:\/\/medizinonline.com\/daratumumab-atrasa-a-progressao-no-mieloma-multiplo-latente\/"},"modified":"2025-04-14T21:45:18","modified_gmt":"2025-04-14T19:45:18","slug":"daratumumab-atrasa-a-progressao-no-mieloma-multiplo-latente","status":"publish","type":"post","link":"https:\/\/medizinonline.com\/pt-pt\/daratumumab-atrasa-a-progressao-no-mieloma-multiplo-latente\/","title":{"rendered":"Daratumumab atrasa a progress\u00e3o no mieloma m\u00faltiplo latente"},"content":{"rendered":"\n<p><strong>O mieloma m\u00faltiplo latente (SMM) \u00e9 um precursor pr\u00e9-maligno assintom\u00e1tico do mieloma m\u00faltiplo ativo (MM). Os resultados do estudo AQUILA de fase III apresentado mostram que o daratumumab atrasa significativamente a progress\u00e3o do SMM para mieloma m\u00faltiplo ativo (MM) em doentes de alto risco. <\/strong><\/p>\n\n\n\n<div class=\"pmpro\"><div class=\"pmpro_card pmpro_content_message\"><div class=\"pmpro_card_content\">Dieser Inhalt ist nur f\u00fcr Benutzer der Gruppe: Medizinische Fachperson zug\u00e4nglich <br \/><a href=\"https:\/\/medizinonline.com\/pt-pt\/a-minha-conta\/pacotes\/\">Jetzt beitreten<\/a><\/div><div class=\"pmpro_card_actions pmpro_font-medium\">Already a member? <a href=\"https:\/\/medizinonline.com\/pt-pt\/iniciar-sessao\/?redirect_to=https%3A%2F%2Fmedizinonline.com%2Fpt-pt%2Fdaratumumab-atrasa-a-progressao-no-mieloma-multiplo-latente%2F\">Log in here<\/a><\/div><\/div><\/div>","protected":false},"excerpt":{"rendered":"<p>O mieloma m\u00faltiplo latente (SMM) \u00e9 um precursor pr\u00e9-maligno assintom\u00e1tico do mieloma m\u00faltiplo ativo (MM). Os resultados do estudo AQUILA de fase III apresentado mostram que o daratumumab atrasa significativamente&#8230;&hellip;... <\/p>\n<div class=\"pmpro\"><div class=\"pmpro_card pmpro_content_message\"><div class=\"pmpro_card_content\">Dieser Inhalt ist nur f\u00fcr Benutzer der Gruppe: Medizinische Fachperson zug\u00e4nglich <br \/><a href=\"https:\/\/medizinonline.com\/pt-pt\/a-minha-conta\/pacotes\/\">Jetzt beitreten<\/a><\/div><div class=\"pmpro_card_actions pmpro_font-medium\">Already a member? <a href=\"https:\/\/medizinonline.com\/pt-pt\/iniciar-sessao\/?redirect_to=https%3A%2F%2Fmedizinonline.com%2Fpt-pt%2Fdaratumumab-atrasa-a-progressao-no-mieloma-multiplo-latente%2F\">Log in here<\/a><\/div><\/div><\/div>","protected":false},"author":7,"featured_media":396771,"comment_status":"closed","ping_status":"closed","sticky":false,"template":"","format":"standard","meta":{"_acf_changed":false,"pmpro_default_level":"","cat_1_feature_home_top":false,"cat_2_editor_pick":false,"csco_eyebrow_text":"Mieloma m\u00faltiplo latente","footnotes":""},"category":[11551,11365,11379,11529],"tags":[81781,38659,81842,81840,81841],"powerkit_post_featured":[],"class_list":["post-396768","post","type-post","status-publish","format-standard","has-post-thumbnail","category-rx-pt","category-hematologia-pt-pt","category-oncologia-pt-pt","category-relatorios-do-congresso","tag-ash-2024-pt-pt","tag-daratumumab-pt-pt","tag-mieloma-multiplo-latente-pt-pt","tag-mieloma-multiplo-latente","tag-smm-pt-pt","pmpro-level-required","pmpro-level-1","pmpro-no-access"],"acf":[],"publishpress_future_action":{"enabled":false,"date":"2026-05-03 09:40:14","action":"change-status","newStatus":"draft","terms":[],"taxonomy":"category","extraData":[]},"publishpress_future_workflow_manual_trigger":{"enabledWorkflows":[]},"wpml_current_locale":"pt_PT","wpml_translations":{"es_ES":{"locale":"es_ES","id":396763,"slug":"el-daratumumab-retrasa-la-progresion-en-el-mieloma-multiple-latente","post_title":"El daratumumab retrasa la progresi\u00f3n en el mieloma m\u00faltiple latente","href":"https:\/\/medizinonline.com\/es\/el-daratumumab-retrasa-la-progresion-en-el-mieloma-multiple-latente\/"}},"_links":{"self":[{"href":"https:\/\/medizinonline.com\/pt-pt\/wp-json\/wp\/v2\/posts\/396768","targetHints":{"allow":["GET"]}}],"collection":[{"href":"https:\/\/medizinonline.com\/pt-pt\/wp-json\/wp\/v2\/posts"}],"about":[{"href":"https:\/\/medizinonline.com\/pt-pt\/wp-json\/wp\/v2\/types\/post"}],"author":[{"embeddable":true,"href":"https:\/\/medizinonline.com\/pt-pt\/wp-json\/wp\/v2\/users\/7"}],"replies":[{"embeddable":true,"href":"https:\/\/medizinonline.com\/pt-pt\/wp-json\/wp\/v2\/comments?post=396768"}],"version-history":[{"count":2,"href":"https:\/\/medizinonline.com\/pt-pt\/wp-json\/wp\/v2\/posts\/396768\/revisions"}],"predecessor-version":[{"id":398251,"href":"https:\/\/medizinonline.com\/pt-pt\/wp-json\/wp\/v2\/posts\/396768\/revisions\/398251"}],"wp:featuredmedia":[{"embeddable":true,"href":"https:\/\/medizinonline.com\/pt-pt\/wp-json\/wp\/v2\/media\/396771"}],"wp:attachment":[{"href":"https:\/\/medizinonline.com\/pt-pt\/wp-json\/wp\/v2\/media?parent=396768"}],"wp:term":[{"taxonomy":"category","embeddable":true,"href":"https:\/\/medizinonline.com\/pt-pt\/wp-json\/wp\/v2\/category?post=396768"},{"taxonomy":"post_tag","embeddable":true,"href":"https:\/\/medizinonline.com\/pt-pt\/wp-json\/wp\/v2\/tags?post=396768"},{"taxonomy":"powerkit_post_featured","embeddable":true,"href":"https:\/\/medizinonline.com\/pt-pt\/wp-json\/wp\/v2\/powerkit_post_featured?post=396768"}],"curies":[{"name":"wp","href":"https:\/\/api.w.org\/{rel}","templated":true}]}}