{"id":397337,"date":"2025-04-07T14:00:00","date_gmt":"2025-04-07T12:00:00","guid":{"rendered":"https:\/\/medizinonline.com\/?p=397337"},"modified":"2025-04-07T14:22:41","modified_gmt":"2025-04-07T12:22:41","slug":"doenca-hereditaria-do-tecido-conjuntivo-com-um-componente-vascular","status":"publish","type":"post","link":"https:\/\/medizinonline.com\/pt-pt\/doenca-hereditaria-do-tecido-conjuntivo-com-um-componente-vascular\/","title":{"rendered":"Doen\u00e7a heredit\u00e1ria do tecido conjuntivo com um componente vascular"},"content":{"rendered":"\n<p><strong>Apesar de estarem agora dispon\u00edveis testes gen\u00e9ticos espec\u00edficos, o diagn\u00f3stico da s\u00edndrome de Marfan continua a basear-se principalmente em crit\u00e9rios cl\u00ednicos espec\u00edficos, em particular na classifica\u00e7\u00e3o revista de Ghent. O amplo continuum fenot\u00edpico varia desde manifesta\u00e7\u00f5es ligeiras at\u00e9 \u00e0 doen\u00e7a multiorg\u00e2nica neonatal grave e rapidamente progressiva. O diagn\u00f3stico atempado \u00e9 de import\u00e2ncia crucial para proporcionar aos afectados medidas de tratamento adequadas. Para o efeito, defende-se uma abordagem multidisciplinar.   <\/strong><\/p>\n\n<div class=\"pmpro\"><div class=\"pmpro_card pmpro_content_message\"><div class=\"pmpro_card_content\">Dieser Inhalt ist nur f\u00fcr Benutzer der Gruppe: Medizinische Fachperson zug\u00e4nglich <br \/><a href=\"https:\/\/medizinonline.com\/pt-pt\/a-minha-conta\/pacotes\/\">Jetzt beitreten<\/a><\/div><div class=\"pmpro_card_actions pmpro_font-medium\">Already a member? <a href=\"https:\/\/medizinonline.com\/pt-pt\/iniciar-sessao\/?redirect_to=https%3A%2F%2Fmedizinonline.com%2Fpt-pt%2Fdoenca-hereditaria-do-tecido-conjuntivo-com-um-componente-vascular%2F\">Log in here<\/a><\/div><\/div><\/div>","protected":false},"excerpt":{"rendered":"<p>Apesar de estarem agora dispon\u00edveis testes gen\u00e9ticos espec\u00edficos, o diagn\u00f3stico da s\u00edndrome de Marfan continua a basear-se principalmente em crit\u00e9rios cl\u00ednicos espec\u00edficos, em particular na classifica\u00e7\u00e3o revista de Ghent. O&#8230;&hellip;... <\/p>\n<div class=\"pmpro\"><div class=\"pmpro_card pmpro_content_message\"><div class=\"pmpro_card_content\">Dieser Inhalt ist nur f\u00fcr Benutzer der Gruppe: Medizinische Fachperson zug\u00e4nglich <br \/><a href=\"https:\/\/medizinonline.com\/pt-pt\/a-minha-conta\/pacotes\/\">Jetzt beitreten<\/a><\/div><div class=\"pmpro_card_actions pmpro_font-medium\">Already a member? <a href=\"https:\/\/medizinonline.com\/pt-pt\/iniciar-sessao\/?redirect_to=https%3A%2F%2Fmedizinonline.com%2Fpt-pt%2Fdoenca-hereditaria-do-tecido-conjuntivo-com-um-componente-vascular%2F\">Log in here<\/a><\/div><\/div><\/div>","protected":false},"author":7,"featured_media":397338,"comment_status":"closed","ping_status":"closed","sticky":false,"template":"","format":"standard","meta":{"_acf_changed":false,"pmpro_default_level":"","cat_1_feature_home_top":false,"cat_2_editor_pick":false,"csco_eyebrow_text":"Doen\u00e7as raras: S\u00edndrome de Marfan","footnotes":""},"category":[11367,11356,11521,11524,11305,11436,11445,11450,11547,11551],"tags":[82012,26266,82010,19379],"powerkit_post_featured":[],"class_list":["post-397337","post","type-post","status-publish","format-standard","has-post-thumbnail","category-cardiologia-pt-pt","category-dermatologia-e-venereologia-pt-pt","category-estudos","category-formacao-continua","category-medicina-interna-geral","category-oftalmologia-pt-pt","category-ortopedia-pt-pt","category-pediatria-pt-pt","category-pneumologia-pt-pt","category-rx-pt","tag-doenca-hereditaria-do-tecido-conjuntivo","tag-doencas-raras-pt-pt","tag-ectopia-lentis-pt-pt","tag-sindrome-de-marfan","pmpro-level-required","pmpro-level-1","pmpro-no-access"],"acf":[],"publishpress_future_action":{"enabled":false,"date":"2026-05-05 22:35:49","action":"change-status","newStatus":"draft","terms":[],"taxonomy":"category","extraData":[]},"publishpress_future_workflow_manual_trigger":{"enabledWorkflows":[]},"wpml_current_locale":"pt_PT","wpml_translations":{"es_ES":{"locale":"es_ES","id":397332,"slug":"enfermedad-hereditaria-del-tejido-conjuntivo-con-componente-vascular","post_title":"Enfermedad hereditaria del tejido conjuntivo con componente vascular","href":"https:\/\/medizinonline.com\/es\/enfermedad-hereditaria-del-tejido-conjuntivo-con-componente-vascular\/"}},"_links":{"self":[{"href":"https:\/\/medizinonline.com\/pt-pt\/wp-json\/wp\/v2\/posts\/397337","targetHints":{"allow":["GET"]}}],"collection":[{"href":"https:\/\/medizinonline.com\/pt-pt\/wp-json\/wp\/v2\/posts"}],"about":[{"href":"https:\/\/medizinonline.com\/pt-pt\/wp-json\/wp\/v2\/types\/post"}],"author":[{"embeddable":true,"href":"https:\/\/medizinonline.com\/pt-pt\/wp-json\/wp\/v2\/users\/7"}],"replies":[{"embeddable":true,"href":"https:\/\/medizinonline.com\/pt-pt\/wp-json\/wp\/v2\/comments?post=397337"}],"version-history":[{"count":1,"href":"https:\/\/medizinonline.com\/pt-pt\/wp-json\/wp\/v2\/posts\/397337\/revisions"}],"predecessor-version":[{"id":397340,"href":"https:\/\/medizinonline.com\/pt-pt\/wp-json\/wp\/v2\/posts\/397337\/revisions\/397340"}],"wp:featuredmedia":[{"embeddable":true,"href":"https:\/\/medizinonline.com\/pt-pt\/wp-json\/wp\/v2\/media\/397338"}],"wp:attachment":[{"href":"https:\/\/medizinonline.com\/pt-pt\/wp-json\/wp\/v2\/media?parent=397337"}],"wp:term":[{"taxonomy":"category","embeddable":true,"href":"https:\/\/medizinonline.com\/pt-pt\/wp-json\/wp\/v2\/category?post=397337"},{"taxonomy":"post_tag","embeddable":true,"href":"https:\/\/medizinonline.com\/pt-pt\/wp-json\/wp\/v2\/tags?post=397337"},{"taxonomy":"powerkit_post_featured","embeddable":true,"href":"https:\/\/medizinonline.com\/pt-pt\/wp-json\/wp\/v2\/powerkit_post_featured?post=397337"}],"curies":[{"name":"wp","href":"https:\/\/api.w.org\/{rel}","templated":true}]}}