{"id":397918,"date":"2025-06-02T01:05:00","date_gmt":"2025-06-01T23:05:00","guid":{"rendered":"https:\/\/medizinonline.com\/diagnostico-numa-fase-inicial-classificacoes-de-prognostico-e-perspectivas\/"},"modified":"2025-06-02T03:01:20","modified_gmt":"2025-06-02T01:01:20","slug":"diagnostico-numa-fase-inicial-classificacoes-de-prognostico-e-perspectivas","status":"publish","type":"post","link":"https:\/\/medizinonline.com\/pt-pt\/diagnostico-numa-fase-inicial-classificacoes-de-prognostico-e-perspectivas\/","title":{"rendered":"Diagn\u00f3stico numa fase inicial, classifica\u00e7\u00f5es de progn\u00f3stico e perspectivas"},"content":{"rendered":"\n<p><strong>A amiloidose card\u00edaca, especialmente a cardiomiopatia amiloide por transtirretina de tipo selvagem (ATTRwt-CA), tem-se tornado cada vez mais importante nos \u00faltimos anos. Inicialmente, era considerada uma doen\u00e7a rara com uma idade de manifesta\u00e7\u00e3o (maioritariamente) tardia. Descobertas recentes e uma melhor imagiologia (em particular utilizando tra\u00e7adores espec\u00edficos do osso em cintigramas e ecocardiografia speckle-tracking) mostraram que a ATTRwt-CA \u00e9 mais comum do que se suspeitava em doentes mais velhos com achados restritivos\/hipertr\u00f3ficos.  <\/strong><\/p>\n\n<div class=\"pmpro\"><div class=\"pmpro_card pmpro_content_message\"><div class=\"pmpro_card_content\">Dieser Inhalt ist nur f\u00fcr Benutzer der Gruppe: Medizinische Fachperson zug\u00e4nglich <br \/><a href=\"https:\/\/medizinonline.com\/pt-pt\/a-minha-conta\/pacotes\/\">Jetzt beitreten<\/a><\/div><div class=\"pmpro_card_actions pmpro_font-medium\">Already a member? <a href=\"https:\/\/medizinonline.com\/pt-pt\/iniciar-sessao\/?redirect_to=https%3A%2F%2Fmedizinonline.com%2Fpt-pt%2Fdiagnostico-numa-fase-inicial-classificacoes-de-prognostico-e-perspectivas%2F\">Log in here<\/a><\/div><\/div><\/div>","protected":false},"excerpt":{"rendered":"<p>A amiloidose card\u00edaca, especialmente a cardiomiopatia amiloide por transtirretina de tipo selvagem (ATTRwt-CA), tem-se tornado cada vez mais importante nos \u00faltimos anos. Inicialmente, era considerada uma doen\u00e7a rara com uma&#8230;&hellip;... <\/p>\n<div class=\"pmpro\"><div class=\"pmpro_card pmpro_content_message\"><div class=\"pmpro_card_content\">Dieser Inhalt ist nur f\u00fcr Benutzer der Gruppe: Medizinische Fachperson zug\u00e4nglich <br \/><a href=\"https:\/\/medizinonline.com\/pt-pt\/a-minha-conta\/pacotes\/\">Jetzt beitreten<\/a><\/div><div class=\"pmpro_card_actions pmpro_font-medium\">Already a member? <a href=\"https:\/\/medizinonline.com\/pt-pt\/iniciar-sessao\/?redirect_to=https%3A%2F%2Fmedizinonline.com%2Fpt-pt%2Fdiagnostico-numa-fase-inicial-classificacoes-de-prognostico-e-perspectivas%2F\">Log in here<\/a><\/div><\/div><\/div>","protected":false},"author":7,"featured_media":397919,"comment_status":"closed","ping_status":"closed","sticky":false,"template":"","format":"standard","meta":{"_acf_changed":false,"pmpro_default_level":"","cat_1_feature_home_top":false,"cat_2_editor_pick":false,"csco_eyebrow_text":"Cardiomiopatia amiloide transtirretina de tipo selvagem (ATTRwt-CA)","footnotes":""},"category":[11367,11521,11524,11551],"tags":[70012,82125,82127,82126,82128],"powerkit_post_featured":[],"class_list":["post-397918","post","type-post","status-publish","format-standard","has-post-thumbnail","category-cardiologia-pt-pt","category-estudos","category-formacao-continua","category-rx-pt","tag-amiloidose-cardiaca","tag-attrwt-ca-pt-pt","tag-cardiomiopatia-amiloide-pt-pt","tag-diamante-pt-pt","tag-transtirretina","pmpro-level-required","pmpro-level-1","pmpro-no-access"],"acf":[],"publishpress_future_action":{"enabled":false,"date":"2026-05-04 18:50:03","action":"change-status","newStatus":"draft","terms":[],"taxonomy":"category","extraData":[]},"publishpress_future_workflow_manual_trigger":{"enabledWorkflows":[]},"wpml_current_locale":"pt_PT","wpml_translations":{"es_ES":{"locale":"es_ES","id":397859,"slug":"diagnostico-en-fase-precoz-clasificaciones-pronosticas-y-perspectivas","post_title":"Diagn\u00f3stico en fase precoz, clasificaciones pron\u00f3sticas y perspectivas","href":"https:\/\/medizinonline.com\/es\/diagnostico-en-fase-precoz-clasificaciones-pronosticas-y-perspectivas\/"}},"_links":{"self":[{"href":"https:\/\/medizinonline.com\/pt-pt\/wp-json\/wp\/v2\/posts\/397918","targetHints":{"allow":["GET"]}}],"collection":[{"href":"https:\/\/medizinonline.com\/pt-pt\/wp-json\/wp\/v2\/posts"}],"about":[{"href":"https:\/\/medizinonline.com\/pt-pt\/wp-json\/wp\/v2\/types\/post"}],"author":[{"embeddable":true,"href":"https:\/\/medizinonline.com\/pt-pt\/wp-json\/wp\/v2\/users\/7"}],"replies":[{"embeddable":true,"href":"https:\/\/medizinonline.com\/pt-pt\/wp-json\/wp\/v2\/comments?post=397918"}],"version-history":[{"count":2,"href":"https:\/\/medizinonline.com\/pt-pt\/wp-json\/wp\/v2\/posts\/397918\/revisions"}],"predecessor-version":[{"id":402142,"href":"https:\/\/medizinonline.com\/pt-pt\/wp-json\/wp\/v2\/posts\/397918\/revisions\/402142"}],"wp:featuredmedia":[{"embeddable":true,"href":"https:\/\/medizinonline.com\/pt-pt\/wp-json\/wp\/v2\/media\/397919"}],"wp:attachment":[{"href":"https:\/\/medizinonline.com\/pt-pt\/wp-json\/wp\/v2\/media?parent=397918"}],"wp:term":[{"taxonomy":"category","embeddable":true,"href":"https:\/\/medizinonline.com\/pt-pt\/wp-json\/wp\/v2\/category?post=397918"},{"taxonomy":"post_tag","embeddable":true,"href":"https:\/\/medizinonline.com\/pt-pt\/wp-json\/wp\/v2\/tags?post=397918"},{"taxonomy":"powerkit_post_featured","embeddable":true,"href":"https:\/\/medizinonline.com\/pt-pt\/wp-json\/wp\/v2\/powerkit_post_featured?post=397918"}],"curies":[{"name":"wp","href":"https:\/\/api.w.org\/{rel}","templated":true}]}}