{"id":399718,"date":"2025-05-16T01:05:00","date_gmt":"2025-05-15T23:05:00","guid":{"rendered":"https:\/\/medizinonline.com\/?p=399718"},"modified":"2025-05-16T07:42:35","modified_gmt":"2025-05-16T05:42:35","slug":"os-homens-velhos-e-brancos-sao-favorecidos","status":"publish","type":"post","link":"https:\/\/medizinonline.com\/pt-pt\/os-homens-velhos-e-brancos-sao-favorecidos\/","title":{"rendered":"Os homens velhos e brancos s\u00e3o favorecidos?"},"content":{"rendered":"\n<p><strong>Apesar das recomenda\u00e7\u00f5es consistentes e das evid\u00eancias cl\u00ednicas crescentes, a ado\u00e7\u00e3o de terapias de AR com SGLT2i e GLP1 em pessoas com diabetes tipo 2 e comorbilidades cardiorrenais tem sido lenta. Existe tamb\u00e9m relativamente pouca investiga\u00e7\u00e3o sobre as diferen\u00e7as \u00e9tnicas nas pessoas que iniciam a terap\u00eautica de segunda linha. Trata-se de uma omiss\u00e3o, uma vez que os grupos \u00e9tnicos minorit\u00e1rios apresentam taxas mais elevadas de morbilidade e mortalidade associadas \u00e0 diabetes tipo 2.  <\/strong><\/p>\n\n<div class=\"pmpro\"><div class=\"pmpro_card pmpro_content_message\"><div class=\"pmpro_card_content\">Dieser Inhalt ist nur f\u00fcr Benutzer der Gruppe: Medizinische Fachperson zug\u00e4nglich <br \/><a href=\"https:\/\/medizinonline.com\/pt-pt\/a-minha-conta\/pacotes\/\">Jetzt beitreten<\/a><\/div><div class=\"pmpro_card_actions pmpro_font-medium\">Already a member? <a href=\"https:\/\/medizinonline.com\/pt-pt\/iniciar-sessao\/?redirect_to=https%3A%2F%2Fmedizinonline.com%2Fpt-pt%2Fos-homens-velhos-e-brancos-sao-favorecidos%2F\">Log in here<\/a><\/div><\/div><\/div>","protected":false},"excerpt":{"rendered":"<p>Apesar das recomenda\u00e7\u00f5es consistentes e das evid\u00eancias cl\u00ednicas crescentes, a ado\u00e7\u00e3o de terapias de AR com SGLT2i e GLP1 em pessoas com diabetes tipo 2 e comorbilidades cardiorrenais tem sido&#8230;&hellip;... <\/p>\n<div class=\"pmpro\"><div class=\"pmpro_card pmpro_content_message\"><div class=\"pmpro_card_content\">Dieser Inhalt ist nur f\u00fcr Benutzer der Gruppe: Medizinische Fachperson zug\u00e4nglich <br \/><a href=\"https:\/\/medizinonline.com\/pt-pt\/a-minha-conta\/pacotes\/\">Jetzt beitreten<\/a><\/div><div class=\"pmpro_card_actions pmpro_font-medium\">Already a member? <a href=\"https:\/\/medizinonline.com\/pt-pt\/iniciar-sessao\/?redirect_to=https%3A%2F%2Fmedizinonline.com%2Fpt-pt%2Fos-homens-velhos-e-brancos-sao-favorecidos%2F\">Log in here<\/a><\/div><\/div><\/div>","protected":false},"author":7,"featured_media":399724,"comment_status":"closed","ping_status":"closed","sticky":false,"template":"","format":"standard","meta":{"_acf_changed":false,"pmpro_default_level":"","cat_1_feature_home_top":false,"cat_2_editor_pick":false,"csco_eyebrow_text":"Inibidores do SGLT2 e GLP1-RA","footnotes":""},"category":[11367,11397,11521,11524,11551],"tags":[82613,82609,12023,82614,33459,82612,63640],"powerkit_post_featured":[],"class_list":["post-399718","post","type-post","status-publish","format-standard","has-post-thumbnail","category-cardiologia-pt-pt","category-endocrinologia-e-diabetologia-2","category-estudos","category-formacao-continua","category-rx-pt","tag-antagonistas-dos-receptores-glp1","tag-comorbilidades-cardiorenais","tag-diabetes-tipo-2-pt-pt","tag-diferencas-etnicas","tag-inibidores-sglt2-pt-pt","tag-taxas-de-mortalidade","tag-terapia-da-diabetes-pt-pt","pmpro-level-required","pmpro-level-1","pmpro-no-access"],"acf":[],"publishpress_future_action":{"enabled":false,"date":"2026-05-03 08:13:21","action":"change-status","newStatus":"draft","terms":[],"taxonomy":"category","extraData":[]},"publishpress_future_workflow_manual_trigger":{"enabledWorkflows":[]},"wpml_current_locale":"pt_PT","wpml_translations":{"es_ES":{"locale":"es_ES","id":399714,"slug":"se-favorece-a-los-hombres-viejos-y-blancos","post_title":"\u00bfSe favorece a los hombres viejos y blancos?","href":"https:\/\/medizinonline.com\/es\/se-favorece-a-los-hombres-viejos-y-blancos\/"}},"_links":{"self":[{"href":"https:\/\/medizinonline.com\/pt-pt\/wp-json\/wp\/v2\/posts\/399718","targetHints":{"allow":["GET"]}}],"collection":[{"href":"https:\/\/medizinonline.com\/pt-pt\/wp-json\/wp\/v2\/posts"}],"about":[{"href":"https:\/\/medizinonline.com\/pt-pt\/wp-json\/wp\/v2\/types\/post"}],"author":[{"embeddable":true,"href":"https:\/\/medizinonline.com\/pt-pt\/wp-json\/wp\/v2\/users\/7"}],"replies":[{"embeddable":true,"href":"https:\/\/medizinonline.com\/pt-pt\/wp-json\/wp\/v2\/comments?post=399718"}],"version-history":[{"count":1,"href":"https:\/\/medizinonline.com\/pt-pt\/wp-json\/wp\/v2\/posts\/399718\/revisions"}],"predecessor-version":[{"id":399725,"href":"https:\/\/medizinonline.com\/pt-pt\/wp-json\/wp\/v2\/posts\/399718\/revisions\/399725"}],"wp:featuredmedia":[{"embeddable":true,"href":"https:\/\/medizinonline.com\/pt-pt\/wp-json\/wp\/v2\/media\/399724"}],"wp:attachment":[{"href":"https:\/\/medizinonline.com\/pt-pt\/wp-json\/wp\/v2\/media?parent=399718"}],"wp:term":[{"taxonomy":"category","embeddable":true,"href":"https:\/\/medizinonline.com\/pt-pt\/wp-json\/wp\/v2\/category?post=399718"},{"taxonomy":"post_tag","embeddable":true,"href":"https:\/\/medizinonline.com\/pt-pt\/wp-json\/wp\/v2\/tags?post=399718"},{"taxonomy":"powerkit_post_featured","embeddable":true,"href":"https:\/\/medizinonline.com\/pt-pt\/wp-json\/wp\/v2\/powerkit_post_featured?post=399718"}],"curies":[{"name":"wp","href":"https:\/\/api.w.org\/{rel}","templated":true}]}}