{"id":399732,"date":"2025-06-05T01:05:00","date_gmt":"2025-06-04T23:05:00","guid":{"rendered":"https:\/\/medizinonline.com\/?p=399732"},"modified":"2025-05-02T22:09:39","modified_gmt":"2025-05-02T20:09:39","slug":"padroes-de-sono-perturbados-levam-a-stress-metabolico","status":"publish","type":"post","link":"https:\/\/medizinonline.com\/pt-pt\/padroes-de-sono-perturbados-levam-a-stress-metabolico\/","title":{"rendered":"Padr\u00f5es de sono perturbados levam a stress metab\u00f3lico"},"content":{"rendered":"\n<p><strong>O ritmo circadiano e a qualidade do sono regulam processos biol\u00f3gicos importantes. A perturba\u00e7\u00e3o deste ritmo aumenta a probabilidade de desenvolver doen\u00e7as cr\u00f3nicas. Durante o jejum intermitente no Ramad\u00e3o (IFR), os ciclos de sono e vig\u00edlia s\u00e3o frequentemente perturbados, o que pode afetar a atividade f\u00edsica (AF) e as respostas metab\u00f3licas associadas. No entanto, o conhecimento do impacto da perturba\u00e7\u00e3o do sono na AF na popula\u00e7\u00e3o em geral durante o IFR \u00e9 limitado e em grande parte inexplorado.   <\/strong><\/p>\n\n<div class=\"pmpro\"><div class=\"pmpro_card pmpro_content_message\"><div class=\"pmpro_card_content\">Dieser Inhalt ist nur f\u00fcr Benutzer der Gruppe: Medizinische Fachperson zug\u00e4nglich <br \/><a href=\"https:\/\/medizinonline.com\/pt-pt\/a-minha-conta\/pacotes\/\">Jetzt beitreten<\/a><\/div><div class=\"pmpro_card_actions pmpro_font-medium\">Already a member? <a href=\"https:\/\/medizinonline.com\/pt-pt\/iniciar-sessao\/?redirect_to=https%3A%2F%2Fmedizinonline.com%2Fpt-pt%2Fpadroes-de-sono-perturbados-levam-a-stress-metabolico%2F\">Log in here<\/a><\/div><\/div><\/div>","protected":false},"excerpt":{"rendered":"<p>O ritmo circadiano e a qualidade do sono regulam processos biol\u00f3gicos importantes. A perturba\u00e7\u00e3o deste ritmo aumenta a probabilidade de desenvolver doen\u00e7as cr\u00f3nicas. Durante o jejum intermitente no Ramad\u00e3o (IFR),&#8230;&hellip;... <\/p>\n<div class=\"pmpro\"><div class=\"pmpro_card pmpro_content_message\"><div class=\"pmpro_card_content\">Dieser Inhalt ist nur f\u00fcr Benutzer der Gruppe: Medizinische Fachperson zug\u00e4nglich <br \/><a href=\"https:\/\/medizinonline.com\/pt-pt\/a-minha-conta\/pacotes\/\">Jetzt beitreten<\/a><\/div><div class=\"pmpro_card_actions pmpro_font-medium\">Already a member? <a href=\"https:\/\/medizinonline.com\/pt-pt\/iniciar-sessao\/?redirect_to=https%3A%2F%2Fmedizinonline.com%2Fpt-pt%2Fpadroes-de-sono-perturbados-levam-a-stress-metabolico%2F\">Log in here<\/a><\/div><\/div><\/div>","protected":false},"author":7,"featured_media":399733,"comment_status":"closed","ping_status":"closed","sticky":false,"template":"","format":"standard","meta":{"_acf_changed":false,"pmpro_default_level":"","cat_1_feature_home_top":false,"cat_2_editor_pick":false,"csco_eyebrow_text":"Ritmo circadiano durante o Ramad\u00e3o","footnotes":""},"category":[11397,11521,11524,11305,11403,11551],"tags":[33731,82624,82621,18710,56910,82623,82622,82620,81028],"powerkit_post_featured":[],"class_list":["post-399732","post","type-post","status-publish","format-standard","has-post-thumbnail","category-endocrinologia-e-diabetologia-2","category-estudos","category-formacao-continua","category-medicina-interna-geral","category-nutricao","category-rx-pt","tag-doencas-cronicas","tag-homa-ir-pt-pt","tag-jejum","tag-perturbacoes-do-sono","tag-qualidade-do-sono","tag-ramadao","tag-reacao-metabolica","tag-reaccoes-metabolicas","tag-ritmo-circadiano-pt-pt","pmpro-level-required","pmpro-level-1","pmpro-no-access"],"acf":[],"publishpress_future_action":{"enabled":false,"date":"2026-05-05 01:57:33","action":"change-status","newStatus":"draft","terms":[],"taxonomy":"category","extraData":[]},"publishpress_future_workflow_manual_trigger":{"enabledWorkflows":[]},"wpml_current_locale":"pt_PT","wpml_translations":{"es_ES":{"locale":"es_ES","id":399701,"slug":"los-patrones-de-sueno-alterados-provocan-estres-metabolico","post_title":"Los patrones de sue\u00f1o alterados provocan estr\u00e9s metab\u00f3lico","href":"https:\/\/medizinonline.com\/es\/los-patrones-de-sueno-alterados-provocan-estres-metabolico\/"}},"_links":{"self":[{"href":"https:\/\/medizinonline.com\/pt-pt\/wp-json\/wp\/v2\/posts\/399732","targetHints":{"allow":["GET"]}}],"collection":[{"href":"https:\/\/medizinonline.com\/pt-pt\/wp-json\/wp\/v2\/posts"}],"about":[{"href":"https:\/\/medizinonline.com\/pt-pt\/wp-json\/wp\/v2\/types\/post"}],"author":[{"embeddable":true,"href":"https:\/\/medizinonline.com\/pt-pt\/wp-json\/wp\/v2\/users\/7"}],"replies":[{"embeddable":true,"href":"https:\/\/medizinonline.com\/pt-pt\/wp-json\/wp\/v2\/comments?post=399732"}],"version-history":[{"count":1,"href":"https:\/\/medizinonline.com\/pt-pt\/wp-json\/wp\/v2\/posts\/399732\/revisions"}],"predecessor-version":[{"id":399734,"href":"https:\/\/medizinonline.com\/pt-pt\/wp-json\/wp\/v2\/posts\/399732\/revisions\/399734"}],"wp:featuredmedia":[{"embeddable":true,"href":"https:\/\/medizinonline.com\/pt-pt\/wp-json\/wp\/v2\/media\/399733"}],"wp:attachment":[{"href":"https:\/\/medizinonline.com\/pt-pt\/wp-json\/wp\/v2\/media?parent=399732"}],"wp:term":[{"taxonomy":"category","embeddable":true,"href":"https:\/\/medizinonline.com\/pt-pt\/wp-json\/wp\/v2\/category?post=399732"},{"taxonomy":"post_tag","embeddable":true,"href":"https:\/\/medizinonline.com\/pt-pt\/wp-json\/wp\/v2\/tags?post=399732"},{"taxonomy":"powerkit_post_featured","embeddable":true,"href":"https:\/\/medizinonline.com\/pt-pt\/wp-json\/wp\/v2\/powerkit_post_featured?post=399732"}],"curies":[{"name":"wp","href":"https:\/\/api.w.org\/{rel}","templated":true}]}}