{"id":400522,"date":"2025-06-26T01:05:00","date_gmt":"2025-06-25T23:05:00","guid":{"rendered":"https:\/\/medizinonline.com\/pior-prognostico-para-os-homens-que-evitam-o-rastreio-do-cancro-da-prostata\/"},"modified":"2025-05-12T10:54:40","modified_gmt":"2025-05-12T08:54:40","slug":"pior-prognostico-para-os-homens-que-evitam-o-rastreio-do-cancro-da-prostata","status":"publish","type":"post","link":"https:\/\/medizinonline.com\/pt-pt\/pior-prognostico-para-os-homens-que-evitam-o-rastreio-do-cancro-da-prostata\/","title":{"rendered":"Pior progn\u00f3stico para os homens que evitam o rastreio do cancro da pr\u00f3stata"},"content":{"rendered":"\n<p><strong>Os homens que evitam sistematicamente as consultas de rastreio do cancro da pr\u00f3stata t\u00eam um risco desproporcionadamente mais elevado de morrer da doen\u00e7a. Este facto \u00e9 demonstrado por um estudo que tamb\u00e9m identificou um novo grupo de alto risco. <\/strong><\/p>\n\n<div class=\"pmpro\"><div class=\"pmpro_card pmpro_content_message\"><div class=\"pmpro_card_content\">Dieser Inhalt ist nur f\u00fcr Benutzer der Gruppe: Medizinische Fachperson zug\u00e4nglich <br \/><a href=\"https:\/\/medizinonline.com\/pt-pt\/a-minha-conta\/pacotes\/\">Jetzt beitreten<\/a><\/div><div class=\"pmpro_card_actions pmpro_font-medium\">Already a member? <a href=\"https:\/\/medizinonline.com\/pt-pt\/iniciar-sessao\/?redirect_to=https%3A%2F%2Fmedizinonline.com%2Fpt-pt%2Fpior-prognostico-para-os-homens-que-evitam-o-rastreio-do-cancro-da-prostata%2F\">Log in here<\/a><\/div><\/div><\/div>","protected":false},"excerpt":{"rendered":"<p>Os homens que evitam sistematicamente as consultas de rastreio do cancro da pr\u00f3stata t\u00eam um risco desproporcionadamente mais elevado de morrer da doen\u00e7a. Este facto \u00e9 demonstrado por um estudo&#8230;&hellip;... <\/p>\n<div class=\"pmpro\"><div class=\"pmpro_card pmpro_content_message\"><div class=\"pmpro_card_content\">Dieser Inhalt ist nur f\u00fcr Benutzer der Gruppe: Medizinische Fachperson zug\u00e4nglich <br \/><a href=\"https:\/\/medizinonline.com\/pt-pt\/a-minha-conta\/pacotes\/\">Jetzt beitreten<\/a><\/div><div class=\"pmpro_card_actions pmpro_font-medium\">Already a member? <a href=\"https:\/\/medizinonline.com\/pt-pt\/iniciar-sessao\/?redirect_to=https%3A%2F%2Fmedizinonline.com%2Fpt-pt%2Fpior-prognostico-para-os-homens-que-evitam-o-rastreio-do-cancro-da-prostata%2F\">Log in here<\/a><\/div><\/div><\/div>","protected":false},"author":7,"featured_media":400525,"comment_status":"closed","ping_status":"closed","sticky":false,"template":"","format":"standard","meta":{"_acf_changed":false,"pmpro_default_level":"","cat_1_feature_home_top":false,"cat_2_editor_pick":false,"csco_eyebrow_text":"Rastreio do cancro","footnotes":""},"category":[11521,11379,11474,11529,11551,11507],"tags":[82800,82779,30999,82799],"powerkit_post_featured":[],"class_list":["post-400522","post","type-post","status-publish","format-standard","has-post-thumbnail","category-estudos","category-oncologia-pt-pt","category-prevencao-e-cuidados-de-saude","category-relatorios-do-congresso","category-rx-pt","category-urologia-pt-pt","tag-doentes-de-alto-risco-risco-de-doenca","tag-eau25-pt-pt","tag-previsao-pt-pt","tag-rastreio-do-cancro-da-prostata","pmpro-level-required","pmpro-level-1","pmpro-no-access"],"acf":[],"publishpress_future_action":{"enabled":false,"date":"2026-05-04 07:24:54","action":"change-status","newStatus":"draft","terms":[],"taxonomy":"category","extraData":[]},"publishpress_future_workflow_manual_trigger":{"enabledWorkflows":[]},"wpml_current_locale":"pt_PT","wpml_translations":{"es_ES":{"locale":"es_ES","id":400516,"slug":"peor-pronostico-para-los-hombres-que-evitan-el-cribado-del-cancer-de-prostata","post_title":"Peor pron\u00f3stico para los hombres que evitan el cribado del c\u00e1ncer de pr\u00f3stata","href":"https:\/\/medizinonline.com\/es\/peor-pronostico-para-los-hombres-que-evitan-el-cribado-del-cancer-de-prostata\/"}},"_links":{"self":[{"href":"https:\/\/medizinonline.com\/pt-pt\/wp-json\/wp\/v2\/posts\/400522","targetHints":{"allow":["GET"]}}],"collection":[{"href":"https:\/\/medizinonline.com\/pt-pt\/wp-json\/wp\/v2\/posts"}],"about":[{"href":"https:\/\/medizinonline.com\/pt-pt\/wp-json\/wp\/v2\/types\/post"}],"author":[{"embeddable":true,"href":"https:\/\/medizinonline.com\/pt-pt\/wp-json\/wp\/v2\/users\/7"}],"replies":[{"embeddable":true,"href":"https:\/\/medizinonline.com\/pt-pt\/wp-json\/wp\/v2\/comments?post=400522"}],"version-history":[{"count":1,"href":"https:\/\/medizinonline.com\/pt-pt\/wp-json\/wp\/v2\/posts\/400522\/revisions"}],"predecessor-version":[{"id":400527,"href":"https:\/\/medizinonline.com\/pt-pt\/wp-json\/wp\/v2\/posts\/400522\/revisions\/400527"}],"wp:featuredmedia":[{"embeddable":true,"href":"https:\/\/medizinonline.com\/pt-pt\/wp-json\/wp\/v2\/media\/400525"}],"wp:attachment":[{"href":"https:\/\/medizinonline.com\/pt-pt\/wp-json\/wp\/v2\/media?parent=400522"}],"wp:term":[{"taxonomy":"category","embeddable":true,"href":"https:\/\/medizinonline.com\/pt-pt\/wp-json\/wp\/v2\/category?post=400522"},{"taxonomy":"post_tag","embeddable":true,"href":"https:\/\/medizinonline.com\/pt-pt\/wp-json\/wp\/v2\/tags?post=400522"},{"taxonomy":"powerkit_post_featured","embeddable":true,"href":"https:\/\/medizinonline.com\/pt-pt\/wp-json\/wp\/v2\/powerkit_post_featured?post=400522"}],"curies":[{"name":"wp","href":"https:\/\/api.w.org\/{rel}","templated":true}]}}