{"id":403659,"date":"2025-07-22T01:05:00","date_gmt":"2025-07-21T23:05:00","guid":{"rendered":"https:\/\/medizinonline.com\/?p=403659"},"modified":"2025-06-19T15:29:15","modified_gmt":"2025-06-19T13:29:15","slug":"imagens-de-raios-x-dispneia-torax-em-funil","status":"publish","type":"post","link":"https:\/\/medizinonline.com\/pt-pt\/imagens-de-raios-x-dispneia-torax-em-funil\/","title":{"rendered":"Imagens de raios X dispneia &#8211; t\u00f3rax em funil"},"content":{"rendered":"\n<p><strong>O peito em funil \u00e9 uma deforma\u00e7\u00e3o da caixa tor\u00e1cica causada por uma perturba\u00e7\u00e3o do crescimento do tecido \u00f3sseo e cartilag\u00edneo. Os sintomas f\u00edsicos nem sempre se manifestam, mas o peito afundado pode exercer press\u00e3o sobre o cora\u00e7\u00e3o e os pulm\u00f5es. O t\u00f3rax em funil pode ser corrigido por cirurgia, embora existam diferentes m\u00e9todos cir\u00fargicos. Em alternativa, o tratamento fisioterap\u00eautico pode ser \u00fatil para uma deformidade ligeira.   <\/strong><\/p>\n\n<div class=\"pmpro\"><div class=\"pmpro_card pmpro_content_message\"><div class=\"pmpro_card_content\">Dieser Inhalt ist nur f\u00fcr Benutzer der Gruppe: Medizinische Fachperson zug\u00e4nglich <br \/><a href=\"https:\/\/medizinonline.com\/pt-pt\/a-minha-conta\/pacotes\/\">Jetzt beitreten<\/a><\/div><div class=\"pmpro_card_actions pmpro_font-medium\">Already a member? <a href=\"https:\/\/medizinonline.com\/pt-pt\/iniciar-sessao\/?redirect_to=https%3A%2F%2Fmedizinonline.com%2Fpt-pt%2Fimagens-de-raios-x-dispneia-torax-em-funil%2F\">Log in here<\/a><\/div><\/div><\/div>","protected":false},"excerpt":{"rendered":"<p>O peito em funil \u00e9 uma deforma\u00e7\u00e3o da caixa tor\u00e1cica causada por uma perturba\u00e7\u00e3o do crescimento do tecido \u00f3sseo e cartilag\u00edneo. Os sintomas f\u00edsicos nem sempre se manifestam, mas o&#8230;&hellip;... <\/p>\n<div class=\"pmpro\"><div class=\"pmpro_card pmpro_content_message\"><div class=\"pmpro_card_content\">Dieser Inhalt ist nur f\u00fcr Benutzer der Gruppe: Medizinische Fachperson zug\u00e4nglich <br \/><a href=\"https:\/\/medizinonline.com\/pt-pt\/a-minha-conta\/pacotes\/\">Jetzt beitreten<\/a><\/div><div class=\"pmpro_card_actions pmpro_font-medium\">Already a member? <a href=\"https:\/\/medizinonline.com\/pt-pt\/iniciar-sessao\/?redirect_to=https%3A%2F%2Fmedizinonline.com%2Fpt-pt%2Fimagens-de-raios-x-dispneia-torax-em-funil%2F\">Log in here<\/a><\/div><\/div><\/div>","protected":false},"author":7,"featured_media":403669,"comment_status":"closed","ping_status":"closed","sticky":false,"template":"","format":"standard","meta":{"_acf_changed":false,"pmpro_default_level":"","cat_1_feature_home_top":false,"cat_2_editor_pick":false,"csco_eyebrow_text":"Do sintoma ao diagn\u00f3stico","footnotes":""},"category":[11536,11390,11524,11305,11445,11486,11551],"tags":[63666,19226,83652,22418],"powerkit_post_featured":[],"class_list":["post-403659","post","type-post","status-publish","format-standard","has-post-thumbnail","category-casos-pt-pt","category-cirurgia","category-formacao-continua","category-medicina-interna-geral","category-ortopedia-pt-pt","category-radiologia-pt-pt","category-rx-pt","tag-arca-de-funil","tag-dyspnoea","tag-intervencao-cirurgica","tag-raio-x","pmpro-level-required","pmpro-level-1","pmpro-no-access"],"acf":[],"publishpress_future_action":{"enabled":false,"date":"2026-05-06 02:01:03","action":"change-status","newStatus":"draft","terms":[],"taxonomy":"category","extraData":[]},"publishpress_future_workflow_manual_trigger":{"enabledWorkflows":[]},"wpml_current_locale":"pt_PT","wpml_translations":{"es_ES":{"locale":"es_ES","id":403645,"slug":"radiografias-disnea-torax-en-embudo","post_title":"Radiograf\u00edas disnea - t\u00f3rax en embudo","href":"https:\/\/medizinonline.com\/es\/radiografias-disnea-torax-en-embudo\/"}},"_links":{"self":[{"href":"https:\/\/medizinonline.com\/pt-pt\/wp-json\/wp\/v2\/posts\/403659","targetHints":{"allow":["GET"]}}],"collection":[{"href":"https:\/\/medizinonline.com\/pt-pt\/wp-json\/wp\/v2\/posts"}],"about":[{"href":"https:\/\/medizinonline.com\/pt-pt\/wp-json\/wp\/v2\/types\/post"}],"author":[{"embeddable":true,"href":"https:\/\/medizinonline.com\/pt-pt\/wp-json\/wp\/v2\/users\/7"}],"replies":[{"embeddable":true,"href":"https:\/\/medizinonline.com\/pt-pt\/wp-json\/wp\/v2\/comments?post=403659"}],"version-history":[{"count":1,"href":"https:\/\/medizinonline.com\/pt-pt\/wp-json\/wp\/v2\/posts\/403659\/revisions"}],"predecessor-version":[{"id":403670,"href":"https:\/\/medizinonline.com\/pt-pt\/wp-json\/wp\/v2\/posts\/403659\/revisions\/403670"}],"wp:featuredmedia":[{"embeddable":true,"href":"https:\/\/medizinonline.com\/pt-pt\/wp-json\/wp\/v2\/media\/403669"}],"wp:attachment":[{"href":"https:\/\/medizinonline.com\/pt-pt\/wp-json\/wp\/v2\/media?parent=403659"}],"wp:term":[{"taxonomy":"category","embeddable":true,"href":"https:\/\/medizinonline.com\/pt-pt\/wp-json\/wp\/v2\/category?post=403659"},{"taxonomy":"post_tag","embeddable":true,"href":"https:\/\/medizinonline.com\/pt-pt\/wp-json\/wp\/v2\/tags?post=403659"},{"taxonomy":"powerkit_post_featured","embeddable":true,"href":"https:\/\/medizinonline.com\/pt-pt\/wp-json\/wp\/v2\/powerkit_post_featured?post=403659"}],"curies":[{"name":"wp","href":"https:\/\/api.w.org\/{rel}","templated":true}]}}