{"id":404331,"date":"2025-06-23T15:00:00","date_gmt":"2025-06-23T13:00:00","guid":{"rendered":"https:\/\/medizinonline.com\/predisposicao-genetica-rastreio-da-sarcopenia-e-avaliacao-pre-terapeutica\/"},"modified":"2025-06-30T16:42:39","modified_gmt":"2025-06-30T14:42:39","slug":"predisposicao-genetica-rastreio-da-sarcopenia-e-avaliacao-pre-terapeutica","status":"publish","type":"post","link":"https:\/\/medizinonline.com\/pt-pt\/predisposicao-genetica-rastreio-da-sarcopenia-e-avaliacao-pre-terapeutica\/","title":{"rendered":"Predisposi\u00e7\u00e3o gen\u00e9tica, rastreio da sarcopenia e avalia\u00e7\u00e3o pr\u00e9-terap\u00eautica"},"content":{"rendered":"\n<p><strong><em>Os sintomas do trato urin\u00e1rio inferior (LUTS<\/em> ) s\u00e3o comuns nos homens de meia-idade e mais velhos e afectam tanto o armazenamento como o fluxo da urina. Para al\u00e9m dos factores de risco estabelecidos, como o aumento da pr\u00f3stata e a inflama\u00e7\u00e3o cr\u00f3nica, as influ\u00eancias gen\u00e9ticas e a condi\u00e7\u00e3o f\u00edsica geral &#8211; em particular a sarcopenia &#8211; est\u00e3o agora a tornar-se par\u00e2metros decisivos quando se trata de prever a resposta ao tratamento. Simultaneamente, as diretrizes actuais exigem uma avalia\u00e7\u00e3o estruturada e pr\u00e9-terap\u00eautica, a fim de evitar erros de diagn\u00f3stico e procedimentos invasivos desnecess\u00e1rios e, em vez disso, adaptar as terapias a cada doente.  <\/strong><\/p>\n\n<div class=\"pmpro\"><div class=\"pmpro_card pmpro_content_message\"><div class=\"pmpro_card_content\">Dieser Inhalt ist nur f\u00fcr Benutzer der Gruppe: Medizinische Fachperson zug\u00e4nglich <br \/><a href=\"https:\/\/medizinonline.com\/pt-pt\/a-minha-conta\/pacotes\/\">Jetzt beitreten<\/a><\/div><div class=\"pmpro_card_actions pmpro_font-medium\">Already a member? <a href=\"https:\/\/medizinonline.com\/pt-pt\/iniciar-sessao\/?redirect_to=https%3A%2F%2Fmedizinonline.com%2Fpt-pt%2Fpredisposicao-genetica-rastreio-da-sarcopenia-e-avaliacao-pre-terapeutica%2F\">Log in here<\/a><\/div><\/div><\/div>","protected":false},"excerpt":{"rendered":"<p>Os sintomas do trato urin\u00e1rio inferior (LUTS ) s\u00e3o comuns nos homens de meia-idade e mais velhos e afectam tanto o armazenamento como o fluxo da urina. Para al\u00e9m dos&#8230;&hellip;... <\/p>\n<div class=\"pmpro\"><div class=\"pmpro_card pmpro_content_message\"><div class=\"pmpro_card_content\">Dieser Inhalt ist nur f\u00fcr Benutzer der Gruppe: Medizinische Fachperson zug\u00e4nglich <br \/><a href=\"https:\/\/medizinonline.com\/pt-pt\/a-minha-conta\/pacotes\/\">Jetzt beitreten<\/a><\/div><div class=\"pmpro_card_actions pmpro_font-medium\">Already a member? <a href=\"https:\/\/medizinonline.com\/pt-pt\/iniciar-sessao\/?redirect_to=https%3A%2F%2Fmedizinonline.com%2Fpt-pt%2Fpredisposicao-genetica-rastreio-da-sarcopenia-e-avaliacao-pre-terapeutica%2F\">Log in here<\/a><\/div><\/div><\/div>","protected":false},"author":7,"featured_media":404332,"comment_status":"closed","ping_status":"closed","sticky":false,"template":"","format":"standard","meta":{"_acf_changed":false,"pmpro_default_level":"","cat_1_feature_home_top":false,"cat_2_editor_pick":false,"csco_eyebrow_text":"Descobertas actuais sobre a diferencia\u00e7\u00e3o e avalia\u00e7\u00e3o dos LUTS  ","footnotes":""},"category":[11521,11524,11360,11305,11551,11507],"tags":[83866,12156,36551],"powerkit_post_featured":[],"class_list":["post-404331","post","type-post","status-publish","format-standard","has-post-thumbnail","category-estudos","category-formacao-continua","category-geriatria-pt-pt","category-medicina-interna-geral","category-rx-pt","category-urologia-pt-pt","tag-aumento-da-prostata","tag-luts-pt-pt","tag-sarcopenia-pt-pt","pmpro-level-required","pmpro-level-1","pmpro-no-access"],"acf":[],"publishpress_future_action":{"enabled":false,"date":"2026-05-05 04:38:08","action":"change-status","newStatus":"draft","terms":[],"taxonomy":"category","extraData":[]},"publishpress_future_workflow_manual_trigger":{"enabledWorkflows":[]},"wpml_current_locale":"pt_PT","wpml_translations":{"es_ES":{"locale":"es_ES","id":404325,"slug":"predisposicion-genetica-cribado-de-la-sarcopenia-y-evaluacion-preterapeutica","post_title":"Predisposici\u00f3n gen\u00e9tica, cribado de la sarcopenia y evaluaci\u00f3n preterap\u00e9utica","href":"https:\/\/medizinonline.com\/es\/predisposicion-genetica-cribado-de-la-sarcopenia-y-evaluacion-preterapeutica\/"}},"_links":{"self":[{"href":"https:\/\/medizinonline.com\/pt-pt\/wp-json\/wp\/v2\/posts\/404331","targetHints":{"allow":["GET"]}}],"collection":[{"href":"https:\/\/medizinonline.com\/pt-pt\/wp-json\/wp\/v2\/posts"}],"about":[{"href":"https:\/\/medizinonline.com\/pt-pt\/wp-json\/wp\/v2\/types\/post"}],"author":[{"embeddable":true,"href":"https:\/\/medizinonline.com\/pt-pt\/wp-json\/wp\/v2\/users\/7"}],"replies":[{"embeddable":true,"href":"https:\/\/medizinonline.com\/pt-pt\/wp-json\/wp\/v2\/comments?post=404331"}],"version-history":[{"count":1,"href":"https:\/\/medizinonline.com\/pt-pt\/wp-json\/wp\/v2\/posts\/404331\/revisions"}],"predecessor-version":[{"id":404333,"href":"https:\/\/medizinonline.com\/pt-pt\/wp-json\/wp\/v2\/posts\/404331\/revisions\/404333"}],"wp:featuredmedia":[{"embeddable":true,"href":"https:\/\/medizinonline.com\/pt-pt\/wp-json\/wp\/v2\/media\/404332"}],"wp:attachment":[{"href":"https:\/\/medizinonline.com\/pt-pt\/wp-json\/wp\/v2\/media?parent=404331"}],"wp:term":[{"taxonomy":"category","embeddable":true,"href":"https:\/\/medizinonline.com\/pt-pt\/wp-json\/wp\/v2\/category?post=404331"},{"taxonomy":"post_tag","embeddable":true,"href":"https:\/\/medizinonline.com\/pt-pt\/wp-json\/wp\/v2\/tags?post=404331"},{"taxonomy":"powerkit_post_featured","embeddable":true,"href":"https:\/\/medizinonline.com\/pt-pt\/wp-json\/wp\/v2\/powerkit_post_featured?post=404331"}],"curies":[{"name":"wp","href":"https:\/\/api.w.org\/{rel}","templated":true}]}}