{"id":404889,"date":"2025-07-18T13:45:00","date_gmt":"2025-07-18T11:45:00","guid":{"rendered":"https:\/\/medizinonline.com\/?p=404889"},"modified":"2025-07-14T10:51:08","modified_gmt":"2025-07-14T08:51:08","slug":"o-primeiro-estudo-em-grande-escala-nao-encontrou-diferencas","status":"publish","type":"post","link":"https:\/\/medizinonline.com\/pt-pt\/o-primeiro-estudo-em-grande-escala-nao-encontrou-diferencas\/","title":{"rendered":"O primeiro estudo em grande escala n\u00e3o encontrou diferen\u00e7as"},"content":{"rendered":"\n<p><strong>Os doentes com insufici\u00eancia card\u00edaca s\u00e3o frequentemente aconselhados a beber um m\u00e1ximo de 1,5 litros de l\u00edquidos por dia. No entanto, at\u00e9 \u00e0 data, os benef\u00edcios desta medida ainda n\u00e3o foram cientificamente comprovados. No FRESH-UP Trial &#8211; um grande estudo aleat\u00f3rio do Radboud University Medical Center (NL) &#8211; foram investigados os efeitos na qualidade de vida relacionada com a sa\u00fade ao fim de tr\u00eas meses num grupo com e sem restri\u00e7\u00e3o de l\u00edquidos. Os resultados foram publicados na revista <em>Nature Medicine <\/em>.   <\/strong><\/p>\n\n<div class=\"pmpro\"><div class=\"pmpro_card pmpro_content_message\"><div class=\"pmpro_card_content\">Dieser Inhalt ist nur f\u00fcr Benutzer der Gruppe: Medizinische Fachperson zug\u00e4nglich <br \/><a href=\"https:\/\/medizinonline.com\/pt-pt\/a-minha-conta\/pacotes\/\">Jetzt beitreten<\/a><\/div><div class=\"pmpro_card_actions pmpro_font-medium\">Already a member? <a href=\"https:\/\/medizinonline.com\/pt-pt\/iniciar-sessao\/?redirect_to=https%3A%2F%2Fmedizinonline.com%2Fpt-pt%2Fo-primeiro-estudo-em-grande-escala-nao-encontrou-diferencas%2F\">Log in here<\/a><\/div><\/div><\/div>","protected":false},"excerpt":{"rendered":"<p>Os doentes com insufici\u00eancia card\u00edaca s\u00e3o frequentemente aconselhados a beber um m\u00e1ximo de 1,5 litros de l\u00edquidos por dia. No entanto, at\u00e9 \u00e0 data, os benef\u00edcios desta medida ainda n\u00e3o&#8230;&hellip;... <\/p>\n<div class=\"pmpro\"><div class=\"pmpro_card pmpro_content_message\"><div class=\"pmpro_card_content\">Dieser Inhalt ist nur f\u00fcr Benutzer der Gruppe: Medizinische Fachperson zug\u00e4nglich <br \/><a href=\"https:\/\/medizinonline.com\/pt-pt\/a-minha-conta\/pacotes\/\">Jetzt beitreten<\/a><\/div><div class=\"pmpro_card_actions pmpro_font-medium\">Already a member? <a href=\"https:\/\/medizinonline.com\/pt-pt\/iniciar-sessao\/?redirect_to=https%3A%2F%2Fmedizinonline.com%2Fpt-pt%2Fo-primeiro-estudo-em-grande-escala-nao-encontrou-diferencas%2F\">Log in here<\/a><\/div><\/div><\/div>","protected":false},"author":7,"featured_media":404891,"comment_status":"closed","ping_status":"closed","sticky":false,"template":"","format":"standard","meta":{"_acf_changed":false,"pmpro_default_level":"","cat_1_feature_home_top":false,"cat_2_editor_pick":false,"csco_eyebrow_text":"Journal Club: Restri\u00e7\u00e3o do consumo de \u00e1lcool na insufici\u00eancia card\u00edaca","footnotes":""},"category":[11367,11521,11524,11305,11403,11474,11551],"tags":[84106,84105,12185,84108],"powerkit_post_featured":[],"class_list":["post-404889","post","type-post","status-publish","format-standard","has-post-thumbnail","category-cardiologia-pt-pt","category-estudos","category-formacao-continua","category-medicina-interna-geral","category-nutricao","category-prevencao-e-cuidados-de-saude","category-rx-pt","tag-centro-medico-da-universidade-de-radboud","tag-ensaio-fresh-up","tag-insuficiencia-cardiaca","tag-restricao-do-consumo-de-alcool","pmpro-level-required","pmpro-level-1","pmpro-no-access"],"acf":[],"publishpress_future_action":{"enabled":false,"date":"2026-05-02 06:40:03","action":"change-status","newStatus":"draft","terms":[],"taxonomy":"category","extraData":[]},"publishpress_future_workflow_manual_trigger":{"enabledWorkflows":[]},"wpml_current_locale":"pt_PT","wpml_translations":{"es_ES":{"locale":"es_ES","id":404885,"slug":"el-primer-estudio-a-gran-escala-no-encontro-diferencias","post_title":"El primer estudio a gran escala no encontr\u00f3 diferencias","href":"https:\/\/medizinonline.com\/es\/el-primer-estudio-a-gran-escala-no-encontro-diferencias\/"}},"_links":{"self":[{"href":"https:\/\/medizinonline.com\/pt-pt\/wp-json\/wp\/v2\/posts\/404889","targetHints":{"allow":["GET"]}}],"collection":[{"href":"https:\/\/medizinonline.com\/pt-pt\/wp-json\/wp\/v2\/posts"}],"about":[{"href":"https:\/\/medizinonline.com\/pt-pt\/wp-json\/wp\/v2\/types\/post"}],"author":[{"embeddable":true,"href":"https:\/\/medizinonline.com\/pt-pt\/wp-json\/wp\/v2\/users\/7"}],"replies":[{"embeddable":true,"href":"https:\/\/medizinonline.com\/pt-pt\/wp-json\/wp\/v2\/comments?post=404889"}],"version-history":[{"count":1,"href":"https:\/\/medizinonline.com\/pt-pt\/wp-json\/wp\/v2\/posts\/404889\/revisions"}],"predecessor-version":[{"id":404892,"href":"https:\/\/medizinonline.com\/pt-pt\/wp-json\/wp\/v2\/posts\/404889\/revisions\/404892"}],"wp:featuredmedia":[{"embeddable":true,"href":"https:\/\/medizinonline.com\/pt-pt\/wp-json\/wp\/v2\/media\/404891"}],"wp:attachment":[{"href":"https:\/\/medizinonline.com\/pt-pt\/wp-json\/wp\/v2\/media?parent=404889"}],"wp:term":[{"taxonomy":"category","embeddable":true,"href":"https:\/\/medizinonline.com\/pt-pt\/wp-json\/wp\/v2\/category?post=404889"},{"taxonomy":"post_tag","embeddable":true,"href":"https:\/\/medizinonline.com\/pt-pt\/wp-json\/wp\/v2\/tags?post=404889"},{"taxonomy":"powerkit_post_featured","embeddable":true,"href":"https:\/\/medizinonline.com\/pt-pt\/wp-json\/wp\/v2\/powerkit_post_featured?post=404889"}],"curies":[{"name":"wp","href":"https:\/\/api.w.org\/{rel}","templated":true}]}}