{"id":404897,"date":"2025-08-15T00:30:00","date_gmt":"2025-08-14T22:30:00","guid":{"rendered":"https:\/\/medizinonline.com\/?p=404897"},"modified":"2025-08-15T10:00:50","modified_gmt":"2025-08-15T08:00:50","slug":"uma-nova-analise-da-base-de-dados-preenche-importantes-lacunas-de-conhecimento","status":"publish","type":"post","link":"https:\/\/medizinonline.com\/pt-pt\/uma-nova-analise-da-base-de-dados-preenche-importantes-lacunas-de-conhecimento\/","title":{"rendered":"Uma nova an\u00e1lise da base de dados preenche importantes lacunas de conhecimento"},"content":{"rendered":"\n<p><strong>Volz et al. efectuaram uma an\u00e1lise retrospetiva para saber mais sobre a utiliza\u00e7\u00e3o de uma prepara\u00e7\u00e3o patenteada de \u00f3leo de lavanda durante um per\u00edodo de tempo mais longo (&gt;3 ou &gt;6 meses) e para avaliar o comportamento de utiliza\u00e7\u00e3o dos jovens de 12-17 anos. Para o efeito, analisaram grandes conjuntos de dados da Su\u00ed\u00e7a e da Alemanha. Os resultados s\u00e3o muito informativos e confirmam os resultados positivos desta op\u00e7\u00e3o de tratamento generalizada num contexto real.     <\/strong><\/p>\n\n\n\n<div class=\"pmpro\"><div class=\"pmpro_card pmpro_content_message\"><div class=\"pmpro_card_content\">Dieser Inhalt ist nur f\u00fcr Benutzer der Gruppe: Medizinische Fachperson zug\u00e4nglich <br \/><a href=\"https:\/\/medizinonline.com\/pt-pt\/a-minha-conta\/pacotes\/\">Jetzt beitreten<\/a><\/div><div class=\"pmpro_card_actions pmpro_font-medium\">Already a member? <a href=\"https:\/\/medizinonline.com\/pt-pt\/iniciar-sessao\/?redirect_to=https%3A%2F%2Fmedizinonline.com%2Fpt-pt%2Fuma-nova-analise-da-base-de-dados-preenche-importantes-lacunas-de-conhecimento%2F\">Log in here<\/a><\/div><\/div><\/div>","protected":false},"excerpt":{"rendered":"<p>Volz et al. efectuaram uma an\u00e1lise retrospetiva para saber mais sobre a utiliza\u00e7\u00e3o de uma prepara\u00e7\u00e3o patenteada de \u00f3leo de lavanda durante um per\u00edodo de tempo mais longo (&gt;3 ou&#8230;&hellip;... <\/p>\n<div class=\"pmpro\"><div class=\"pmpro_card pmpro_content_message\"><div class=\"pmpro_card_content\">Dieser Inhalt ist nur f\u00fcr Benutzer der Gruppe: Medizinische Fachperson zug\u00e4nglich <br \/><a href=\"https:\/\/medizinonline.com\/pt-pt\/a-minha-conta\/pacotes\/\">Jetzt beitreten<\/a><\/div><div class=\"pmpro_card_actions pmpro_font-medium\">Already a member? <a href=\"https:\/\/medizinonline.com\/pt-pt\/iniciar-sessao\/?redirect_to=https%3A%2F%2Fmedizinonline.com%2Fpt-pt%2Fuma-nova-analise-da-base-de-dados-preenche-importantes-lacunas-de-conhecimento%2F\">Log in here<\/a><\/div><\/div><\/div>","protected":false},"author":7,"featured_media":255108,"comment_status":"closed","ping_status":"closed","sticky":false,"template":"","format":"standard","meta":{"_acf_changed":false,"pmpro_default_level":"","cat_1_feature_home_top":false,"cat_2_editor_pick":false,"csco_eyebrow_text":"Prepara\u00e7\u00e3o de \u00f3leo de lavanda: utiliza\u00e7\u00e3o a longo prazo e utiliza\u00e7\u00e3o em adolescentes","footnotes":""},"category":[11305,11524,11450,11459,74322,11481,11551,11521],"tags":[84116,12515,72595,84115,20707,27691,84114],"powerkit_post_featured":[],"class_list":["post-404897","post","type-post","status-publish","format-standard","has-post-thumbnail","category-medicina-interna-geral","category-formacao-continua","category-pediatria-pt-pt","category-medicina-farmaceutica-pt-pt","category-fitoterapia-pt-pt","category-psiquiatria-e-psicoterapia","category-rx-pt","category-estudos","tag-analise-da-base-de-dados","tag-jovens","tag-oleo-de-lavanda","tag-preparacao-de-oleo-de-lavanda","tag-silexan-pt-pt","tag-utilizacao-a-longo-prazo","tag-volz-pt-pt","pmpro-level-required","pmpro-level-1","pmpro-no-access"],"acf":[],"publishpress_future_action":{"enabled":false,"date":"2026-05-09 08:14:17","action":"change-status","newStatus":"draft","terms":[],"taxonomy":"category","extraData":[]},"publishpress_future_workflow_manual_trigger":{"enabledWorkflows":[]},"wpml_current_locale":"pt_PT","wpml_translations":{"es_ES":{"locale":"es_ES","id":404759,"slug":"un-nuevo-analisis-de-la-base-de-datos-colma-importantes-lagunas-de-conocimiento","post_title":"Un nuevo an\u00e1lisis de la base de datos colma importantes lagunas de conocimiento","href":"https:\/\/medizinonline.com\/es\/un-nuevo-analisis-de-la-base-de-datos-colma-importantes-lagunas-de-conocimiento\/"}},"_links":{"self":[{"href":"https:\/\/medizinonline.com\/pt-pt\/wp-json\/wp\/v2\/posts\/404897","targetHints":{"allow":["GET"]}}],"collection":[{"href":"https:\/\/medizinonline.com\/pt-pt\/wp-json\/wp\/v2\/posts"}],"about":[{"href":"https:\/\/medizinonline.com\/pt-pt\/wp-json\/wp\/v2\/types\/post"}],"author":[{"embeddable":true,"href":"https:\/\/medizinonline.com\/pt-pt\/wp-json\/wp\/v2\/users\/7"}],"replies":[{"embeddable":true,"href":"https:\/\/medizinonline.com\/pt-pt\/wp-json\/wp\/v2\/comments?post=404897"}],"version-history":[{"count":3,"href":"https:\/\/medizinonline.com\/pt-pt\/wp-json\/wp\/v2\/posts\/404897\/revisions"}],"predecessor-version":[{"id":406166,"href":"https:\/\/medizinonline.com\/pt-pt\/wp-json\/wp\/v2\/posts\/404897\/revisions\/406166"}],"wp:featuredmedia":[{"embeddable":true,"href":"https:\/\/medizinonline.com\/pt-pt\/wp-json\/wp\/v2\/media\/255108"}],"wp:attachment":[{"href":"https:\/\/medizinonline.com\/pt-pt\/wp-json\/wp\/v2\/media?parent=404897"}],"wp:term":[{"taxonomy":"category","embeddable":true,"href":"https:\/\/medizinonline.com\/pt-pt\/wp-json\/wp\/v2\/category?post=404897"},{"taxonomy":"post_tag","embeddable":true,"href":"https:\/\/medizinonline.com\/pt-pt\/wp-json\/wp\/v2\/tags?post=404897"},{"taxonomy":"powerkit_post_featured","embeddable":true,"href":"https:\/\/medizinonline.com\/pt-pt\/wp-json\/wp\/v2\/powerkit_post_featured?post=404897"}],"curies":[{"name":"wp","href":"https:\/\/api.w.org\/{rel}","templated":true}]}}