{"id":407588,"date":"2025-09-24T00:30:00","date_gmt":"2025-09-23T22:30:00","guid":{"rendered":"https:\/\/medizinonline.com\/concentre-se-na-perspetiva-do-doente-e-na-atividade-da-doenca\/"},"modified":"2025-09-24T01:50:12","modified_gmt":"2025-09-23T23:50:12","slug":"concentre-se-na-perspetiva-do-doente-e-na-atividade-da-doenca","status":"publish","type":"post","link":"https:\/\/medizinonline.com\/pt-pt\/concentre-se-na-perspetiva-do-doente-e-na-atividade-da-doenca\/","title":{"rendered":"Concentre-se na perspetiva do doente e na atividade da doen\u00e7a"},"content":{"rendered":"\n<p><strong>No vitiligo, as zonas hipopigmentadas ou despigmentadas da pele surgem na sequ\u00eancia de uma doen\u00e7a autoimune. Os resultados de um grande inqu\u00e9rito internacional confirmam que o sofrimento das pessoas que sofrem de vitiligo \u00e9 por vezes consider\u00e1vel. As op\u00e7\u00f5es terap\u00eauticas alargaram-se nos \u00faltimos anos. Isto aplica-se, em particular, ao subtipo mais comum, nomeadamente o vitiligo n\u00e3o segmentar.   <\/strong><\/p>\n\n<div class=\"pmpro\"><div class=\"pmpro_card pmpro_content_message\"><div class=\"pmpro_card_content\">Dieser Inhalt ist nur f\u00fcr Benutzer der Gruppe: Medizinische Fachperson zug\u00e4nglich <br \/><a href=\"https:\/\/medizinonline.com\/pt-pt\/a-minha-conta\/pacotes\/\">Jetzt beitreten<\/a><\/div><div class=\"pmpro_card_actions pmpro_font-medium\">Already a member? <a href=\"https:\/\/medizinonline.com\/pt-pt\/iniciar-sessao\/?redirect_to=https%3A%2F%2Fmedizinonline.com%2Fpt-pt%2Fconcentre-se-na-perspetiva-do-doente-e-na-atividade-da-doenca%2F\">Log in here<\/a><\/div><\/div><\/div>","protected":false},"excerpt":{"rendered":"<p>No vitiligo, as zonas hipopigmentadas ou despigmentadas da pele surgem na sequ\u00eancia de uma doen\u00e7a autoimune. Os resultados de um grande inqu\u00e9rito internacional confirmam que o sofrimento das pessoas que&#8230;&hellip;... <\/p>\n<div class=\"pmpro\"><div class=\"pmpro_card pmpro_content_message\"><div class=\"pmpro_card_content\">Dieser Inhalt ist nur f\u00fcr Benutzer der Gruppe: Medizinische Fachperson zug\u00e4nglich <br \/><a href=\"https:\/\/medizinonline.com\/pt-pt\/a-minha-conta\/pacotes\/\">Jetzt beitreten<\/a><\/div><div class=\"pmpro_card_actions pmpro_font-medium\">Already a member? <a href=\"https:\/\/medizinonline.com\/pt-pt\/iniciar-sessao\/?redirect_to=https%3A%2F%2Fmedizinonline.com%2Fpt-pt%2Fconcentre-se-na-perspetiva-do-doente-e-na-atividade-da-doenca%2F\">Log in here<\/a><\/div><\/div><\/div>","protected":false},"author":7,"featured_media":395836,"comment_status":"closed","ping_status":"closed","sticky":false,"template":"","format":"standard","meta":{"_acf_changed":false,"pmpro_default_level":"","cat_1_feature_home_top":false,"cat_2_editor_pick":false,"csco_eyebrow_text":"Tratamento do vitiligo","footnotes":""},"category":[11356,11521,11453,11529,11551],"tags":[73426,14461,78048,61850,80586,84875,84878,18364,27038],"powerkit_post_featured":[],"class_list":["post-407588","post","type-post","status-publish","format-standard","has-post-thumbnail","category-dermatologia-e-venereologia-pt-pt","category-estudos","category-farmacologia-e-toxicologia","category-relatorios-do-congresso","category-rx-pt","tag-atividade-da-doenca","tag-estudo-de-levantamento","tag-perspetiva-do-doente","tag-pressao-do-sofrimento","tag-ruxolitinib-pt-pt","tag-true-v2-pt-pt","tag-valiante-pt-pt","tag-vitiligo-pt-pt","tag-zdft-pt-pt","pmpro-level-required","pmpro-level-1","pmpro-no-access"],"acf":[],"publishpress_future_action":{"enabled":false,"date":"2026-05-05 22:06:55","action":"change-status","newStatus":"draft","terms":[],"taxonomy":"category","extraData":[]},"publishpress_future_workflow_manual_trigger":{"enabledWorkflows":[]},"wpml_current_locale":"pt_PT","wpml_translations":{"es_ES":{"locale":"es_ES","id":407584,"slug":"centrarse-en-la-perspectiva-del-paciente-y-la-actividad-de-la-enfermedad","post_title":"Centrarse en la perspectiva del paciente y la actividad de la enfermedad","href":"https:\/\/medizinonline.com\/es\/centrarse-en-la-perspectiva-del-paciente-y-la-actividad-de-la-enfermedad\/"}},"_links":{"self":[{"href":"https:\/\/medizinonline.com\/pt-pt\/wp-json\/wp\/v2\/posts\/407588","targetHints":{"allow":["GET"]}}],"collection":[{"href":"https:\/\/medizinonline.com\/pt-pt\/wp-json\/wp\/v2\/posts"}],"about":[{"href":"https:\/\/medizinonline.com\/pt-pt\/wp-json\/wp\/v2\/types\/post"}],"author":[{"embeddable":true,"href":"https:\/\/medizinonline.com\/pt-pt\/wp-json\/wp\/v2\/users\/7"}],"replies":[{"embeddable":true,"href":"https:\/\/medizinonline.com\/pt-pt\/wp-json\/wp\/v2\/comments?post=407588"}],"version-history":[{"count":1,"href":"https:\/\/medizinonline.com\/pt-pt\/wp-json\/wp\/v2\/posts\/407588\/revisions"}],"predecessor-version":[{"id":407591,"href":"https:\/\/medizinonline.com\/pt-pt\/wp-json\/wp\/v2\/posts\/407588\/revisions\/407591"}],"wp:featuredmedia":[{"embeddable":true,"href":"https:\/\/medizinonline.com\/pt-pt\/wp-json\/wp\/v2\/media\/395836"}],"wp:attachment":[{"href":"https:\/\/medizinonline.com\/pt-pt\/wp-json\/wp\/v2\/media?parent=407588"}],"wp:term":[{"taxonomy":"category","embeddable":true,"href":"https:\/\/medizinonline.com\/pt-pt\/wp-json\/wp\/v2\/category?post=407588"},{"taxonomy":"post_tag","embeddable":true,"href":"https:\/\/medizinonline.com\/pt-pt\/wp-json\/wp\/v2\/tags?post=407588"},{"taxonomy":"powerkit_post_featured","embeddable":true,"href":"https:\/\/medizinonline.com\/pt-pt\/wp-json\/wp\/v2\/powerkit_post_featured?post=407588"}],"curies":[{"name":"wp","href":"https:\/\/api.w.org\/{rel}","templated":true}]}}