{"id":409138,"date":"2025-10-09T00:30:00","date_gmt":"2025-10-08T22:30:00","guid":{"rendered":"https:\/\/medizinonline.com\/?p=409138"},"modified":"2025-09-20T01:04:01","modified_gmt":"2025-09-19T23:04:01","slug":"a-analise-de-escopo-lanca-luz-sobre-o-espetro-multifacetado-de-efeitos","status":"publish","type":"post","link":"https:\/\/medizinonline.com\/pt-pt\/a-analise-de-escopo-lanca-luz-sobre-o-espetro-multifacetado-de-efeitos\/","title":{"rendered":"A an\u00e1lise de escopo lan\u00e7a luz sobre o espetro multifacetado de efeitos"},"content":{"rendered":"\n<p><strong>A planta medicinal <em>Pelargonium sidoides<\/em>, amplamente reconhecida, pertence \u00e0 fam\u00edlia das g\u00e9rberas <em>(Geraniaceae)<\/em> e \u00e9 tamb\u00e9m conhecida como ger\u00e2nio do Cabo. Uma revis\u00e3o publicada em dezembro passado resume os diversos efeitos terap\u00eauticos de um <em>extrato<\/em> normalizado de <em>P. sidoides<\/em> com base numa pesquisa sistem\u00e1tica em bases de dados. <\/strong><\/p>\n\n<div class=\"pmpro\"><div class=\"pmpro_card pmpro_content_message\"><div class=\"pmpro_card_content\">Dieser Inhalt ist nur f\u00fcr Benutzer der Gruppe: Medizinische Fachperson zug\u00e4nglich <br \/><a href=\"https:\/\/medizinonline.com\/pt-pt\/a-minha-conta\/pacotes\/\">Jetzt beitreten<\/a><\/div><div class=\"pmpro_card_actions pmpro_font-medium\">Already a member? <a href=\"https:\/\/medizinonline.com\/pt-pt\/iniciar-sessao\/?redirect_to=https%3A%2F%2Fmedizinonline.com%2Fpt-pt%2Fa-analise-de-escopo-lanca-luz-sobre-o-espetro-multifacetado-de-efeitos%2F\">Log in here<\/a><\/div><\/div><\/div>","protected":false},"excerpt":{"rendered":"<p>A planta medicinal Pelargonium sidoides, amplamente reconhecida, pertence \u00e0 fam\u00edlia das g\u00e9rberas (Geraniaceae) e \u00e9 tamb\u00e9m conhecida como ger\u00e2nio do Cabo. Uma revis\u00e3o publicada em dezembro passado resume os diversos&#8230;&hellip;... <\/p>\n<div class=\"pmpro\"><div class=\"pmpro_card pmpro_content_message\"><div class=\"pmpro_card_content\">Dieser Inhalt ist nur f\u00fcr Benutzer der Gruppe: Medizinische Fachperson zug\u00e4nglich <br \/><a href=\"https:\/\/medizinonline.com\/pt-pt\/a-minha-conta\/pacotes\/\">Jetzt beitreten<\/a><\/div><div class=\"pmpro_card_actions pmpro_font-medium\">Already a member? <a href=\"https:\/\/medizinonline.com\/pt-pt\/iniciar-sessao\/?redirect_to=https%3A%2F%2Fmedizinonline.com%2Fpt-pt%2Fa-analise-de-escopo-lanca-luz-sobre-o-espetro-multifacetado-de-efeitos%2F\">Log in here<\/a><\/div><\/div><\/div>","protected":false},"author":7,"featured_media":409141,"comment_status":"closed","ping_status":"closed","sticky":false,"template":"","format":"standard","meta":{"_acf_changed":false,"pmpro_default_level":"","cat_1_feature_home_top":false,"cat_2_editor_pick":false,"csco_eyebrow_text":"Pelargonium sidoides  ","footnotes":""},"category":[11521,74322,11524,11421,11459,11305,11547,11551],"tags":[85408,85407,22137,18290],"powerkit_post_featured":[],"class_list":["post-409138","post","type-post","status-publish","format-standard","has-post-thumbnail","category-estudos","category-fitoterapia-pt-pt","category-formacao-continua","category-infecciologia","category-medicina-farmaceutica-pt-pt","category-medicina-interna-geral","category-pneumologia-pt-pt","category-rx-pt","tag-analise-da-delimitacao-do-ambito","tag-espectro-efetivo","tag-kaloba-pt-pt","tag-pelargonium-sidoides-pt-pt","pmpro-level-required","pmpro-level-1","pmpro-no-access"],"acf":[],"publishpress_future_action":{"enabled":false,"date":"2026-05-03 11:12:50","action":"change-status","newStatus":"draft","terms":[],"taxonomy":"category","extraData":[]},"publishpress_future_workflow_manual_trigger":{"enabledWorkflows":[]},"wpml_current_locale":"pt_PT","wpml_translations":{"es_ES":{"locale":"es_ES","id":409135,"slug":"la-revision-del-alcance-arroja-luz-sobre-el-polifacetico-espectro-de-efectos","post_title":"La revisi\u00f3n del alcance arroja luz sobre el polifac\u00e9tico espectro de efectos","href":"https:\/\/medizinonline.com\/es\/la-revision-del-alcance-arroja-luz-sobre-el-polifacetico-espectro-de-efectos\/"}},"_links":{"self":[{"href":"https:\/\/medizinonline.com\/pt-pt\/wp-json\/wp\/v2\/posts\/409138","targetHints":{"allow":["GET"]}}],"collection":[{"href":"https:\/\/medizinonline.com\/pt-pt\/wp-json\/wp\/v2\/posts"}],"about":[{"href":"https:\/\/medizinonline.com\/pt-pt\/wp-json\/wp\/v2\/types\/post"}],"author":[{"embeddable":true,"href":"https:\/\/medizinonline.com\/pt-pt\/wp-json\/wp\/v2\/users\/7"}],"replies":[{"embeddable":true,"href":"https:\/\/medizinonline.com\/pt-pt\/wp-json\/wp\/v2\/comments?post=409138"}],"version-history":[{"count":1,"href":"https:\/\/medizinonline.com\/pt-pt\/wp-json\/wp\/v2\/posts\/409138\/revisions"}],"predecessor-version":[{"id":409143,"href":"https:\/\/medizinonline.com\/pt-pt\/wp-json\/wp\/v2\/posts\/409138\/revisions\/409143"}],"wp:featuredmedia":[{"embeddable":true,"href":"https:\/\/medizinonline.com\/pt-pt\/wp-json\/wp\/v2\/media\/409141"}],"wp:attachment":[{"href":"https:\/\/medizinonline.com\/pt-pt\/wp-json\/wp\/v2\/media?parent=409138"}],"wp:term":[{"taxonomy":"category","embeddable":true,"href":"https:\/\/medizinonline.com\/pt-pt\/wp-json\/wp\/v2\/category?post=409138"},{"taxonomy":"post_tag","embeddable":true,"href":"https:\/\/medizinonline.com\/pt-pt\/wp-json\/wp\/v2\/tags?post=409138"},{"taxonomy":"powerkit_post_featured","embeddable":true,"href":"https:\/\/medizinonline.com\/pt-pt\/wp-json\/wp\/v2\/powerkit_post_featured?post=409138"}],"curies":[{"name":"wp","href":"https:\/\/api.w.org\/{rel}","templated":true}]}}