{"id":409603,"date":"2025-07-21T00:30:00","date_gmt":"2025-07-20T22:30:00","guid":{"rendered":"https:\/\/medizinonline.com\/rastreio-do-cancro-colorrectal-uma-atualizacao-2\/"},"modified":"2025-10-15T20:32:19","modified_gmt":"2025-10-15T18:32:19","slug":"rastreio-do-cancro-colorrectal-uma-atualizacao-2","status":"publish","type":"post","link":"https:\/\/medizinonline.com\/pt-pt\/rastreio-do-cancro-colorrectal-uma-atualizacao-2\/","title":{"rendered":"Rastreio do cancro colorrectal &#8211; uma atualiza\u00e7\u00e3o"},"content":{"rendered":"\n<p><strong>O cancro colorrectal \u00e9 uma doen\u00e7a importante para a sociedade: uma em cada vinte pessoas na Su\u00ed\u00e7a \u00e9 afetada pelo menos uma vez na vida. Na Su\u00ed\u00e7a, surgem todos os anos cerca de 4300 novos casos e morrem cerca de 1700 pessoas. A taxa de mortalidade \u00e9 de cerca de 40% e 10% de todas as mortes por cancro s\u00e3o causadas pelo cancro colorrectal.    <\/strong><\/p>\n\n<div class=\"pmpro\"><div class=\"pmpro_card pmpro_content_message\"><div class=\"pmpro_card_content\">Dieser Inhalt ist nur f\u00fcr Benutzer der Gruppe: Medizinische Fachperson zug\u00e4nglich <br \/><a href=\"https:\/\/medizinonline.com\/pt-pt\/a-minha-conta\/pacotes\/\">Jetzt beitreten<\/a><\/div><div class=\"pmpro_card_actions pmpro_font-medium\">Already a member? <a href=\"https:\/\/medizinonline.com\/pt-pt\/iniciar-sessao\/?redirect_to=https%3A%2F%2Fmedizinonline.com%2Fpt-pt%2Frastreio-do-cancro-colorrectal-uma-atualizacao-2%2F\">Log in here<\/a><\/div><\/div><\/div>","protected":false},"excerpt":{"rendered":"<p>O cancro colorrectal \u00e9 uma doen\u00e7a importante para a sociedade: uma em cada vinte pessoas na Su\u00ed\u00e7a \u00e9 afetada pelo menos uma vez na vida. Na Su\u00ed\u00e7a, surgem todos os&#8230;&hellip;... <\/p>\n<div class=\"pmpro\"><div class=\"pmpro_card pmpro_content_message\"><div class=\"pmpro_card_content\">Dieser Inhalt ist nur f\u00fcr Benutzer der Gruppe: Medizinische Fachperson zug\u00e4nglich <br \/><a href=\"https:\/\/medizinonline.com\/pt-pt\/a-minha-conta\/pacotes\/\">Jetzt beitreten<\/a><\/div><div class=\"pmpro_card_actions pmpro_font-medium\">Already a member? <a href=\"https:\/\/medizinonline.com\/pt-pt\/iniciar-sessao\/?redirect_to=https%3A%2F%2Fmedizinonline.com%2Fpt-pt%2Frastreio-do-cancro-colorrectal-uma-atualizacao-2%2F\">Log in here<\/a><\/div><\/div><\/div>","protected":false},"author":7,"featured_media":409604,"comment_status":"closed","ping_status":"closed","sticky":false,"template":"","format":"standard","meta":{"_acf_changed":false,"pmpro_default_level":"","cat_1_feature_home_top":false,"cat_2_editor_pick":false,"csco_eyebrow_text":"Concentre-se na preven\u00e7\u00e3o","footnotes":""},"category":[22618,11407,11305,11379,11474,11551],"tags":[11582,11583,11581],"powerkit_post_featured":[],"class_list":["post-409603","post","type-post","status-publish","format-standard","has-post-thumbnail","category-formacao-cme","category-gastroenterologia-e-hepatologia","category-medicina-interna-geral","category-oncologia-pt-pt","category-prevencao-e-cuidados-de-saude","category-rx-pt","tag-cancro-colorrectal","tag-colonoscopia-pt-pt","tag-disposicao","pmpro-level-required","pmpro-level-1","pmpro-no-access"],"acf":[],"publishpress_future_action":{"enabled":false,"date":"2026-05-03 11:35:30","action":"change-status","newStatus":"draft","terms":[],"taxonomy":"category","extraData":[]},"publishpress_future_workflow_manual_trigger":{"enabledWorkflows":[]},"wpml_current_locale":"pt_PT","wpml_translations":{"es_ES":{"locale":"es_ES","id":409600,"slug":"cribado-del-cancer-colorrectal-una-actualizacion-2","post_title":"Cribado del c\u00e1ncer colorrectal - una actualizaci\u00f3n","href":"https:\/\/medizinonline.com\/es\/cribado-del-cancer-colorrectal-una-actualizacion-2\/"}},"_links":{"self":[{"href":"https:\/\/medizinonline.com\/pt-pt\/wp-json\/wp\/v2\/posts\/409603","targetHints":{"allow":["GET"]}}],"collection":[{"href":"https:\/\/medizinonline.com\/pt-pt\/wp-json\/wp\/v2\/posts"}],"about":[{"href":"https:\/\/medizinonline.com\/pt-pt\/wp-json\/wp\/v2\/types\/post"}],"author":[{"embeddable":true,"href":"https:\/\/medizinonline.com\/pt-pt\/wp-json\/wp\/v2\/users\/7"}],"replies":[{"embeddable":true,"href":"https:\/\/medizinonline.com\/pt-pt\/wp-json\/wp\/v2\/comments?post=409603"}],"version-history":[{"count":1,"href":"https:\/\/medizinonline.com\/pt-pt\/wp-json\/wp\/v2\/posts\/409603\/revisions"}],"predecessor-version":[{"id":409605,"href":"https:\/\/medizinonline.com\/pt-pt\/wp-json\/wp\/v2\/posts\/409603\/revisions\/409605"}],"wp:featuredmedia":[{"embeddable":true,"href":"https:\/\/medizinonline.com\/pt-pt\/wp-json\/wp\/v2\/media\/409604"}],"wp:attachment":[{"href":"https:\/\/medizinonline.com\/pt-pt\/wp-json\/wp\/v2\/media?parent=409603"}],"wp:term":[{"taxonomy":"category","embeddable":true,"href":"https:\/\/medizinonline.com\/pt-pt\/wp-json\/wp\/v2\/category?post=409603"},{"taxonomy":"post_tag","embeddable":true,"href":"https:\/\/medizinonline.com\/pt-pt\/wp-json\/wp\/v2\/tags?post=409603"},{"taxonomy":"powerkit_post_featured","embeddable":true,"href":"https:\/\/medizinonline.com\/pt-pt\/wp-json\/wp\/v2\/powerkit_post_featured?post=409603"}],"curies":[{"name":"wp","href":"https:\/\/api.w.org\/{rel}","templated":true}]}}