{"id":410379,"date":"2025-11-02T13:30:00","date_gmt":"2025-11-02T12:30:00","guid":{"rendered":"https:\/\/medizinonline.com\/gripe-covid-19-e-vsr-atualizacao-2025\/"},"modified":"2026-01-28T13:55:53","modified_gmt":"2026-01-28T12:55:53","slug":"gripe-covid-19-e-vsr-atualizacao-2025","status":"publish","type":"post","link":"https:\/\/medizinonline.com\/pt-pt\/gripe-covid-19-e-vsr-atualizacao-2025\/","title":{"rendered":"Gripe, Covid-19 e VSR &#8211; Atualiza\u00e7\u00e3o 2025"},"content":{"rendered":"\n<p><strong>O Plano de Vacina\u00e7\u00e3o Su\u00ed\u00e7o 2025 recomenda a imuniza\u00e7\u00e3o passiva de beb\u00e9s com um anticorpo monoclonal ou a vacina\u00e7\u00e3o de mulheres gr\u00e1vidas com uma vacina recombinante contra o RSV. A vacina\u00e7\u00e3o contra o RSV tamb\u00e9m deve ser considerada para pessoas com mais de 75 anos de idade e grupos de risco com 60 anos ou mais; est\u00e3o atualmente dispon\u00edveis tr\u00eas vacinas para este fim. Este ano, recomenda-se novamente uma vacina\u00e7\u00e3o de refor\u00e7o contra a Covid-19 para as pessoas com risco acrescido. As recomenda\u00e7\u00f5es para a vacina\u00e7\u00e3o contra a gripe tamb\u00e9m se mant\u00eam praticamente inalteradas, embora a utiliza\u00e7\u00e3o da vacina de dose elevada deva ser considerada para os idosos.   <\/strong><\/p>\n\n\n\n<div class=\"pmpro\"><div class=\"pmpro_card pmpro_content_message\"><div class=\"pmpro_card_content\">Dieser Inhalt ist nur f\u00fcr Benutzer der Gruppe: Medizinische Fachperson zug\u00e4nglich <br \/><a href=\"https:\/\/medizinonline.com\/pt-pt\/a-minha-conta\/pacotes\/\">Jetzt beitreten<\/a><\/div><div class=\"pmpro_card_actions pmpro_font-medium\">Already a member? <a href=\"https:\/\/medizinonline.com\/pt-pt\/iniciar-sessao\/?redirect_to=https%3A%2F%2Fmedizinonline.com%2Fpt-pt%2Fgripe-covid-19-e-vsr-atualizacao-2025%2F\">Log in here<\/a><\/div><\/div><\/div>","protected":false},"excerpt":{"rendered":"<p>O Plano de Vacina\u00e7\u00e3o Su\u00ed\u00e7o 2025 recomenda a imuniza\u00e7\u00e3o passiva de beb\u00e9s com um anticorpo monoclonal ou a vacina\u00e7\u00e3o de mulheres gr\u00e1vidas com uma vacina recombinante contra o RSV. A&#8230;&hellip;... <\/p>\n<div class=\"pmpro\"><div class=\"pmpro_card pmpro_content_message\"><div class=\"pmpro_card_content\">Dieser Inhalt ist nur f\u00fcr Benutzer der Gruppe: Medizinische Fachperson zug\u00e4nglich <br \/><a href=\"https:\/\/medizinonline.com\/pt-pt\/a-minha-conta\/pacotes\/\">Jetzt beitreten<\/a><\/div><div class=\"pmpro_card_actions pmpro_font-medium\">Already a member? <a href=\"https:\/\/medizinonline.com\/pt-pt\/iniciar-sessao\/?redirect_to=https%3A%2F%2Fmedizinonline.com%2Fpt-pt%2Fgripe-covid-19-e-vsr-atualizacao-2025%2F\">Log in here<\/a><\/div><\/div><\/div>","protected":false},"author":7,"featured_media":410380,"comment_status":"closed","ping_status":"closed","sticky":false,"template":"","format":"standard","meta":{"_acf_changed":false,"pmpro_default_level":"","cat_1_feature_home_top":false,"cat_2_editor_pick":false,"csco_eyebrow_text":"Vacinas contra infec\u00e7\u00f5es respirat\u00f3rias virais","footnotes":""},"category":[11521,11421,11305,11547,11474,11529,11551],"tags":[13071,85605,13516,22786,85606],"powerkit_post_featured":[],"class_list":["post-410379","post","type-post","status-publish","format-standard","has-post-thumbnail","category-estudos","category-infecciologia","category-medicina-interna-geral","category-pneumologia-pt-pt","category-prevencao-e-cuidados-de-saude","category-relatorios-do-congresso","category-rx-pt","tag-covid-19-pt-pt","tag-infeccoes-respiratorias-virais","tag-influenza-pt-pt","tag-rsv-pt-pt","tag-vacinas-2","pmpro-level-required","pmpro-level-1","pmpro-no-access"],"acf":[],"publishpress_future_action":{"enabled":false,"date":"2026-05-07 12:02:59","action":"change-status","newStatus":"draft","terms":[],"taxonomy":"category","extraData":[]},"publishpress_future_workflow_manual_trigger":{"enabledWorkflows":[]},"wpml_current_locale":"pt_PT","wpml_translations":{"es_ES":{"locale":"es_ES","id":410384,"slug":"gripe-covid-19-y-vsr-actualizacion-2025","post_title":"Gripe, Covid-19 y VSR - Actualizaci\u00f3n 2025","href":"https:\/\/medizinonline.com\/es\/gripe-covid-19-y-vsr-actualizacion-2025\/"}},"_links":{"self":[{"href":"https:\/\/medizinonline.com\/pt-pt\/wp-json\/wp\/v2\/posts\/410379","targetHints":{"allow":["GET"]}}],"collection":[{"href":"https:\/\/medizinonline.com\/pt-pt\/wp-json\/wp\/v2\/posts"}],"about":[{"href":"https:\/\/medizinonline.com\/pt-pt\/wp-json\/wp\/v2\/types\/post"}],"author":[{"embeddable":true,"href":"https:\/\/medizinonline.com\/pt-pt\/wp-json\/wp\/v2\/users\/7"}],"replies":[{"embeddable":true,"href":"https:\/\/medizinonline.com\/pt-pt\/wp-json\/wp\/v2\/comments?post=410379"}],"version-history":[{"count":2,"href":"https:\/\/medizinonline.com\/pt-pt\/wp-json\/wp\/v2\/posts\/410379\/revisions"}],"predecessor-version":[{"id":461425,"href":"https:\/\/medizinonline.com\/pt-pt\/wp-json\/wp\/v2\/posts\/410379\/revisions\/461425"}],"wp:featuredmedia":[{"embeddable":true,"href":"https:\/\/medizinonline.com\/pt-pt\/wp-json\/wp\/v2\/media\/410380"}],"wp:attachment":[{"href":"https:\/\/medizinonline.com\/pt-pt\/wp-json\/wp\/v2\/media?parent=410379"}],"wp:term":[{"taxonomy":"category","embeddable":true,"href":"https:\/\/medizinonline.com\/pt-pt\/wp-json\/wp\/v2\/category?post=410379"},{"taxonomy":"post_tag","embeddable":true,"href":"https:\/\/medizinonline.com\/pt-pt\/wp-json\/wp\/v2\/tags?post=410379"},{"taxonomy":"powerkit_post_featured","embeddable":true,"href":"https:\/\/medizinonline.com\/pt-pt\/wp-json\/wp\/v2\/powerkit_post_featured?post=410379"}],"curies":[{"name":"wp","href":"https:\/\/api.w.org\/{rel}","templated":true}]}}