{"id":410519,"date":"2025-10-26T13:30:00","date_gmt":"2025-10-26T12:30:00","guid":{"rendered":"https:\/\/medizinonline.com\/analise-da-polifarmacia-em-pessoas-com-%e2%89%a565-anos\/"},"modified":"2025-10-26T00:16:42","modified_gmt":"2025-10-25T22:16:42","slug":"analise-da-polifarmacia-em-pessoas-com-%e2%89%a565-anos","status":"publish","type":"post","link":"https:\/\/medizinonline.com\/pt-pt\/analise-da-polifarmacia-em-pessoas-com-%e2%89%a565-anos\/","title":{"rendered":"An\u00e1lise da polifarm\u00e1cia em pessoas com \u226565 anos"},"content":{"rendered":"\n<p><strong>O estudo SHARE \u00e9 um inqu\u00e9rito longitudinal multidisciplinar internacional. O inqu\u00e9rito de painel tem sido realizado aproximadamente de dois em dois anos h\u00e1 mais de 20 anos. Numa an\u00e1lise publicada em 2025, os dados da nona vaga do inqu\u00e9rito foram analisados para se saber mais sobre a preval\u00eancia da polifarm\u00e1cia em diferentes pa\u00edses e para se determinar quais os factores que lhe est\u00e3o associados.    <\/strong><\/p>\n\n<div class=\"pmpro\"><div class=\"pmpro_card pmpro_content_message\"><div class=\"pmpro_card_content\">Dieser Inhalt ist nur f\u00fcr Benutzer der Gruppe: Medizinische Fachperson zug\u00e4nglich <br \/><a href=\"https:\/\/medizinonline.com\/pt-pt\/a-minha-conta\/pacotes\/\">Jetzt beitreten<\/a><\/div><div class=\"pmpro_card_actions pmpro_font-medium\">Already a member? <a href=\"https:\/\/medizinonline.com\/pt-pt\/iniciar-sessao\/?redirect_to=https%3A%2F%2Fmedizinonline.com%2Fpt-pt%2Fanalise-da-polifarmacia-em-pessoas-com-%25e2%2589%25a565-anos%2F\">Log in here<\/a><\/div><\/div><\/div>","protected":false},"excerpt":{"rendered":"<p>O estudo SHARE \u00e9 um inqu\u00e9rito longitudinal multidisciplinar internacional. O inqu\u00e9rito de painel tem sido realizado aproximadamente de dois em dois anos h\u00e1 mais de 20 anos. Numa an\u00e1lise publicada&#8230;&hellip;... <\/p>\n<div class=\"pmpro\"><div class=\"pmpro_card pmpro_content_message\"><div class=\"pmpro_card_content\">Dieser Inhalt ist nur f\u00fcr Benutzer der Gruppe: Medizinische Fachperson zug\u00e4nglich <br \/><a href=\"https:\/\/medizinonline.com\/pt-pt\/a-minha-conta\/pacotes\/\">Jetzt beitreten<\/a><\/div><div class=\"pmpro_card_actions pmpro_font-medium\">Already a member? <a href=\"https:\/\/medizinonline.com\/pt-pt\/iniciar-sessao\/?redirect_to=https%3A%2F%2Fmedizinonline.com%2Fpt-pt%2Fanalise-da-polifarmacia-em-pessoas-com-%25e2%2589%25a565-anos%2F\">Log in here<\/a><\/div><\/div><\/div>","protected":false},"author":7,"featured_media":410521,"comment_status":"closed","ping_status":"closed","sticky":false,"template":"","format":"standard","meta":{"_acf_changed":false,"pmpro_default_level":"","cat_1_feature_home_top":false,"cat_2_editor_pick":false,"csco_eyebrow_text":"\"Inqu\u00e9rito sobre a sa\u00fade, o envelhecimento e a reforma na Europa\" (SHARE)  ","footnotes":""},"category":[11521,11453,11360,11305,11544,11474,11481,11551],"tags":[85746,85744,85742,65279,65283,16177],"powerkit_post_featured":[],"class_list":["post-410519","post","type-post","status-publish","format-standard","has-post-thumbnail","category-estudos","category-farmacologia-e-toxicologia","category-geriatria-pt-pt","category-medicina-interna-geral","category-pratica-de-gestao","category-prevencao-e-cuidados-de-saude","category-psiquiatria-e-psicoterapia","category-rx-pt","tag-65-anos","tag-envelhecimento-e-reforma-na-europa","tag-estudo-de-partilha","tag-inquerito-de-saude","tag-partilha","tag-polifarmacia-pt-pt","pmpro-level-required","pmpro-level-1","pmpro-no-access"],"acf":[],"publishpress_future_action":{"enabled":false,"date":"2026-05-06 03:58:15","action":"change-status","newStatus":"draft","terms":[],"taxonomy":"category","extraData":[]},"publishpress_future_workflow_manual_trigger":{"enabledWorkflows":[]},"wpml_current_locale":"pt_PT","wpml_translations":{"es_ES":{"locale":"es_ES","id":410524,"slug":"analisis-de-la-polifarmacia-en-%e2%89%a565-anos-de-edad","post_title":"An\u00e1lisis de la polifarmacia en \u226565 a\u00f1os de edad","href":"https:\/\/medizinonline.com\/es\/analisis-de-la-polifarmacia-en-%e2%89%a565-anos-de-edad\/"}},"_links":{"self":[{"href":"https:\/\/medizinonline.com\/pt-pt\/wp-json\/wp\/v2\/posts\/410519","targetHints":{"allow":["GET"]}}],"collection":[{"href":"https:\/\/medizinonline.com\/pt-pt\/wp-json\/wp\/v2\/posts"}],"about":[{"href":"https:\/\/medizinonline.com\/pt-pt\/wp-json\/wp\/v2\/types\/post"}],"author":[{"embeddable":true,"href":"https:\/\/medizinonline.com\/pt-pt\/wp-json\/wp\/v2\/users\/7"}],"replies":[{"embeddable":true,"href":"https:\/\/medizinonline.com\/pt-pt\/wp-json\/wp\/v2\/comments?post=410519"}],"version-history":[{"count":1,"href":"https:\/\/medizinonline.com\/pt-pt\/wp-json\/wp\/v2\/posts\/410519\/revisions"}],"predecessor-version":[{"id":410522,"href":"https:\/\/medizinonline.com\/pt-pt\/wp-json\/wp\/v2\/posts\/410519\/revisions\/410522"}],"wp:featuredmedia":[{"embeddable":true,"href":"https:\/\/medizinonline.com\/pt-pt\/wp-json\/wp\/v2\/media\/410521"}],"wp:attachment":[{"href":"https:\/\/medizinonline.com\/pt-pt\/wp-json\/wp\/v2\/media?parent=410519"}],"wp:term":[{"taxonomy":"category","embeddable":true,"href":"https:\/\/medizinonline.com\/pt-pt\/wp-json\/wp\/v2\/category?post=410519"},{"taxonomy":"post_tag","embeddable":true,"href":"https:\/\/medizinonline.com\/pt-pt\/wp-json\/wp\/v2\/tags?post=410519"},{"taxonomy":"powerkit_post_featured","embeddable":true,"href":"https:\/\/medizinonline.com\/pt-pt\/wp-json\/wp\/v2\/powerkit_post_featured?post=410519"}],"curies":[{"name":"wp","href":"https:\/\/api.w.org\/{rel}","templated":true}]}}