{"id":410847,"date":"2025-12-10T00:30:00","date_gmt":"2025-12-09T23:30:00","guid":{"rendered":"https:\/\/medizinonline.com\/?p=410847"},"modified":"2025-12-09T22:06:21","modified_gmt":"2025-12-09T21:06:21","slug":"a-medicina-do-sono-em-transicao-novos-objectivos-e-uma-reavaliacao-dos-antigos-hipnoticos","status":"publish","type":"post","link":"https:\/\/medizinonline.com\/pt-pt\/a-medicina-do-sono-em-transicao-novos-objectivos-e-uma-reavaliacao-dos-antigos-hipnoticos\/","title":{"rendered":"A medicina do sono em transi\u00e7\u00e3o: novos objectivos e uma reavalia\u00e7\u00e3o dos antigos hipn\u00f3ticos"},"content":{"rendered":"\n<p><strong>As perturba\u00e7\u00f5es do sono e do ritmo circadiano (SCRD) surgem frequentemente como comorbilidades precoces em doen\u00e7as neurodegenerativas como a doen\u00e7a de Alzheimer (DA) e a doen\u00e7a de Parkinson (DP), muitas vezes d\u00e9cadas antes do aparecimento de sintomas t\u00edpicos. O sono \u00e9 fundamental para a sa\u00fade do c\u00e9rebro, uma vez que durante o sono de ondas lentas (SWS) os produtos residuais, como a beta amiloide (A\u03b2) e a tau, s\u00e3o removidos atrav\u00e9s do sistema glinf\u00e1tico. Por conseguinte, o tratamento farmacol\u00f3gico das SCRD deve ser efectuado com cuidado para evitar o agravamento da patologia.  <\/strong><\/p>\n\n<div class=\"pmpro\"><div class=\"pmpro_card pmpro_content_message\"><div class=\"pmpro_card_content\">Dieser Inhalt ist nur f\u00fcr Benutzer der Gruppe: Medizinische Fachperson zug\u00e4nglich <br \/><a href=\"https:\/\/medizinonline.com\/pt-pt\/a-minha-conta\/pacotes\/\">Jetzt beitreten<\/a><\/div><div class=\"pmpro_card_actions pmpro_font-medium\">Already a member? <a href=\"https:\/\/medizinonline.com\/pt-pt\/iniciar-sessao\/?redirect_to=https%3A%2F%2Fmedizinonline.com%2Fpt-pt%2Fa-medicina-do-sono-em-transicao-novos-objectivos-e-uma-reavaliacao-dos-antigos-hipnoticos%2F\">Log in here<\/a><\/div><\/div><\/div>","protected":false},"excerpt":{"rendered":"<p>As perturba\u00e7\u00f5es do sono e do ritmo circadiano (SCRD) surgem frequentemente como comorbilidades precoces em doen\u00e7as neurodegenerativas como a doen\u00e7a de Alzheimer (DA) e a doen\u00e7a de Parkinson (DP), muitas&#8230;&hellip;... <\/p>\n<div class=\"pmpro\"><div class=\"pmpro_card pmpro_content_message\"><div class=\"pmpro_card_content\">Dieser Inhalt ist nur f\u00fcr Benutzer der Gruppe: Medizinische Fachperson zug\u00e4nglich <br \/><a href=\"https:\/\/medizinonline.com\/pt-pt\/a-minha-conta\/pacotes\/\">Jetzt beitreten<\/a><\/div><div class=\"pmpro_card_actions pmpro_font-medium\">Already a member? <a href=\"https:\/\/medizinonline.com\/pt-pt\/iniciar-sessao\/?redirect_to=https%3A%2F%2Fmedizinonline.com%2Fpt-pt%2Fa-medicina-do-sono-em-transicao-novos-objectivos-e-uma-reavaliacao-dos-antigos-hipnoticos%2F\">Log in here<\/a><\/div><\/div><\/div>","protected":false},"author":7,"featured_media":410849,"comment_status":"closed","ping_status":"closed","sticky":false,"template":"","format":"standard","meta":{"_acf_changed":false,"pmpro_default_level":"","cat_1_feature_home_top":false,"cat_2_editor_pick":false,"csco_eyebrow_text":"Dist\u00farbios do sono","footnotes":""},"category":[11453,11524,11374,11481,11551],"tags":[20705,27068],"powerkit_post_featured":[],"class_list":["post-410847","post","type-post","status-publish","format-standard","has-post-thumbnail","category-farmacologia-e-toxicologia","category-formacao-continua","category-neurologia-pt-pt","category-psiquiatria-e-psicoterapia","category-rx-pt","tag-disturbios-do-sono","tag-medicina-do-sono","pmpro-level-required","pmpro-level-1","pmpro-no-access"],"acf":[],"publishpress_future_action":{"enabled":false,"date":"2026-05-06 00:13:35","action":"change-status","newStatus":"draft","terms":[],"taxonomy":"category","extraData":[]},"publishpress_future_workflow_manual_trigger":{"enabledWorkflows":[]},"wpml_current_locale":"pt_PT","wpml_translations":{"es_ES":{"locale":"es_ES","id":410848,"slug":"la-medicina-del-sueno-en-transicion-nuevos-objetivos-y-una-reevaluacion-de-los-viejos-hipnoticos","post_title":"La medicina del sue\u00f1o en transici\u00f3n: nuevos objetivos y una reevaluaci\u00f3n de los viejos hipn\u00f3ticos","href":"https:\/\/medizinonline.com\/es\/la-medicina-del-sueno-en-transicion-nuevos-objetivos-y-una-reevaluacion-de-los-viejos-hipnoticos\/"}},"_links":{"self":[{"href":"https:\/\/medizinonline.com\/pt-pt\/wp-json\/wp\/v2\/posts\/410847","targetHints":{"allow":["GET"]}}],"collection":[{"href":"https:\/\/medizinonline.com\/pt-pt\/wp-json\/wp\/v2\/posts"}],"about":[{"href":"https:\/\/medizinonline.com\/pt-pt\/wp-json\/wp\/v2\/types\/post"}],"author":[{"embeddable":true,"href":"https:\/\/medizinonline.com\/pt-pt\/wp-json\/wp\/v2\/users\/7"}],"replies":[{"embeddable":true,"href":"https:\/\/medizinonline.com\/pt-pt\/wp-json\/wp\/v2\/comments?post=410847"}],"version-history":[{"count":1,"href":"https:\/\/medizinonline.com\/pt-pt\/wp-json\/wp\/v2\/posts\/410847\/revisions"}],"predecessor-version":[{"id":410852,"href":"https:\/\/medizinonline.com\/pt-pt\/wp-json\/wp\/v2\/posts\/410847\/revisions\/410852"}],"wp:featuredmedia":[{"embeddable":true,"href":"https:\/\/medizinonline.com\/pt-pt\/wp-json\/wp\/v2\/media\/410849"}],"wp:attachment":[{"href":"https:\/\/medizinonline.com\/pt-pt\/wp-json\/wp\/v2\/media?parent=410847"}],"wp:term":[{"taxonomy":"category","embeddable":true,"href":"https:\/\/medizinonline.com\/pt-pt\/wp-json\/wp\/v2\/category?post=410847"},{"taxonomy":"post_tag","embeddable":true,"href":"https:\/\/medizinonline.com\/pt-pt\/wp-json\/wp\/v2\/tags?post=410847"},{"taxonomy":"powerkit_post_featured","embeddable":true,"href":"https:\/\/medizinonline.com\/pt-pt\/wp-json\/wp\/v2\/powerkit_post_featured?post=410847"}],"curies":[{"name":"wp","href":"https:\/\/api.w.org\/{rel}","templated":true}]}}