{"id":410895,"date":"2025-11-30T00:30:00","date_gmt":"2025-11-29T23:30:00","guid":{"rendered":"https:\/\/medizinonline.com\/?p=410895"},"modified":"2025-11-29T08:40:00","modified_gmt":"2025-11-29T07:40:00","slug":"a-vitamina-d-como-adjuvante-na-esclerose-multipla-sucesso-estatistico-e-limitacoes-clinicas","status":"publish","type":"post","link":"https:\/\/medizinonline.com\/pt-pt\/a-vitamina-d-como-adjuvante-na-esclerose-multipla-sucesso-estatistico-e-limitacoes-clinicas\/","title":{"rendered":"A vitamina D como adjuvante na esclerose m\u00faltipla: sucesso estat\u00edstico e limita\u00e7\u00f5es cl\u00ednicas"},"content":{"rendered":"\n<p><strong>V\u00e1rios factores de risco est\u00e3o envolvidos na patog\u00e9nese da esclerose m\u00faltipla, estando a defici\u00eancia de vitamina D associada a um risco acrescido de EM desde a d\u00e9cada de 1970. <em>As terapias modificadoras da doen\u00e7a<\/em> visam influenciar o processo imunit\u00e1rio subjacente para reduzir as reca\u00eddas e o desenvolvimento de les\u00f5es. Tendo em conta os resultados contradit\u00f3rios de estudos anteriores sobre o papel terap\u00eautico da vitamina D em doentes com EM estabelecida, \u00e9 necess\u00e1ria uma reavalia\u00e7\u00e3o exaustiva. <\/strong><\/p>\n\n<div class=\"pmpro\"><div class=\"pmpro_card pmpro_content_message\"><div class=\"pmpro_card_content\">Dieser Inhalt ist nur f\u00fcr Benutzer der Gruppe: Medizinische Fachperson zug\u00e4nglich <br \/><a href=\"https:\/\/medizinonline.com\/pt-pt\/a-minha-conta\/pacotes\/\">Jetzt beitreten<\/a><\/div><div class=\"pmpro_card_actions pmpro_font-medium\">Already a member? <a href=\"https:\/\/medizinonline.com\/pt-pt\/iniciar-sessao\/?redirect_to=https%3A%2F%2Fmedizinonline.com%2Fpt-pt%2Fa-vitamina-d-como-adjuvante-na-esclerose-multipla-sucesso-estatistico-e-limitacoes-clinicas%2F\">Log in here<\/a><\/div><\/div><\/div>","protected":false},"excerpt":{"rendered":"<p>V\u00e1rios factores de risco est\u00e3o envolvidos na patog\u00e9nese da esclerose m\u00faltipla, estando a defici\u00eancia de vitamina D associada a um risco acrescido de EM desde a d\u00e9cada de 1970. As&#8230;&hellip;... <\/p>\n<div class=\"pmpro\"><div class=\"pmpro_card pmpro_content_message\"><div class=\"pmpro_card_content\">Dieser Inhalt ist nur f\u00fcr Benutzer der Gruppe: Medizinische Fachperson zug\u00e4nglich <br \/><a href=\"https:\/\/medizinonline.com\/pt-pt\/a-minha-conta\/pacotes\/\">Jetzt beitreten<\/a><\/div><div class=\"pmpro_card_actions pmpro_font-medium\">Already a member? <a href=\"https:\/\/medizinonline.com\/pt-pt\/iniciar-sessao\/?redirect_to=https%3A%2F%2Fmedizinonline.com%2Fpt-pt%2Fa-vitamina-d-como-adjuvante-na-esclerose-multipla-sucesso-estatistico-e-limitacoes-clinicas%2F\">Log in here<\/a><\/div><\/div><\/div>","protected":false},"author":7,"featured_media":410904,"comment_status":"closed","ping_status":"closed","sticky":false,"template":"","format":"standard","meta":{"_acf_changed":false,"pmpro_default_level":"","cat_1_feature_home_top":false,"cat_2_editor_pick":false,"csco_eyebrow_text":"Esclerose m\u00faltipla","footnotes":""},"category":[11521,11453,11524,11374,11403,11551],"tags":[85806,12325,85804,13066],"powerkit_post_featured":[],"class_list":["post-410895","post","type-post","status-publish","format-standard","has-post-thumbnail","category-estudos","category-farmacologia-e-toxicologia","category-formacao-continua","category-neurologia-pt-pt","category-nutricao","category-rx-pt","tag-adjuvante-2","tag-esclerose-multipla","tag-terapia-adjuvante-2","tag-vitamina-d","pmpro-level-required","pmpro-level-1","pmpro-no-access"],"acf":[],"publishpress_future_action":{"enabled":false,"date":"2026-05-06 20:32:57","action":"change-status","newStatus":"draft","terms":[],"taxonomy":"category","extraData":[]},"publishpress_future_workflow_manual_trigger":{"enabledWorkflows":[]},"wpml_current_locale":"pt_PT","wpml_translations":{"es_ES":{"locale":"es_ES","id":410903,"slug":"la-vitamina-d-como-coadyuvante-en-la-esclerosis-multiple-exito-estadistico-y-limitaciones-clinicas","post_title":"La vitamina D como coadyuvante en la esclerosis m\u00faltiple: \u00e9xito estad\u00edstico y limitaciones cl\u00ednicas","href":"https:\/\/medizinonline.com\/es\/la-vitamina-d-como-coadyuvante-en-la-esclerosis-multiple-exito-estadistico-y-limitaciones-clinicas\/"}},"_links":{"self":[{"href":"https:\/\/medizinonline.com\/pt-pt\/wp-json\/wp\/v2\/posts\/410895","targetHints":{"allow":["GET"]}}],"collection":[{"href":"https:\/\/medizinonline.com\/pt-pt\/wp-json\/wp\/v2\/posts"}],"about":[{"href":"https:\/\/medizinonline.com\/pt-pt\/wp-json\/wp\/v2\/types\/post"}],"author":[{"embeddable":true,"href":"https:\/\/medizinonline.com\/pt-pt\/wp-json\/wp\/v2\/users\/7"}],"replies":[{"embeddable":true,"href":"https:\/\/medizinonline.com\/pt-pt\/wp-json\/wp\/v2\/comments?post=410895"}],"version-history":[{"count":1,"href":"https:\/\/medizinonline.com\/pt-pt\/wp-json\/wp\/v2\/posts\/410895\/revisions"}],"predecessor-version":[{"id":410905,"href":"https:\/\/medizinonline.com\/pt-pt\/wp-json\/wp\/v2\/posts\/410895\/revisions\/410905"}],"wp:featuredmedia":[{"embeddable":true,"href":"https:\/\/medizinonline.com\/pt-pt\/wp-json\/wp\/v2\/media\/410904"}],"wp:attachment":[{"href":"https:\/\/medizinonline.com\/pt-pt\/wp-json\/wp\/v2\/media?parent=410895"}],"wp:term":[{"taxonomy":"category","embeddable":true,"href":"https:\/\/medizinonline.com\/pt-pt\/wp-json\/wp\/v2\/category?post=410895"},{"taxonomy":"post_tag","embeddable":true,"href":"https:\/\/medizinonline.com\/pt-pt\/wp-json\/wp\/v2\/tags?post=410895"},{"taxonomy":"powerkit_post_featured","embeddable":true,"href":"https:\/\/medizinonline.com\/pt-pt\/wp-json\/wp\/v2\/powerkit_post_featured?post=410895"}],"curies":[{"name":"wp","href":"https:\/\/api.w.org\/{rel}","templated":true}]}}