{"id":411030,"date":"2025-11-11T13:30:00","date_gmt":"2025-11-11T12:30:00","guid":{"rendered":"https:\/\/medizinonline.com\/noticias-do-plano-suico-de-saude-do-cerebro-sbhp-2023-2033\/"},"modified":"2025-11-11T13:38:13","modified_gmt":"2025-11-11T12:38:13","slug":"noticias-do-plano-suico-de-saude-do-cerebro-sbhp-2023-2033","status":"publish","type":"post","link":"https:\/\/medizinonline.com\/pt-pt\/noticias-do-plano-suico-de-saude-do-cerebro-sbhp-2023-2033\/","title":{"rendered":"Not\u00edcias do Plano Su\u00ed\u00e7o de Sa\u00fade do C\u00e9rebro (SBHP) 2023-2033"},"content":{"rendered":"\n<p><strong>O elevado peso das perturba\u00e7\u00f5es neurol\u00f3gicas e psiqui\u00e1tricas torna essencial uma estrat\u00e9gia nacional e uma estreita colabora\u00e7\u00e3o interdisciplinar. O Plano Su\u00ed\u00e7o para a Sa\u00fade do C\u00e9rebro (SBHP) 2023-2033, uma iniciativa abrangente para promover a sa\u00fade do c\u00e9rebro na Su\u00ed\u00e7a, ser\u00e1 apresentado pelo Prof. Dr. Claudio Bassetti, neurologista e Diretor da Faculdade de Medicina de Berna, como um projeto integral. <\/strong><\/p>\n\n<div class=\"pmpro\"><div class=\"pmpro_card pmpro_content_message\"><div class=\"pmpro_card_content\">Dieser Inhalt ist nur f\u00fcr Benutzer der Gruppe: Medizinische Fachperson zug\u00e4nglich <br \/><a href=\"https:\/\/medizinonline.com\/pt-pt\/a-minha-conta\/pacotes\/\">Jetzt beitreten<\/a><\/div><div class=\"pmpro_card_actions pmpro_font-medium\">Already a member? <a href=\"https:\/\/medizinonline.com\/pt-pt\/iniciar-sessao\/?redirect_to=https%3A%2F%2Fmedizinonline.com%2Fpt-pt%2Fnoticias-do-plano-suico-de-saude-do-cerebro-sbhp-2023-2033%2F\">Log in here<\/a><\/div><\/div><\/div>","protected":false},"excerpt":{"rendered":"<p>O elevado peso das perturba\u00e7\u00f5es neurol\u00f3gicas e psiqui\u00e1tricas torna essencial uma estrat\u00e9gia nacional e uma estreita colabora\u00e7\u00e3o interdisciplinar. O Plano Su\u00ed\u00e7o para a Sa\u00fade do C\u00e9rebro (SBHP) 2023-2033, uma iniciativa&#8230;&hellip;... <\/p>\n<div class=\"pmpro\"><div class=\"pmpro_card pmpro_content_message\"><div class=\"pmpro_card_content\">Dieser Inhalt ist nur f\u00fcr Benutzer der Gruppe: Medizinische Fachperson zug\u00e4nglich <br \/><a href=\"https:\/\/medizinonline.com\/pt-pt\/a-minha-conta\/pacotes\/\">Jetzt beitreten<\/a><\/div><div class=\"pmpro_card_actions pmpro_font-medium\">Already a member? <a href=\"https:\/\/medizinonline.com\/pt-pt\/iniciar-sessao\/?redirect_to=https%3A%2F%2Fmedizinonline.com%2Fpt-pt%2Fnoticias-do-plano-suico-de-saude-do-cerebro-sbhp-2023-2033%2F\">Log in here<\/a><\/div><\/div><\/div>","protected":false},"author":7,"featured_media":411031,"comment_status":"closed","ping_status":"closed","sticky":false,"template":"","format":"standard","meta":{"_acf_changed":false,"pmpro_default_level":"","cat_1_feature_home_top":false,"cat_2_editor_pick":false,"csco_eyebrow_text":"Sa\u00fade do c\u00e9rebro","footnotes":""},"category":[11533,11524,11374,11474,11481,11551],"tags":[85836],"powerkit_post_featured":[],"class_list":["post-411030","post","type-post","status-publish","format-standard","has-post-thumbnail","category-entrevistas-pt-pt","category-formacao-continua","category-neurologia-pt-pt","category-prevencao-e-cuidados-de-saude","category-psiquiatria-e-psicoterapia","category-rx-pt","tag-plano-de-saude-suico-para-o-cerebro","pmpro-level-required","pmpro-level-1","pmpro-no-access"],"acf":[],"publishpress_future_action":{"enabled":false,"date":"2026-05-02 11:49:32","action":"change-status","newStatus":"draft","terms":[],"taxonomy":"category","extraData":[]},"publishpress_future_workflow_manual_trigger":{"enabledWorkflows":[]},"wpml_current_locale":"pt_PT","wpml_translations":{"es_ES":{"locale":"es_ES","id":411027,"slug":"noticias-del-plan-suizo-de-salud-cerebral-pscce-2023-2033","post_title":"Noticias del Plan Suizo de Salud Cerebral (PSCCE) 2023-2033","href":"https:\/\/medizinonline.com\/es\/noticias-del-plan-suizo-de-salud-cerebral-pscce-2023-2033\/"}},"_links":{"self":[{"href":"https:\/\/medizinonline.com\/pt-pt\/wp-json\/wp\/v2\/posts\/411030","targetHints":{"allow":["GET"]}}],"collection":[{"href":"https:\/\/medizinonline.com\/pt-pt\/wp-json\/wp\/v2\/posts"}],"about":[{"href":"https:\/\/medizinonline.com\/pt-pt\/wp-json\/wp\/v2\/types\/post"}],"author":[{"embeddable":true,"href":"https:\/\/medizinonline.com\/pt-pt\/wp-json\/wp\/v2\/users\/7"}],"replies":[{"embeddable":true,"href":"https:\/\/medizinonline.com\/pt-pt\/wp-json\/wp\/v2\/comments?post=411030"}],"version-history":[{"count":1,"href":"https:\/\/medizinonline.com\/pt-pt\/wp-json\/wp\/v2\/posts\/411030\/revisions"}],"predecessor-version":[{"id":411032,"href":"https:\/\/medizinonline.com\/pt-pt\/wp-json\/wp\/v2\/posts\/411030\/revisions\/411032"}],"wp:featuredmedia":[{"embeddable":true,"href":"https:\/\/medizinonline.com\/pt-pt\/wp-json\/wp\/v2\/media\/411031"}],"wp:attachment":[{"href":"https:\/\/medizinonline.com\/pt-pt\/wp-json\/wp\/v2\/media?parent=411030"}],"wp:term":[{"taxonomy":"category","embeddable":true,"href":"https:\/\/medizinonline.com\/pt-pt\/wp-json\/wp\/v2\/category?post=411030"},{"taxonomy":"post_tag","embeddable":true,"href":"https:\/\/medizinonline.com\/pt-pt\/wp-json\/wp\/v2\/tags?post=411030"},{"taxonomy":"powerkit_post_featured","embeddable":true,"href":"https:\/\/medizinonline.com\/pt-pt\/wp-json\/wp\/v2\/powerkit_post_featured?post=411030"}],"curies":[{"name":"wp","href":"https:\/\/api.w.org\/{rel}","templated":true}]}}