{"id":412349,"date":"2025-12-07T13:30:00","date_gmt":"2025-12-07T12:30:00","guid":{"rendered":"https:\/\/medizinonline.com\/?p=412349"},"modified":"2025-12-07T13:43:57","modified_gmt":"2025-12-07T12:43:57","slug":"stress-psicologico-significativo-para-os-doentes-com-dc","status":"publish","type":"post","link":"https:\/\/medizinonline.com\/pt-pt\/stress-psicologico-significativo-para-os-doentes-com-dc\/","title":{"rendered":"Stress psicol\u00f3gico significativo para os doentes com DC"},"content":{"rendered":"\n<p><strong>A doen\u00e7a de Crohn (DC) est\u00e1 frequentemente associada a sintomas extra-intestinais (EIM). No entanto, a rela\u00e7\u00e3o com as perturba\u00e7\u00f5es mentais est\u00e1 tamb\u00e9m a ser cada vez mais real\u00e7ada. Cientistas espanh\u00f3is analisaram a frequ\u00eancia e a gravidade da depress\u00e3o em doentes com DC, lan\u00e7ando luz sobre a dimens\u00e3o psicol\u00f3gica desta doen\u00e7a, frequentemente subestimada.  <\/strong><\/p>\n\n<div class=\"pmpro\"><div class=\"pmpro_card pmpro_content_message\"><div class=\"pmpro_card_content\">Dieser Inhalt ist nur f\u00fcr Benutzer der Gruppe: Medizinische Fachperson zug\u00e4nglich <br \/><a href=\"https:\/\/medizinonline.com\/pt-pt\/a-minha-conta\/pacotes\/\">Jetzt beitreten<\/a><\/div><div class=\"pmpro_card_actions pmpro_font-medium\">Already a member? <a href=\"https:\/\/medizinonline.com\/pt-pt\/iniciar-sessao\/?redirect_to=https%3A%2F%2Fmedizinonline.com%2Fpt-pt%2Fstress-psicologico-significativo-para-os-doentes-com-dc%2F\">Log in here<\/a><\/div><\/div><\/div>","protected":false},"excerpt":{"rendered":"<p>A doen\u00e7a de Crohn (DC) est\u00e1 frequentemente associada a sintomas extra-intestinais (EIM). No entanto, a rela\u00e7\u00e3o com as perturba\u00e7\u00f5es mentais est\u00e1 tamb\u00e9m a ser cada vez mais real\u00e7ada. Cientistas espanh\u00f3is&#8230;&hellip;... <\/p>\n<div class=\"pmpro\"><div class=\"pmpro_card pmpro_content_message\"><div class=\"pmpro_card_content\">Dieser Inhalt ist nur f\u00fcr Benutzer der Gruppe: Medizinische Fachperson zug\u00e4nglich <br \/><a href=\"https:\/\/medizinonline.com\/pt-pt\/a-minha-conta\/pacotes\/\">Jetzt beitreten<\/a><\/div><div class=\"pmpro_card_actions pmpro_font-medium\">Already a member? <a href=\"https:\/\/medizinonline.com\/pt-pt\/iniciar-sessao\/?redirect_to=https%3A%2F%2Fmedizinonline.com%2Fpt-pt%2Fstress-psicologico-significativo-para-os-doentes-com-dc%2F\">Log in here<\/a><\/div><\/div><\/div>","protected":false},"author":7,"featured_media":412350,"comment_status":"closed","ping_status":"closed","sticky":false,"template":"","format":"standard","meta":{"_acf_changed":false,"pmpro_default_level":"","cat_1_feature_home_top":false,"cat_2_editor_pick":false,"csco_eyebrow_text":"Doen\u00e7a de Crohn e depress\u00e3o","footnotes":""},"category":[11521,11524,11407,11305,11481,11551],"tags":[72710,62387,11644,86297,11646,86299,86300],"powerkit_post_featured":[],"class_list":["post-412349","post","type-post","status-publish","format-standard","has-post-thumbnail","category-estudos","category-formacao-continua","category-gastroenterologia-e-hepatologia","category-medicina-interna-geral","category-psiquiatria-e-psicoterapia","category-rx-pt","tag-cd-pt-pt","tag-depressao-pt-pt","tag-doenca-de-crohn","tag-eim","tag-ibd-pt-pt","tag-perturbacoes-mentais-2","tag-sintomas-extra-intestinais","pmpro-level-required","pmpro-level-1","pmpro-no-access"],"acf":[],"publishpress_future_action":{"enabled":false,"date":"2026-05-08 05:12:36","action":"change-status","newStatus":"draft","terms":[],"taxonomy":"category","extraData":[]},"publishpress_future_workflow_manual_trigger":{"enabledWorkflows":[]},"wpml_current_locale":"pt_PT","wpml_translations":{"es_ES":{"locale":"es_ES","id":412343,"slug":"estres-psicologico-significativo-para-los-pacientes-con-ec","post_title":"Estr\u00e9s psicol\u00f3gico significativo para los pacientes con EC","href":"https:\/\/medizinonline.com\/es\/estres-psicologico-significativo-para-los-pacientes-con-ec\/"}},"_links":{"self":[{"href":"https:\/\/medizinonline.com\/pt-pt\/wp-json\/wp\/v2\/posts\/412349","targetHints":{"allow":["GET"]}}],"collection":[{"href":"https:\/\/medizinonline.com\/pt-pt\/wp-json\/wp\/v2\/posts"}],"about":[{"href":"https:\/\/medizinonline.com\/pt-pt\/wp-json\/wp\/v2\/types\/post"}],"author":[{"embeddable":true,"href":"https:\/\/medizinonline.com\/pt-pt\/wp-json\/wp\/v2\/users\/7"}],"replies":[{"embeddable":true,"href":"https:\/\/medizinonline.com\/pt-pt\/wp-json\/wp\/v2\/comments?post=412349"}],"version-history":[{"count":1,"href":"https:\/\/medizinonline.com\/pt-pt\/wp-json\/wp\/v2\/posts\/412349\/revisions"}],"predecessor-version":[{"id":412353,"href":"https:\/\/medizinonline.com\/pt-pt\/wp-json\/wp\/v2\/posts\/412349\/revisions\/412353"}],"wp:featuredmedia":[{"embeddable":true,"href":"https:\/\/medizinonline.com\/pt-pt\/wp-json\/wp\/v2\/media\/412350"}],"wp:attachment":[{"href":"https:\/\/medizinonline.com\/pt-pt\/wp-json\/wp\/v2\/media?parent=412349"}],"wp:term":[{"taxonomy":"category","embeddable":true,"href":"https:\/\/medizinonline.com\/pt-pt\/wp-json\/wp\/v2\/category?post=412349"},{"taxonomy":"post_tag","embeddable":true,"href":"https:\/\/medizinonline.com\/pt-pt\/wp-json\/wp\/v2\/tags?post=412349"},{"taxonomy":"powerkit_post_featured","embeddable":true,"href":"https:\/\/medizinonline.com\/pt-pt\/wp-json\/wp\/v2\/powerkit_post_featured?post=412349"}],"curies":[{"name":"wp","href":"https:\/\/api.w.org\/{rel}","templated":true}]}}