{"id":449502,"date":"2026-01-07T00:30:00","date_gmt":"2026-01-06T23:30:00","guid":{"rendered":"https:\/\/medizinonline.com\/novo-indicador-medicacao-para-controlo-do-peso\/"},"modified":"2026-01-06T22:01:32","modified_gmt":"2026-01-06T21:01:32","slug":"novo-indicador-medicacao-para-controlo-do-peso","status":"publish","type":"post","link":"https:\/\/medizinonline.com\/pt-pt\/novo-indicador-medicacao-para-controlo-do-peso\/","title":{"rendered":"Novo indicador: medica\u00e7\u00e3o para controlo do peso"},"content":{"rendered":"\n<p><strong>O atlas da sa\u00fade, elaborado sob os ausp\u00edcios da Obsan, documenta e visualiza a frequ\u00eancia de tratamentos m\u00e9dicos e diagn\u00f3sticos entre cant\u00f5es, regi\u00f5es, grupos et\u00e1rios e ao longo do tempo. Isto proporciona uma boa base para uma discuss\u00e3o baseada em factos sobre as causas das diferen\u00e7as regionais nos cuidados de sa\u00fade. O atlas \u00e9 atualizado continuamente &#8211; al\u00e9m disso, em junho foi acrescentado um novo indicador sobre medicamentos para controlo do peso.  <\/strong><\/p>\n\n<div class=\"pmpro\"><div class=\"pmpro_card pmpro_content_message\"><div class=\"pmpro_card_content\">Dieser Inhalt ist nur f\u00fcr Benutzer der Gruppe: Medizinische Fachperson zug\u00e4nglich <br \/><a href=\"https:\/\/medizinonline.com\/pt-pt\/a-minha-conta\/pacotes\/\">Jetzt beitreten<\/a><\/div><div class=\"pmpro_card_actions pmpro_font-medium\">Already a member? <a href=\"https:\/\/medizinonline.com\/pt-pt\/iniciar-sessao\/?redirect_to=https%3A%2F%2Fmedizinonline.com%2Fpt-pt%2Fnovo-indicador-medicacao-para-controlo-do-peso%2F\">Log in here<\/a><\/div><\/div><\/div>","protected":false},"excerpt":{"rendered":"<p>O atlas da sa\u00fade, elaborado sob os ausp\u00edcios da Obsan, documenta e visualiza a frequ\u00eancia de tratamentos m\u00e9dicos e diagn\u00f3sticos entre cant\u00f5es, regi\u00f5es, grupos et\u00e1rios e ao longo do tempo&#8230;.&hellip;... <\/p>\n<div class=\"pmpro\"><div class=\"pmpro_card pmpro_content_message\"><div class=\"pmpro_card_content\">Dieser Inhalt ist nur f\u00fcr Benutzer der Gruppe: Medizinische Fachperson zug\u00e4nglich <br \/><a href=\"https:\/\/medizinonline.com\/pt-pt\/a-minha-conta\/pacotes\/\">Jetzt beitreten<\/a><\/div><div class=\"pmpro_card_actions pmpro_font-medium\">Already a member? <a href=\"https:\/\/medizinonline.com\/pt-pt\/iniciar-sessao\/?redirect_to=https%3A%2F%2Fmedizinonline.com%2Fpt-pt%2Fnovo-indicador-medicacao-para-controlo-do-peso%2F\">Log in here<\/a><\/div><\/div><\/div>","protected":false},"author":7,"featured_media":449503,"comment_status":"closed","ping_status":"closed","sticky":false,"template":"","format":"standard","meta":{"_acf_changed":false,"pmpro_default_level":"","cat_1_feature_home_top":false,"cat_2_editor_pick":false,"csco_eyebrow_text":"\"Atlas dos cuidados de sa\u00fade na Su\u00ed\u00e7a\"","footnotes":""},"category":[11397,11544,11474,11551],"tags":[12441,26515],"powerkit_post_featured":[],"class_list":["post-449502","post","type-post","status-publish","format-standard","has-post-thumbnail","category-endocrinologia-e-diabetologia-2","category-pratica-de-gestao","category-prevencao-e-cuidados-de-saude","category-rx-pt","tag-obesidade","tag-obsan-pt-pt","pmpro-level-required","pmpro-level-1","pmpro-no-access"],"acf":[],"publishpress_future_action":{"enabled":false,"date":"2026-05-06 02:00:37","action":"change-status","newStatus":"draft","terms":[],"taxonomy":"category","extraData":[]},"publishpress_future_workflow_manual_trigger":{"enabledWorkflows":[]},"wpml_current_locale":"pt_PT","wpml_translations":{"es_ES":{"locale":"es_ES","id":449482,"slug":"nuevo-indicador-medicacion-para-la-regulacion-del-peso","post_title":"Nuevo indicador: medicaci\u00f3n para la regulaci\u00f3n del peso","href":"https:\/\/medizinonline.com\/es\/nuevo-indicador-medicacion-para-la-regulacion-del-peso\/"}},"_links":{"self":[{"href":"https:\/\/medizinonline.com\/pt-pt\/wp-json\/wp\/v2\/posts\/449502","targetHints":{"allow":["GET"]}}],"collection":[{"href":"https:\/\/medizinonline.com\/pt-pt\/wp-json\/wp\/v2\/posts"}],"about":[{"href":"https:\/\/medizinonline.com\/pt-pt\/wp-json\/wp\/v2\/types\/post"}],"author":[{"embeddable":true,"href":"https:\/\/medizinonline.com\/pt-pt\/wp-json\/wp\/v2\/users\/7"}],"replies":[{"embeddable":true,"href":"https:\/\/medizinonline.com\/pt-pt\/wp-json\/wp\/v2\/comments?post=449502"}],"version-history":[{"count":1,"href":"https:\/\/medizinonline.com\/pt-pt\/wp-json\/wp\/v2\/posts\/449502\/revisions"}],"predecessor-version":[{"id":449504,"href":"https:\/\/medizinonline.com\/pt-pt\/wp-json\/wp\/v2\/posts\/449502\/revisions\/449504"}],"wp:featuredmedia":[{"embeddable":true,"href":"https:\/\/medizinonline.com\/pt-pt\/wp-json\/wp\/v2\/media\/449503"}],"wp:attachment":[{"href":"https:\/\/medizinonline.com\/pt-pt\/wp-json\/wp\/v2\/media?parent=449502"}],"wp:term":[{"taxonomy":"category","embeddable":true,"href":"https:\/\/medizinonline.com\/pt-pt\/wp-json\/wp\/v2\/category?post=449502"},{"taxonomy":"post_tag","embeddable":true,"href":"https:\/\/medizinonline.com\/pt-pt\/wp-json\/wp\/v2\/tags?post=449502"},{"taxonomy":"powerkit_post_featured","embeddable":true,"href":"https:\/\/medizinonline.com\/pt-pt\/wp-json\/wp\/v2\/powerkit_post_featured?post=449502"}],"curies":[{"name":"wp","href":"https:\/\/api.w.org\/{rel}","templated":true}]}}