{"id":449620,"date":"2026-01-19T00:30:00","date_gmt":"2026-01-18T23:30:00","guid":{"rendered":"https:\/\/medizinonline.com\/gordura-epicardica-reduzida-em-doentes-com-diabetes-tipo-2-e-ic\/"},"modified":"2026-01-18T21:46:23","modified_gmt":"2026-01-18T20:46:23","slug":"gordura-epicardica-reduzida-em-doentes-com-diabetes-tipo-2-e-ic","status":"publish","type":"post","link":"https:\/\/medizinonline.com\/pt-pt\/gordura-epicardica-reduzida-em-doentes-com-diabetes-tipo-2-e-ic\/","title":{"rendered":"Gordura epic\u00e1rdica reduzida em doentes com diabetes tipo 2 e IC"},"content":{"rendered":"\n<p><strong>A coocorr\u00eancia de insufici\u00eancia card\u00edaca (IC) e diabetes conduz a um maior risco de complica\u00e7\u00f5es, maior mortalidade e piores resultados do que qualquer uma das doen\u00e7as isoladamente. Estudos t\u00eam demonstrado a import\u00e2ncia do tecido adiposo epic\u00e1rdico (TAE) na progress\u00e3o da doen\u00e7a cardiovascular. A sua proximidade com o mioc\u00e1rdio, combinada com as suas propriedades pr\u00f3-inflamat\u00f3rias na doen\u00e7a, despertou o interesse no papel do EAT na IC, particularmente em doentes com diabetes tipo 2 (T2D).  <\/strong><\/p>\n\n<div class=\"pmpro\"><div class=\"pmpro_card pmpro_content_message\"><div class=\"pmpro_card_content\">Dieser Inhalt ist nur f\u00fcr Benutzer der Gruppe: Medizinische Fachperson zug\u00e4nglich <br \/><a href=\"https:\/\/medizinonline.com\/pt-pt\/a-minha-conta\/pacotes\/\">Jetzt beitreten<\/a><\/div><div class=\"pmpro_card_actions pmpro_font-medium\">Already a member? <a href=\"https:\/\/medizinonline.com\/pt-pt\/iniciar-sessao\/?redirect_to=https%3A%2F%2Fmedizinonline.com%2Fpt-pt%2Fgordura-epicardica-reduzida-em-doentes-com-diabetes-tipo-2-e-ic%2F\">Log in here<\/a><\/div><\/div><\/div>","protected":false},"excerpt":{"rendered":"<p>A coocorr\u00eancia de insufici\u00eancia card\u00edaca (IC) e diabetes conduz a um maior risco de complica\u00e7\u00f5es, maior mortalidade e piores resultados do que qualquer uma das doen\u00e7as isoladamente. Estudos t\u00eam demonstrado&#8230;&hellip;... <\/p>\n<div class=\"pmpro\"><div class=\"pmpro_card pmpro_content_message\"><div class=\"pmpro_card_content\">Dieser Inhalt ist nur f\u00fcr Benutzer der Gruppe: Medizinische Fachperson zug\u00e4nglich <br \/><a href=\"https:\/\/medizinonline.com\/pt-pt\/a-minha-conta\/pacotes\/\">Jetzt beitreten<\/a><\/div><div class=\"pmpro_card_actions pmpro_font-medium\">Already a member? <a href=\"https:\/\/medizinonline.com\/pt-pt\/iniciar-sessao\/?redirect_to=https%3A%2F%2Fmedizinonline.com%2Fpt-pt%2Fgordura-epicardica-reduzida-em-doentes-com-diabetes-tipo-2-e-ic%2F\">Log in here<\/a><\/div><\/div><\/div>","protected":false},"author":7,"featured_media":449624,"comment_status":"closed","ping_status":"closed","sticky":false,"template":"","format":"standard","meta":{"_acf_changed":false,"pmpro_default_level":"","cat_1_feature_home_top":false,"cat_2_editor_pick":false,"csco_eyebrow_text":"Dapagliflozina para a DM2 e insufici\u00eancia card\u00edaca  ","footnotes":""},"category":[11367,11397,11524,11551],"tags":[35702,23326,12313,12023,12155,14223,12185,86735,29599,80022],"powerkit_post_featured":[],"class_list":["post-449620","post","type-post","status-publish","format-standard","has-post-thumbnail","category-cardiologia-pt-pt","category-endocrinologia-e-diabetologia-2","category-formacao-continua","category-rx-pt","tag-complicacoes","tag-dapagliflozin-pt-pt","tag-diabetes-mellitus-pt-pt","tag-diabetes-tipo-2-pt-pt","tag-doencas-cardiovasculares","tag-hf-pt-pt","tag-insuficiencia-cardiaca","tag-mortalidade-tecido-adiposo-epicardico","tag-musculo-cardiaco-pt-pt","tag-t2d-pt-pt","pmpro-level-required","pmpro-level-1","pmpro-no-access"],"acf":[],"publishpress_future_action":{"enabled":false,"date":"2026-05-04 05:59:53","action":"change-status","newStatus":"draft","terms":[],"taxonomy":"category","extraData":[]},"publishpress_future_workflow_manual_trigger":{"enabledWorkflows":[]},"wpml_current_locale":"pt_PT","wpml_translations":{"es_ES":{"locale":"es_ES","id":449613,"slug":"la-grasa-epicardica-se-reduce-en-pacientes-con-diabetes-tipo-2-e-ic","post_title":"La grasa epic\u00e1rdica se reduce en pacientes con diabetes tipo 2 e IC","href":"https:\/\/medizinonline.com\/es\/la-grasa-epicardica-se-reduce-en-pacientes-con-diabetes-tipo-2-e-ic\/"}},"_links":{"self":[{"href":"https:\/\/medizinonline.com\/pt-pt\/wp-json\/wp\/v2\/posts\/449620","targetHints":{"allow":["GET"]}}],"collection":[{"href":"https:\/\/medizinonline.com\/pt-pt\/wp-json\/wp\/v2\/posts"}],"about":[{"href":"https:\/\/medizinonline.com\/pt-pt\/wp-json\/wp\/v2\/types\/post"}],"author":[{"embeddable":true,"href":"https:\/\/medizinonline.com\/pt-pt\/wp-json\/wp\/v2\/users\/7"}],"replies":[{"embeddable":true,"href":"https:\/\/medizinonline.com\/pt-pt\/wp-json\/wp\/v2\/comments?post=449620"}],"version-history":[{"count":1,"href":"https:\/\/medizinonline.com\/pt-pt\/wp-json\/wp\/v2\/posts\/449620\/revisions"}],"predecessor-version":[{"id":449625,"href":"https:\/\/medizinonline.com\/pt-pt\/wp-json\/wp\/v2\/posts\/449620\/revisions\/449625"}],"wp:featuredmedia":[{"embeddable":true,"href":"https:\/\/medizinonline.com\/pt-pt\/wp-json\/wp\/v2\/media\/449624"}],"wp:attachment":[{"href":"https:\/\/medizinonline.com\/pt-pt\/wp-json\/wp\/v2\/media?parent=449620"}],"wp:term":[{"taxonomy":"category","embeddable":true,"href":"https:\/\/medizinonline.com\/pt-pt\/wp-json\/wp\/v2\/category?post=449620"},{"taxonomy":"post_tag","embeddable":true,"href":"https:\/\/medizinonline.com\/pt-pt\/wp-json\/wp\/v2\/tags?post=449620"},{"taxonomy":"powerkit_post_featured","embeddable":true,"href":"https:\/\/medizinonline.com\/pt-pt\/wp-json\/wp\/v2\/powerkit_post_featured?post=449620"}],"curies":[{"name":"wp","href":"https:\/\/api.w.org\/{rel}","templated":true}]}}