{"id":449826,"date":"2026-01-15T00:30:00","date_gmt":"2026-01-14T23:30:00","guid":{"rendered":"https:\/\/medizinonline.com\/gestao-individualizada-dos-sintomas-motores-e-nao-motores\/"},"modified":"2026-01-14T21:19:00","modified_gmt":"2026-01-14T20:19:00","slug":"gestao-individualizada-dos-sintomas-motores-e-nao-motores","status":"publish","type":"post","link":"https:\/\/medizinonline.com\/pt-pt\/gestao-individualizada-dos-sintomas-motores-e-nao-motores\/","title":{"rendered":"Gest\u00e3o individualizada dos sintomas motores e n\u00e3o motores"},"content":{"rendered":"\n<p><strong>Os prestadores de cuidados prim\u00e1rios s\u00e3o o ponto de contacto central para a dete\u00e7\u00e3o precoce da doen\u00e7a de Parkinson, mas a colabora\u00e7\u00e3o com especialistas neurol\u00f3gicos \u00e9 essencial. O diagn\u00f3stico continua a ser efectuado essencialmente por via cl\u00ednica. Para os doentes que sofrem de flutua\u00e7\u00f5es motoras apesar da medica\u00e7\u00e3o oral optimizada, est\u00e3o agora dispon\u00edveis terapias de escalada inovadoras<br\/>. A investiga\u00e7\u00e3o est\u00e1 tamb\u00e9m a centrar-se na classifica\u00e7\u00e3o dos diferentes subtipos da doen\u00e7a de Parkinson. Isto pode abrir caminho a estrat\u00e9gias de tratamento personalizadas espec\u00edficas no futuro.    <\/strong><\/p>\n\n<div class=\"pmpro\"><div class=\"pmpro_card pmpro_content_message\"><div class=\"pmpro_card_content\">Dieser Inhalt ist nur f\u00fcr Benutzer der Gruppe: Medizinische Fachperson zug\u00e4nglich <br \/><a href=\"https:\/\/medizinonline.com\/pt-pt\/a-minha-conta\/pacotes\/\">Jetzt beitreten<\/a><\/div><div class=\"pmpro_card_actions pmpro_font-medium\">Already a member? <a href=\"https:\/\/medizinonline.com\/pt-pt\/iniciar-sessao\/?redirect_to=https%3A%2F%2Fmedizinonline.com%2Fpt-pt%2Fgestao-individualizada-dos-sintomas-motores-e-nao-motores%2F\">Log in here<\/a><\/div><\/div><\/div>","protected":false},"excerpt":{"rendered":"<p>Os prestadores de cuidados prim\u00e1rios s\u00e3o o ponto de contacto central para a dete\u00e7\u00e3o precoce da doen\u00e7a de Parkinson, mas a colabora\u00e7\u00e3o com especialistas neurol\u00f3gicos \u00e9 essencial. O diagn\u00f3stico continua&#8230;&hellip;... <\/p>\n<div class=\"pmpro\"><div class=\"pmpro_card pmpro_content_message\"><div class=\"pmpro_card_content\">Dieser Inhalt ist nur f\u00fcr Benutzer der Gruppe: Medizinische Fachperson zug\u00e4nglich <br \/><a href=\"https:\/\/medizinonline.com\/pt-pt\/a-minha-conta\/pacotes\/\">Jetzt beitreten<\/a><\/div><div class=\"pmpro_card_actions pmpro_font-medium\">Already a member? <a href=\"https:\/\/medizinonline.com\/pt-pt\/iniciar-sessao\/?redirect_to=https%3A%2F%2Fmedizinonline.com%2Fpt-pt%2Fgestao-individualizada-dos-sintomas-motores-e-nao-motores%2F\">Log in here<\/a><\/div><\/div><\/div>","protected":false},"author":7,"featured_media":449829,"comment_status":"closed","ping_status":"closed","sticky":false,"template":"","format":"standard","meta":{"_acf_changed":false,"pmpro_default_level":"","cat_1_feature_home_top":false,"cat_2_editor_pick":false,"csco_eyebrow_text":"Doen\u00e7a de Parkinson: progressiva e clinicamente heterog\u00e9nea  ","footnotes":""},"category":[11521,11453,11360,11374,11529,11551],"tags":[86975,12161,15989,15991,11755,61548,86976],"powerkit_post_featured":[],"class_list":["post-449826","post","type-post","status-publish","format-standard","has-post-thumbnail","category-estudos","category-farmacologia-e-toxicologia","category-geriatria-pt-pt","category-neurologia-pt-pt","category-relatorios-do-congresso","category-rx-pt","tag-criterios-mds","tag-deteccao-precoce","tag-doenca-de-parkinson","tag-dopamina-pt-pt","tag-parkinson-pt-pt","tag-sintomas-nao-motores","tag-terapias-de-escalonamento","pmpro-level-required","pmpro-level-1","pmpro-no-access"],"acf":[],"publishpress_future_action":{"enabled":false,"date":"2026-05-05 19:06:04","action":"change-status","newStatus":"draft","terms":[],"taxonomy":"category","extraData":[]},"publishpress_future_workflow_manual_trigger":{"enabledWorkflows":[]},"wpml_current_locale":"pt_PT","wpml_translations":{"es_ES":{"locale":"es_ES","id":449821,"slug":"tratamiento-individualizado-de-los-sintomas-motores-y-no-motores","post_title":"Tratamiento individualizado de los s\u00edntomas motores y no motores","href":"https:\/\/medizinonline.com\/es\/tratamiento-individualizado-de-los-sintomas-motores-y-no-motores\/"}},"_links":{"self":[{"href":"https:\/\/medizinonline.com\/pt-pt\/wp-json\/wp\/v2\/posts\/449826","targetHints":{"allow":["GET"]}}],"collection":[{"href":"https:\/\/medizinonline.com\/pt-pt\/wp-json\/wp\/v2\/posts"}],"about":[{"href":"https:\/\/medizinonline.com\/pt-pt\/wp-json\/wp\/v2\/types\/post"}],"author":[{"embeddable":true,"href":"https:\/\/medizinonline.com\/pt-pt\/wp-json\/wp\/v2\/users\/7"}],"replies":[{"embeddable":true,"href":"https:\/\/medizinonline.com\/pt-pt\/wp-json\/wp\/v2\/comments?post=449826"}],"version-history":[{"count":1,"href":"https:\/\/medizinonline.com\/pt-pt\/wp-json\/wp\/v2\/posts\/449826\/revisions"}],"predecessor-version":[{"id":449830,"href":"https:\/\/medizinonline.com\/pt-pt\/wp-json\/wp\/v2\/posts\/449826\/revisions\/449830"}],"wp:featuredmedia":[{"embeddable":true,"href":"https:\/\/medizinonline.com\/pt-pt\/wp-json\/wp\/v2\/media\/449829"}],"wp:attachment":[{"href":"https:\/\/medizinonline.com\/pt-pt\/wp-json\/wp\/v2\/media?parent=449826"}],"wp:term":[{"taxonomy":"category","embeddable":true,"href":"https:\/\/medizinonline.com\/pt-pt\/wp-json\/wp\/v2\/category?post=449826"},{"taxonomy":"post_tag","embeddable":true,"href":"https:\/\/medizinonline.com\/pt-pt\/wp-json\/wp\/v2\/tags?post=449826"},{"taxonomy":"powerkit_post_featured","embeddable":true,"href":"https:\/\/medizinonline.com\/pt-pt\/wp-json\/wp\/v2\/powerkit_post_featured?post=449826"}],"curies":[{"name":"wp","href":"https:\/\/api.w.org\/{rel}","templated":true}]}}