{"id":450250,"date":"2026-01-16T07:33:23","date_gmt":"2026-01-16T06:33:23","guid":{"rendered":"https:\/\/medizinonline.com\/a-remissao-a-longo-prazo-tambem-e-possivel-sem-dmards\/"},"modified":"2026-01-16T07:33:49","modified_gmt":"2026-01-16T06:33:49","slug":"a-remissao-a-longo-prazo-tambem-e-possivel-sem-dmards","status":"publish","type":"post","link":"https:\/\/medizinonline.com\/pt-pt\/a-remissao-a-longo-prazo-tambem-e-possivel-sem-dmards\/","title":{"rendered":"A remiss\u00e3o a longo prazo tamb\u00e9m \u00e9 poss\u00edvel sem DMARDs"},"content":{"rendered":"\n<p><strong>A remiss\u00e3o sem medicamentos anti-reum\u00e1ticos modificadores da doen\u00e7a tornou-se um objetivo ambicioso nas doen\u00e7as reum\u00e1ticas inflamat\u00f3rias. Embora tenha sido amplamente estudada na artrite reumatoide, a sua exequibilidade na artrite psori\u00e1tica (APS) tem permanecido pouco clara. Investigadores neerlandeses recolheram dados sobre a preval\u00eancia, a persist\u00eancia e os factores de progn\u00f3stico.  <\/strong><\/p>\n\n<div class=\"pmpro\"><div class=\"pmpro_card pmpro_content_message\"><div class=\"pmpro_card_content\">Dieser Inhalt ist nur f\u00fcr Benutzer der Gruppe: Medizinische Fachperson zug\u00e4nglich <br \/><a href=\"https:\/\/medizinonline.com\/pt-pt\/a-minha-conta\/pacotes\/\">Jetzt beitreten<\/a><\/div><div class=\"pmpro_card_actions pmpro_font-medium\">Already a member? <a href=\"https:\/\/medizinonline.com\/pt-pt\/iniciar-sessao\/?redirect_to=https%3A%2F%2Fmedizinonline.com%2Fpt-pt%2Fa-remissao-a-longo-prazo-tambem-e-possivel-sem-dmards%2F\">Log in here<\/a><\/div><\/div><\/div>","protected":false},"excerpt":{"rendered":"<p>A remiss\u00e3o sem medicamentos anti-reum\u00e1ticos modificadores da doen\u00e7a tornou-se um objetivo ambicioso nas doen\u00e7as reum\u00e1ticas inflamat\u00f3rias. Embora tenha sido amplamente estudada na artrite reumatoide, a sua exequibilidade na artrite psori\u00e1tica&#8230;&hellip;... <\/p>\n<div class=\"pmpro\"><div class=\"pmpro_card pmpro_content_message\"><div class=\"pmpro_card_content\">Dieser Inhalt ist nur f\u00fcr Benutzer der Gruppe: Medizinische Fachperson zug\u00e4nglich <br \/><a href=\"https:\/\/medizinonline.com\/pt-pt\/a-minha-conta\/pacotes\/\">Jetzt beitreten<\/a><\/div><div class=\"pmpro_card_actions pmpro_font-medium\">Already a member? <a href=\"https:\/\/medizinonline.com\/pt-pt\/iniciar-sessao\/?redirect_to=https%3A%2F%2Fmedizinonline.com%2Fpt-pt%2Fa-remissao-a-longo-prazo-tambem-e-possivel-sem-dmards%2F\">Log in here<\/a><\/div><\/div><\/div>","protected":false},"author":7,"featured_media":450257,"comment_status":"closed","ping_status":"closed","sticky":false,"template":"","format":"standard","meta":{"_acf_changed":false,"pmpro_default_level":"","cat_1_feature_home_top":false,"cat_2_editor_pick":false,"csco_eyebrow_text":"Artrite psori\u00e1sica","footnotes":""},"category":[11356,11524,11496,11551],"tags":[17767,14307,87109,17761,15750,19981,26570,87107,87110,87108,87111],"powerkit_post_featured":[],"class_list":["post-450250","post","type-post","status-publish","format-standard","has-post-thumbnail","category-dermatologia-e-venereologia-pt-pt","category-formacao-continua","category-reumatologia-pt-pt","category-rx-pt","tag-artrite-psoriasica-pt-pt","tag-artrite-reumatoide-pt-pt","tag-dfr","tag-dmard-pt-pt","tag-psa-pt-pt","tag-ra-pt-pt","tag-remissao","tag-remissao-sem-dmard","tag-remissao-sustentada","tag-sdfr","tag-verdadeira-remissao","pmpro-level-required","pmpro-level-1","pmpro-no-access"],"acf":[],"publishpress_future_action":{"enabled":false,"date":"2026-05-03 22:15:33","action":"change-status","newStatus":"draft","terms":[],"taxonomy":"category","extraData":[]},"publishpress_future_workflow_manual_trigger":{"enabledWorkflows":[]},"wpml_current_locale":"pt_PT","wpml_translations":{"es_ES":{"locale":"es_ES","id":450241,"slug":"la-remision-a-largo-plazo-tambien-es-posible-sin-dmard","post_title":"La remisi\u00f3n a largo plazo tambi\u00e9n es posible sin DMARD","href":"https:\/\/medizinonline.com\/es\/la-remision-a-largo-plazo-tambien-es-posible-sin-dmard\/"}},"_links":{"self":[{"href":"https:\/\/medizinonline.com\/pt-pt\/wp-json\/wp\/v2\/posts\/450250","targetHints":{"allow":["GET"]}}],"collection":[{"href":"https:\/\/medizinonline.com\/pt-pt\/wp-json\/wp\/v2\/posts"}],"about":[{"href":"https:\/\/medizinonline.com\/pt-pt\/wp-json\/wp\/v2\/types\/post"}],"author":[{"embeddable":true,"href":"https:\/\/medizinonline.com\/pt-pt\/wp-json\/wp\/v2\/users\/7"}],"replies":[{"embeddable":true,"href":"https:\/\/medizinonline.com\/pt-pt\/wp-json\/wp\/v2\/comments?post=450250"}],"version-history":[{"count":1,"href":"https:\/\/medizinonline.com\/pt-pt\/wp-json\/wp\/v2\/posts\/450250\/revisions"}],"predecessor-version":[{"id":450258,"href":"https:\/\/medizinonline.com\/pt-pt\/wp-json\/wp\/v2\/posts\/450250\/revisions\/450258"}],"wp:featuredmedia":[{"embeddable":true,"href":"https:\/\/medizinonline.com\/pt-pt\/wp-json\/wp\/v2\/media\/450257"}],"wp:attachment":[{"href":"https:\/\/medizinonline.com\/pt-pt\/wp-json\/wp\/v2\/media?parent=450250"}],"wp:term":[{"taxonomy":"category","embeddable":true,"href":"https:\/\/medizinonline.com\/pt-pt\/wp-json\/wp\/v2\/category?post=450250"},{"taxonomy":"post_tag","embeddable":true,"href":"https:\/\/medizinonline.com\/pt-pt\/wp-json\/wp\/v2\/tags?post=450250"},{"taxonomy":"powerkit_post_featured","embeddable":true,"href":"https:\/\/medizinonline.com\/pt-pt\/wp-json\/wp\/v2\/powerkit_post_featured?post=450250"}],"curies":[{"name":"wp","href":"https:\/\/api.w.org\/{rel}","templated":true}]}}