{"id":458567,"date":"2026-01-14T00:30:00","date_gmt":"2026-01-13T23:30:00","guid":{"rendered":"https:\/\/medizinonline.com\/?p=458567"},"modified":"2026-01-13T21:29:56","modified_gmt":"2026-01-13T20:29:56","slug":"riscos-de-delirio-e-estrategias-de-tratamento","status":"publish","type":"post","link":"https:\/\/medizinonline.com\/pt-pt\/riscos-de-delirio-e-estrategias-de-tratamento\/","title":{"rendered":"Riscos de del\u00edrio e estrat\u00e9gias de tratamento"},"content":{"rendered":"\n<p><strong>O delirium \u00e9 um dist\u00farbio neuropsiqui\u00e1trico comum e grave em pacientes idosos hospitalizados. Uma grande revis\u00e3o mostra-o: Numerosos medicamentos aumentam o risco de del\u00edrio, especialmente opi\u00f3ides, antipsic\u00f3ticos, benzodiazepinas e certos antibi\u00f3ticos. Um diagn\u00f3stico preciso, a redu\u00e7\u00e3o da medica\u00e7\u00e3o de risco e programas de cuidados multimodais continuam a ser cruciais para a seguran\u00e7a dos doentes.  <\/strong><\/p>\n\n<div class=\"pmpro\"><div class=\"pmpro_card pmpro_content_message\"><div class=\"pmpro_card_content\">Dieser Inhalt ist nur f\u00fcr Benutzer der Gruppe: Medizinische Fachperson zug\u00e4nglich <br \/><a href=\"https:\/\/medizinonline.com\/pt-pt\/a-minha-conta\/pacotes\/\">Jetzt beitreten<\/a><\/div><div class=\"pmpro_card_actions pmpro_font-medium\">Already a member? <a href=\"https:\/\/medizinonline.com\/pt-pt\/iniciar-sessao\/?redirect_to=https%3A%2F%2Fmedizinonline.com%2Fpt-pt%2Friscos-de-delirio-e-estrategias-de-tratamento%2F\">Log in here<\/a><\/div><\/div><\/div>","protected":false},"excerpt":{"rendered":"<p>O delirium \u00e9 um dist\u00farbio neuropsiqui\u00e1trico comum e grave em pacientes idosos hospitalizados. Uma grande revis\u00e3o mostra-o: Numerosos medicamentos aumentam o risco de del\u00edrio, especialmente opi\u00f3ides, antipsic\u00f3ticos, benzodiazepinas e certos&#8230;&hellip;... <\/p>\n<div class=\"pmpro\"><div class=\"pmpro_card pmpro_content_message\"><div class=\"pmpro_card_content\">Dieser Inhalt ist nur f\u00fcr Benutzer der Gruppe: Medizinische Fachperson zug\u00e4nglich <br \/><a href=\"https:\/\/medizinonline.com\/pt-pt\/a-minha-conta\/pacotes\/\">Jetzt beitreten<\/a><\/div><div class=\"pmpro_card_actions pmpro_font-medium\">Already a member? <a href=\"https:\/\/medizinonline.com\/pt-pt\/iniciar-sessao\/?redirect_to=https%3A%2F%2Fmedizinonline.com%2Fpt-pt%2Friscos-de-delirio-e-estrategias-de-tratamento%2F\">Log in here<\/a><\/div><\/div><\/div>","protected":false},"author":7,"featured_media":458568,"comment_status":"closed","ping_status":"closed","sticky":false,"template":"","format":"standard","meta":{"_acf_changed":false,"pmpro_default_level":"","cat_1_feature_home_top":false,"cat_2_editor_pick":false,"csco_eyebrow_text":"Dem\u00eancia","footnotes":""},"category":[11521,11453,11524,11360,11374,11481,11551],"tags":[15176,12159],"powerkit_post_featured":[],"class_list":["post-458567","post","type-post","status-publish","format-standard","has-post-thumbnail","category-estudos","category-farmacologia-e-toxicologia","category-formacao-continua","category-geriatria-pt-pt","category-neurologia-pt-pt","category-psiquiatria-e-psicoterapia","category-rx-pt","tag-delir-pt-pt","tag-demencia-pt-pt","pmpro-level-required","pmpro-level-1","pmpro-no-access"],"acf":[],"publishpress_future_action":{"enabled":false,"date":"2026-05-09 08:14:22","action":"change-status","newStatus":"draft","terms":[],"taxonomy":"category","extraData":[]},"publishpress_future_workflow_manual_trigger":{"enabledWorkflows":[]},"wpml_current_locale":"pt_PT","wpml_translations":{"es_ES":{"locale":"es_ES","id":458592,"slug":"riesgos-de-delirio-y-estrategias-de-tratamiento","post_title":"Riesgos de delirio y estrategias de tratamiento","href":"https:\/\/medizinonline.com\/es\/riesgos-de-delirio-y-estrategias-de-tratamiento\/"}},"_links":{"self":[{"href":"https:\/\/medizinonline.com\/pt-pt\/wp-json\/wp\/v2\/posts\/458567","targetHints":{"allow":["GET"]}}],"collection":[{"href":"https:\/\/medizinonline.com\/pt-pt\/wp-json\/wp\/v2\/posts"}],"about":[{"href":"https:\/\/medizinonline.com\/pt-pt\/wp-json\/wp\/v2\/types\/post"}],"author":[{"embeddable":true,"href":"https:\/\/medizinonline.com\/pt-pt\/wp-json\/wp\/v2\/users\/7"}],"replies":[{"embeddable":true,"href":"https:\/\/medizinonline.com\/pt-pt\/wp-json\/wp\/v2\/comments?post=458567"}],"version-history":[{"count":1,"href":"https:\/\/medizinonline.com\/pt-pt\/wp-json\/wp\/v2\/posts\/458567\/revisions"}],"predecessor-version":[{"id":458569,"href":"https:\/\/medizinonline.com\/pt-pt\/wp-json\/wp\/v2\/posts\/458567\/revisions\/458569"}],"wp:featuredmedia":[{"embeddable":true,"href":"https:\/\/medizinonline.com\/pt-pt\/wp-json\/wp\/v2\/media\/458568"}],"wp:attachment":[{"href":"https:\/\/medizinonline.com\/pt-pt\/wp-json\/wp\/v2\/media?parent=458567"}],"wp:term":[{"taxonomy":"category","embeddable":true,"href":"https:\/\/medizinonline.com\/pt-pt\/wp-json\/wp\/v2\/category?post=458567"},{"taxonomy":"post_tag","embeddable":true,"href":"https:\/\/medizinonline.com\/pt-pt\/wp-json\/wp\/v2\/tags?post=458567"},{"taxonomy":"powerkit_post_featured","embeddable":true,"href":"https:\/\/medizinonline.com\/pt-pt\/wp-json\/wp\/v2\/powerkit_post_featured?post=458567"}],"curies":[{"name":"wp","href":"https:\/\/api.w.org\/{rel}","templated":true}]}}