{"id":459095,"date":"2026-01-18T00:30:00","date_gmt":"2026-01-17T23:30:00","guid":{"rendered":"https:\/\/medizinonline.com\/promover-a-literacia-em-saude-do-nivel-abstrato-ao-nivel-concreto\/"},"modified":"2025-12-11T15:24:18","modified_gmt":"2025-12-11T14:24:18","slug":"promover-a-literacia-em-saude-do-nivel-abstrato-ao-nivel-concreto","status":"publish","type":"post","link":"https:\/\/medizinonline.com\/pt-pt\/promover-a-literacia-em-saude-do-nivel-abstrato-ao-nivel-concreto\/","title":{"rendered":"Promover a literacia em sa\u00fade: do n\u00edvel abstrato ao n\u00edvel concreto"},"content":{"rendered":"\n<p><strong>A estrat\u00e9gia do Conselho Federal para a pol\u00edtica de sa\u00fade &#8220;Sa\u00fade 2030&#8221; estabelece um quadro de a\u00e7\u00e3o para a pol\u00edtica de sa\u00fade que visa garantir a presta\u00e7\u00e3o de cuidados de sa\u00fade nos pr\u00f3ximos anos. O segundo dos oito objectivos da estrat\u00e9gia diz respeito ao refor\u00e7o da literacia em mat\u00e9ria de sa\u00fade da popula\u00e7\u00e3o residente na Su\u00ed\u00e7a. <\/strong><\/p>\n\n<div class=\"pmpro\"><div class=\"pmpro_card pmpro_content_message\"><div class=\"pmpro_card_content\">Dieser Inhalt ist nur f\u00fcr Benutzer der Gruppe: Medizinische Fachperson zug\u00e4nglich <br \/><a href=\"https:\/\/medizinonline.com\/pt-pt\/a-minha-conta\/pacotes\/\">Jetzt beitreten<\/a><\/div><div class=\"pmpro_card_actions pmpro_font-medium\">Already a member? <a href=\"https:\/\/medizinonline.com\/pt-pt\/iniciar-sessao\/?redirect_to=https%3A%2F%2Fmedizinonline.com%2Fpt-pt%2Fpromover-a-literacia-em-saude-do-nivel-abstrato-ao-nivel-concreto%2F\">Log in here<\/a><\/div><\/div><\/div>","protected":false},"excerpt":{"rendered":"<p>A estrat\u00e9gia do Conselho Federal para a pol\u00edtica de sa\u00fade &#8220;Sa\u00fade 2030&#8221; estabelece um quadro de a\u00e7\u00e3o para a pol\u00edtica de sa\u00fade que visa garantir a presta\u00e7\u00e3o de cuidados de&#8230;&hellip;... <\/p>\n<div class=\"pmpro\"><div class=\"pmpro_card pmpro_content_message\"><div class=\"pmpro_card_content\">Dieser Inhalt ist nur f\u00fcr Benutzer der Gruppe: Medizinische Fachperson zug\u00e4nglich <br \/><a href=\"https:\/\/medizinonline.com\/pt-pt\/a-minha-conta\/pacotes\/\">Jetzt beitreten<\/a><\/div><div class=\"pmpro_card_actions pmpro_font-medium\">Already a member? <a href=\"https:\/\/medizinonline.com\/pt-pt\/iniciar-sessao\/?redirect_to=https%3A%2F%2Fmedizinonline.com%2Fpt-pt%2Fpromover-a-literacia-em-saude-do-nivel-abstrato-ao-nivel-concreto%2F\">Log in here<\/a><\/div><\/div><\/div>","protected":false},"author":7,"featured_media":459096,"comment_status":"closed","ping_status":"closed","sticky":false,"template":"","format":"standard","meta":{"_acf_changed":false,"pmpro_default_level":"","cat_1_feature_home_top":false,"cat_2_editor_pick":false,"csco_eyebrow_text":"Literacia da sa\u00fade","footnotes":""},"category":[11521,11305,11544,11474,11551],"tags":[65288,12358,87346],"powerkit_post_featured":[],"class_list":["post-459095","post","type-post","status-publish","format-standard","has-post-thumbnail","category-estudos","category-medicina-interna-geral","category-pratica-de-gestao","category-prevencao-e-cuidados-de-saude","category-rx-pt","tag-literacia-da-saude","tag-literacia-em-saude","tag-saude-2030","pmpro-level-required","pmpro-level-1","pmpro-no-access"],"acf":[],"publishpress_future_action":{"enabled":false,"date":"2026-05-03 18:09:46","action":"change-status","newStatus":"draft","terms":[],"taxonomy":"category","extraData":[]},"publishpress_future_workflow_manual_trigger":{"enabledWorkflows":[]},"wpml_current_locale":"pt_PT","wpml_translations":{"es_ES":{"locale":"es_ES","id":459098,"slug":"promover-la-alfabetizacion-sanitaria-de-lo-abstracto-a-lo-concreto","post_title":"Promover la alfabetizaci\u00f3n sanitaria: de lo abstracto a lo concreto","href":"https:\/\/medizinonline.com\/es\/promover-la-alfabetizacion-sanitaria-de-lo-abstracto-a-lo-concreto\/"}},"_links":{"self":[{"href":"https:\/\/medizinonline.com\/pt-pt\/wp-json\/wp\/v2\/posts\/459095","targetHints":{"allow":["GET"]}}],"collection":[{"href":"https:\/\/medizinonline.com\/pt-pt\/wp-json\/wp\/v2\/posts"}],"about":[{"href":"https:\/\/medizinonline.com\/pt-pt\/wp-json\/wp\/v2\/types\/post"}],"author":[{"embeddable":true,"href":"https:\/\/medizinonline.com\/pt-pt\/wp-json\/wp\/v2\/users\/7"}],"replies":[{"embeddable":true,"href":"https:\/\/medizinonline.com\/pt-pt\/wp-json\/wp\/v2\/comments?post=459095"}],"version-history":[{"count":1,"href":"https:\/\/medizinonline.com\/pt-pt\/wp-json\/wp\/v2\/posts\/459095\/revisions"}],"predecessor-version":[{"id":459097,"href":"https:\/\/medizinonline.com\/pt-pt\/wp-json\/wp\/v2\/posts\/459095\/revisions\/459097"}],"wp:featuredmedia":[{"embeddable":true,"href":"https:\/\/medizinonline.com\/pt-pt\/wp-json\/wp\/v2\/media\/459096"}],"wp:attachment":[{"href":"https:\/\/medizinonline.com\/pt-pt\/wp-json\/wp\/v2\/media?parent=459095"}],"wp:term":[{"taxonomy":"category","embeddable":true,"href":"https:\/\/medizinonline.com\/pt-pt\/wp-json\/wp\/v2\/category?post=459095"},{"taxonomy":"post_tag","embeddable":true,"href":"https:\/\/medizinonline.com\/pt-pt\/wp-json\/wp\/v2\/tags?post=459095"},{"taxonomy":"powerkit_post_featured","embeddable":true,"href":"https:\/\/medizinonline.com\/pt-pt\/wp-json\/wp\/v2\/powerkit_post_featured?post=459095"}],"curies":[{"name":"wp","href":"https:\/\/api.w.org\/{rel}","templated":true}]}}