{"id":459712,"date":"2026-01-27T13:35:00","date_gmt":"2026-01-27T12:35:00","guid":{"rendered":"https:\/\/medizinonline.com\/?p=459712"},"modified":"2026-01-27T13:52:17","modified_gmt":"2026-01-27T12:52:17","slug":"doente-de-76-anos-com-erupcao-cutanea-pustulosa","status":"publish","type":"post","link":"https:\/\/medizinonline.com\/pt-pt\/doente-de-76-anos-com-erupcao-cutanea-pustulosa\/","title":{"rendered":"Doente de 76 anos com erup\u00e7\u00e3o cut\u00e2nea pustulosa"},"content":{"rendered":"\n<p><strong>A efic\u00e1cia do espesolimab no tratamento da psor\u00edase pustulosa generalizada (PPG) est\u00e1 bem documentada na literatura. No presente estudo de caso, a terapia com espesolimab foi administrada em paralelo com quimioterapia para cancro colorrectal com met\u00e1stases activas. Ap\u00f3s apenas uma infus\u00e3o, verificou-se uma melhoria significativa da PPG. Este relato de caso real\u00e7a a seguran\u00e7a e a efic\u00e1cia do espesolimab num doente com cancro ativo.   <\/strong><\/p>\n\n<div class=\"pmpro\"><div class=\"pmpro_card pmpro_content_message\"><div class=\"pmpro_card_content\">Dieser Inhalt ist nur f\u00fcr Benutzer der Gruppe: Medizinische Fachperson zug\u00e4nglich <br \/><a href=\"https:\/\/medizinonline.com\/pt-pt\/a-minha-conta\/pacotes\/\">Jetzt beitreten<\/a><\/div><div class=\"pmpro_card_actions pmpro_font-medium\">Already a member? <a href=\"https:\/\/medizinonline.com\/pt-pt\/iniciar-sessao\/?redirect_to=https%3A%2F%2Fmedizinonline.com%2Fpt-pt%2Fdoente-de-76-anos-com-erupcao-cutanea-pustulosa%2F\">Log in here<\/a><\/div><\/div><\/div>","protected":false},"excerpt":{"rendered":"<p>A efic\u00e1cia do espesolimab no tratamento da psor\u00edase pustulosa generalizada (PPG) est\u00e1 bem documentada na literatura. No presente estudo de caso, a terapia com espesolimab foi administrada em paralelo com&#8230;&hellip;... <\/p>\n<div class=\"pmpro\"><div class=\"pmpro_card pmpro_content_message\"><div class=\"pmpro_card_content\">Dieser Inhalt ist nur f\u00fcr Benutzer der Gruppe: Medizinische Fachperson zug\u00e4nglich <br \/><a href=\"https:\/\/medizinonline.com\/pt-pt\/a-minha-conta\/pacotes\/\">Jetzt beitreten<\/a><\/div><div class=\"pmpro_card_actions pmpro_font-medium\">Already a member? <a href=\"https:\/\/medizinonline.com\/pt-pt\/iniciar-sessao\/?redirect_to=https%3A%2F%2Fmedizinonline.com%2Fpt-pt%2Fdoente-de-76-anos-com-erupcao-cutanea-pustulosa%2F\">Log in here<\/a><\/div><\/div><\/div>","protected":false},"author":7,"featured_media":459715,"comment_status":"closed","ping_status":"closed","sticky":false,"template":"","format":"standard","meta":{"_acf_changed":false,"pmpro_default_level":"","cat_1_feature_home_top":false,"cat_2_editor_pick":false,"csco_eyebrow_text":"Relato de caso  ","footnotes":""},"category":[11536,11356,11524,11379,11551],"tags":[35621,11582,70881,87565,70889,12890,81845,75901],"powerkit_post_featured":[],"class_list":["post-459712","post","type-post","status-publish","format-standard","has-post-thumbnail","category-casos-pt-pt","category-dermatologia-e-venereologia-pt-pt","category-formacao-continua","category-oncologia-pt-pt","category-rx-pt","tag-cancro-pt-pt","tag-cancro-colorrectal","tag-cpe","tag-erupcao-cutanea-pustulosa","tag-psoriase-pustulosa-generalizada","tag-quimioterapia","tag-relatorio-de-caso-pt-pt","tag-spesolimab-pt-pt","pmpro-level-required","pmpro-level-1","pmpro-no-access"],"acf":[],"publishpress_future_action":{"enabled":false,"date":"2026-05-04 18:01:53","action":"change-status","newStatus":"draft","terms":[],"taxonomy":"category","extraData":[]},"publishpress_future_workflow_manual_trigger":{"enabledWorkflows":[]},"wpml_current_locale":"pt_PT","wpml_translations":{"es_ES":{"locale":"es_ES","id":459717,"slug":"paciente-de-76-anos-con-erupcion-cutanea-pustulosa","post_title":"Paciente de 76 a\u00f1os con erupci\u00f3n cut\u00e1nea pustulosa","href":"https:\/\/medizinonline.com\/es\/paciente-de-76-anos-con-erupcion-cutanea-pustulosa\/"}},"_links":{"self":[{"href":"https:\/\/medizinonline.com\/pt-pt\/wp-json\/wp\/v2\/posts\/459712","targetHints":{"allow":["GET"]}}],"collection":[{"href":"https:\/\/medizinonline.com\/pt-pt\/wp-json\/wp\/v2\/posts"}],"about":[{"href":"https:\/\/medizinonline.com\/pt-pt\/wp-json\/wp\/v2\/types\/post"}],"author":[{"embeddable":true,"href":"https:\/\/medizinonline.com\/pt-pt\/wp-json\/wp\/v2\/users\/7"}],"replies":[{"embeddable":true,"href":"https:\/\/medizinonline.com\/pt-pt\/wp-json\/wp\/v2\/comments?post=459712"}],"version-history":[{"count":1,"href":"https:\/\/medizinonline.com\/pt-pt\/wp-json\/wp\/v2\/posts\/459712\/revisions"}],"predecessor-version":[{"id":459716,"href":"https:\/\/medizinonline.com\/pt-pt\/wp-json\/wp\/v2\/posts\/459712\/revisions\/459716"}],"wp:featuredmedia":[{"embeddable":true,"href":"https:\/\/medizinonline.com\/pt-pt\/wp-json\/wp\/v2\/media\/459715"}],"wp:attachment":[{"href":"https:\/\/medizinonline.com\/pt-pt\/wp-json\/wp\/v2\/media?parent=459712"}],"wp:term":[{"taxonomy":"category","embeddable":true,"href":"https:\/\/medizinonline.com\/pt-pt\/wp-json\/wp\/v2\/category?post=459712"},{"taxonomy":"post_tag","embeddable":true,"href":"https:\/\/medizinonline.com\/pt-pt\/wp-json\/wp\/v2\/tags?post=459712"},{"taxonomy":"powerkit_post_featured","embeddable":true,"href":"https:\/\/medizinonline.com\/pt-pt\/wp-json\/wp\/v2\/powerkit_post_featured?post=459712"}],"curies":[{"name":"wp","href":"https:\/\/api.w.org\/{rel}","templated":true}]}}