{"id":460224,"date":"2026-01-17T12:45:00","date_gmt":"2026-01-17T11:45:00","guid":{"rendered":"https:\/\/medizinonline.com\/sintomas-de-ansiedade-nas-perturbacoes-alimentares\/"},"modified":"2026-01-16T22:26:40","modified_gmt":"2026-01-16T21:26:40","slug":"sintomas-de-ansiedade-nas-perturbacoes-alimentares","status":"publish","type":"post","link":"https:\/\/medizinonline.com\/pt-pt\/sintomas-de-ansiedade-nas-perturbacoes-alimentares\/","title":{"rendered":"Sintomas de ansiedade nas perturba\u00e7\u00f5es alimentares"},"content":{"rendered":"\n<p><strong>As perturba\u00e7\u00f5es alimentares s\u00e3o doen\u00e7as mentais fortemente caracterizadas por factores biol\u00f3gicos, psicol\u00f3gicos e de stress social. Os sintomas de ansiedade est\u00e3o entre os mais comuns e mais prejudiciais sintomas acompanhantes. A revis\u00e3o sistem\u00e1tica efectuada por Morris e colegas em 2025 dedica-se de forma abrangente ao tratamento farmacol\u00f3gico da ansiedade em pessoas com perturba\u00e7\u00f5es alimentares. Os autores referem que os sintomas de ansiedade desempenham um papel significativo, quer como condi\u00e7\u00f5es com\u00f3rbidas por direito pr\u00f3prio, quer como processos relacionados com a alimenta\u00e7\u00e3o. A preval\u00eancia de perturba\u00e7\u00f5es de ansiedade formais \u00e9 elevada, e a ansiedade pode influenciar significativamente o curso da perturba\u00e7\u00e3o alimentar, por exemplo, atrav\u00e9s do aumento da gravidade dos sintomas, de taxas de reca\u00edda mais elevadas ou de frequ\u00eancias de hospitaliza\u00e7\u00e3o mais pronunciadas. A revis\u00e3o resume 51 estudos que investigaram op\u00e7\u00f5es de tratamento farmacol\u00f3gico relativamente aos seus efeitos nos sintomas de ansiedade. Estes estudos consistiram em ensaios controlados aleatorizados, estudos abertos, s\u00e9ries de casos, relat\u00f3rios de casos e estudos retrospectivos, resultando numa base de evid\u00eancia heterog\u00e9nea, mas globalmente significativa.      <\/strong><\/p>\n\n<div class=\"pmpro\"><div class=\"pmpro_card pmpro_content_message\"><div class=\"pmpro_card_content\">Dieser Inhalt ist nur f\u00fcr Benutzer der Gruppe: Medizinische Fachperson zug\u00e4nglich <br \/><a href=\"https:\/\/medizinonline.com\/pt-pt\/a-minha-conta\/pacotes\/\">Jetzt beitreten<\/a><\/div><div class=\"pmpro_card_actions pmpro_font-medium\">Already a member? <a href=\"https:\/\/medizinonline.com\/pt-pt\/iniciar-sessao\/?redirect_to=https%3A%2F%2Fmedizinonline.com%2Fpt-pt%2Fsintomas-de-ansiedade-nas-perturbacoes-alimentares%2F\">Log in here<\/a><\/div><\/div><\/div>","protected":false},"excerpt":{"rendered":"<p>As perturba\u00e7\u00f5es alimentares s\u00e3o doen\u00e7as mentais fortemente caracterizadas por factores biol\u00f3gicos, psicol\u00f3gicos e de stress social. Os sintomas de ansiedade est\u00e3o entre os mais comuns e mais prejudiciais sintomas acompanhantes&#8230;.&hellip;... <\/p>\n<div class=\"pmpro\"><div class=\"pmpro_card pmpro_content_message\"><div class=\"pmpro_card_content\">Dieser Inhalt ist nur f\u00fcr Benutzer der Gruppe: Medizinische Fachperson zug\u00e4nglich <br \/><a href=\"https:\/\/medizinonline.com\/pt-pt\/a-minha-conta\/pacotes\/\">Jetzt beitreten<\/a><\/div><div class=\"pmpro_card_actions pmpro_font-medium\">Already a member? <a href=\"https:\/\/medizinonline.com\/pt-pt\/iniciar-sessao\/?redirect_to=https%3A%2F%2Fmedizinonline.com%2Fpt-pt%2Fsintomas-de-ansiedade-nas-perturbacoes-alimentares%2F\">Log in here<\/a><\/div><\/div><\/div>","protected":false},"author":7,"featured_media":460225,"comment_status":"closed","ping_status":"closed","sticky":false,"template":"","format":"standard","meta":{"_acf_changed":false,"pmpro_default_level":"","cat_1_feature_home_top":false,"cat_2_editor_pick":false,"csco_eyebrow_text":"Terapia farmacol\u00f3gica  ","footnotes":""},"category":[11521,11453,11524,11403,11481,11551],"tags":[31231,23698],"powerkit_post_featured":[],"class_list":["post-460224","post","type-post","status-publish","format-standard","has-post-thumbnail","category-estudos","category-farmacologia-e-toxicologia","category-formacao-continua","category-nutricao","category-psiquiatria-e-psicoterapia","category-rx-pt","tag-perturbacoes-alimentares","tag-perturbacoes-de-ansiedade","pmpro-level-required","pmpro-level-1","pmpro-no-access"],"acf":[],"publishpress_future_action":{"enabled":false,"date":"2026-05-03 23:43:10","action":"change-status","newStatus":"draft","terms":[],"taxonomy":"category","extraData":[]},"publishpress_future_workflow_manual_trigger":{"enabledWorkflows":[]},"wpml_current_locale":"pt_PT","wpml_translations":{"es_ES":{"locale":"es_ES","id":460212,"slug":"sintomas-de-ansiedad-en-los-trastornos-alimentarios","post_title":"S\u00edntomas de ansiedad en los trastornos alimentarios","href":"https:\/\/medizinonline.com\/es\/sintomas-de-ansiedad-en-los-trastornos-alimentarios\/"}},"_links":{"self":[{"href":"https:\/\/medizinonline.com\/pt-pt\/wp-json\/wp\/v2\/posts\/460224","targetHints":{"allow":["GET"]}}],"collection":[{"href":"https:\/\/medizinonline.com\/pt-pt\/wp-json\/wp\/v2\/posts"}],"about":[{"href":"https:\/\/medizinonline.com\/pt-pt\/wp-json\/wp\/v2\/types\/post"}],"author":[{"embeddable":true,"href":"https:\/\/medizinonline.com\/pt-pt\/wp-json\/wp\/v2\/users\/7"}],"replies":[{"embeddable":true,"href":"https:\/\/medizinonline.com\/pt-pt\/wp-json\/wp\/v2\/comments?post=460224"}],"version-history":[{"count":1,"href":"https:\/\/medizinonline.com\/pt-pt\/wp-json\/wp\/v2\/posts\/460224\/revisions"}],"predecessor-version":[{"id":460226,"href":"https:\/\/medizinonline.com\/pt-pt\/wp-json\/wp\/v2\/posts\/460224\/revisions\/460226"}],"wp:featuredmedia":[{"embeddable":true,"href":"https:\/\/medizinonline.com\/pt-pt\/wp-json\/wp\/v2\/media\/460225"}],"wp:attachment":[{"href":"https:\/\/medizinonline.com\/pt-pt\/wp-json\/wp\/v2\/media?parent=460224"}],"wp:term":[{"taxonomy":"category","embeddable":true,"href":"https:\/\/medizinonline.com\/pt-pt\/wp-json\/wp\/v2\/category?post=460224"},{"taxonomy":"post_tag","embeddable":true,"href":"https:\/\/medizinonline.com\/pt-pt\/wp-json\/wp\/v2\/tags?post=460224"},{"taxonomy":"powerkit_post_featured","embeddable":true,"href":"https:\/\/medizinonline.com\/pt-pt\/wp-json\/wp\/v2\/powerkit_post_featured?post=460224"}],"curies":[{"name":"wp","href":"https:\/\/api.w.org\/{rel}","templated":true}]}}