{"id":460560,"date":"2026-02-13T21:39:23","date_gmt":"2026-02-13T20:39:23","guid":{"rendered":"https:\/\/medizinonline.com\/imunossenescencia-e-inflamacao\/"},"modified":"2026-02-13T21:39:33","modified_gmt":"2026-02-13T20:39:33","slug":"imunossenescencia-e-inflamacao","status":"publish","type":"post","link":"https:\/\/medizinonline.com\/pt-pt\/imunossenescencia-e-inflamacao\/","title":{"rendered":"Imunossenesc\u00eancia e inflama\u00e7\u00e3o"},"content":{"rendered":"\n<p><strong>A imunosenesc\u00eancia e a inflama\u00e7\u00e3o s\u00e3o atualmente reconhecidas como mecanismos biol\u00f3gicos centrais do envelhecimento. O sistema imunit\u00e1rio alterado relacionado com a idade est\u00e1 simultaneamente enfraquecido e cronicamente ativado &#8211; com consequ\u00eancias para a suscetibilidade a infec\u00e7\u00f5es, para o desenvolvimento de tumores e para o grande grupo de doen\u00e7as cardiometab\u00f3licas provocadas pela inflama\u00e7\u00e3o. A seguir, resumem-se os mecanismos moleculares centrais, as manifesta\u00e7\u00f5es cl\u00ednicas e as potenciais abordagens de interven\u00e7\u00e3o com base em revis\u00f5es actuais e estudos prim\u00e1rios sobre imunossenesc\u00eancia, inflama\u00e7\u00e3o cr\u00f3nica e doen\u00e7as associadas \u00e0 idade.    <\/strong><\/p>\n\n<div class=\"pmpro\"><div class=\"pmpro_card pmpro_content_message\"><div class=\"pmpro_card_content\">Dieser Inhalt ist nur f\u00fcr Benutzer der Gruppe: Medizinische Fachperson zug\u00e4nglich <br \/><a href=\"https:\/\/medizinonline.com\/pt-pt\/a-minha-conta\/pacotes\/\">Jetzt beitreten<\/a><\/div><div class=\"pmpro_card_actions pmpro_font-medium\">Already a member? <a href=\"https:\/\/medizinonline.com\/pt-pt\/iniciar-sessao\/?redirect_to=https%3A%2F%2Fmedizinonline.com%2Fpt-pt%2Fimunossenescencia-e-inflamacao%2F\">Log in here<\/a><\/div><\/div><\/div>","protected":false},"excerpt":{"rendered":"<p>A imunosenesc\u00eancia e a inflama\u00e7\u00e3o s\u00e3o atualmente reconhecidas como mecanismos biol\u00f3gicos centrais do envelhecimento. O sistema imunit\u00e1rio alterado relacionado com a idade est\u00e1 simultaneamente enfraquecido e cronicamente ativado &#8211; com&#8230;&hellip;... <\/p>\n<div class=\"pmpro\"><div class=\"pmpro_card pmpro_content_message\"><div class=\"pmpro_card_content\">Dieser Inhalt ist nur f\u00fcr Benutzer der Gruppe: Medizinische Fachperson zug\u00e4nglich <br \/><a href=\"https:\/\/medizinonline.com\/pt-pt\/a-minha-conta\/pacotes\/\">Jetzt beitreten<\/a><\/div><div class=\"pmpro_card_actions pmpro_font-medium\">Already a member? <a href=\"https:\/\/medizinonline.com\/pt-pt\/iniciar-sessao\/?redirect_to=https%3A%2F%2Fmedizinonline.com%2Fpt-pt%2Fimunossenescencia-e-inflamacao%2F\">Log in here<\/a><\/div><\/div><\/div>","protected":false},"author":7,"featured_media":460561,"comment_status":"closed","ping_status":"closed","sticky":false,"template":"","format":"standard","meta":{"_acf_changed":false,"pmpro_default_level":"","cat_1_feature_home_top":false,"cat_2_editor_pick":false,"csco_eyebrow_text":"A inflama\u00e7\u00e3o cr\u00f3nica como motor do envelhecimento","footnotes":""},"category":[11521,11524,11411,11360,11305,11379,11474,11551],"tags":[],"powerkit_post_featured":[],"class_list":["post-460560","post","type-post","status-publish","format-standard","has-post-thumbnail","category-estudos","category-formacao-continua","category-genetica-pt-pt","category-geriatria-pt-pt","category-medicina-interna-geral","category-oncologia-pt-pt","category-prevencao-e-cuidados-de-saude","category-rx-pt","pmpro-level-required","pmpro-level-1","pmpro-no-access"],"acf":[],"publishpress_future_action":{"enabled":false,"date":"2026-05-04 09:37:11","action":"change-status","newStatus":"draft","terms":[],"taxonomy":"category","extraData":[]},"publishpress_future_workflow_manual_trigger":{"enabledWorkflows":[]},"wpml_current_locale":"pt_PT","wpml_translations":{"es_ES":{"locale":"es_ES","id":460581,"slug":"inmunosenescencia-e-inflamacion","post_title":"Inmunosenescencia e inflamaci\u00f3n","href":"https:\/\/medizinonline.com\/es\/inmunosenescencia-e-inflamacion\/"}},"_links":{"self":[{"href":"https:\/\/medizinonline.com\/pt-pt\/wp-json\/wp\/v2\/posts\/460560","targetHints":{"allow":["GET"]}}],"collection":[{"href":"https:\/\/medizinonline.com\/pt-pt\/wp-json\/wp\/v2\/posts"}],"about":[{"href":"https:\/\/medizinonline.com\/pt-pt\/wp-json\/wp\/v2\/types\/post"}],"author":[{"embeddable":true,"href":"https:\/\/medizinonline.com\/pt-pt\/wp-json\/wp\/v2\/users\/7"}],"replies":[{"embeddable":true,"href":"https:\/\/medizinonline.com\/pt-pt\/wp-json\/wp\/v2\/comments?post=460560"}],"version-history":[{"count":1,"href":"https:\/\/medizinonline.com\/pt-pt\/wp-json\/wp\/v2\/posts\/460560\/revisions"}],"predecessor-version":[{"id":460562,"href":"https:\/\/medizinonline.com\/pt-pt\/wp-json\/wp\/v2\/posts\/460560\/revisions\/460562"}],"wp:featuredmedia":[{"embeddable":true,"href":"https:\/\/medizinonline.com\/pt-pt\/wp-json\/wp\/v2\/media\/460561"}],"wp:attachment":[{"href":"https:\/\/medizinonline.com\/pt-pt\/wp-json\/wp\/v2\/media?parent=460560"}],"wp:term":[{"taxonomy":"category","embeddable":true,"href":"https:\/\/medizinonline.com\/pt-pt\/wp-json\/wp\/v2\/category?post=460560"},{"taxonomy":"post_tag","embeddable":true,"href":"https:\/\/medizinonline.com\/pt-pt\/wp-json\/wp\/v2\/tags?post=460560"},{"taxonomy":"powerkit_post_featured","embeddable":true,"href":"https:\/\/medizinonline.com\/pt-pt\/wp-json\/wp\/v2\/powerkit_post_featured?post=460560"}],"curies":[{"name":"wp","href":"https:\/\/api.w.org\/{rel}","templated":true}]}}