{"id":461555,"date":"2026-02-16T12:27:25","date_gmt":"2026-02-16T11:27:25","guid":{"rendered":"https:\/\/medizinonline.com\/como-e-que-um-sistema-de-informacao-clinica-digital-se-comprova-na-pratica-quotidiana\/"},"modified":"2026-02-16T12:27:33","modified_gmt":"2026-02-16T11:27:33","slug":"como-e-que-um-sistema-de-informacao-clinica-digital-se-comprova-na-pratica-quotidiana","status":"publish","type":"post","link":"https:\/\/medizinonline.com\/pt-pt\/como-e-que-um-sistema-de-informacao-clinica-digital-se-comprova-na-pratica-quotidiana\/","title":{"rendered":"Como \u00e9 que um sistema de informa\u00e7\u00e3o cl\u00ednica digital se comprova na pr\u00e1tica quotidiana?"},"content":{"rendered":"\n<p><strong>Na Su\u00ed\u00e7a, o quadro regulamentar para a digitaliza\u00e7\u00e3o do sistema de sa\u00fade \u00e9 um tema muito debatido. H\u00e1 alguns anos, o Hospital Cantonal de Lucerna foi o primeiro hospital de um pa\u00eds de l\u00edngua alem\u00e3 a introduzir o sistema de informa\u00e7\u00e3o cl\u00ednica &#8220;Epic&#8221;, incluindo o acesso \u00e0 informa\u00e7\u00e3o para os m\u00e9dicos de cl\u00ednica geral atrav\u00e9s de um portal de registo eletr\u00f3nico de doentes. Foi realizado um inqu\u00e9rito online entre os m\u00e9dicos de cl\u00ednica geral da Su\u00ed\u00e7a Central para avaliar a transfer\u00eancia de informa\u00e7\u00f5es na perspetiva dos prestadores de cuidados prim\u00e1rios em ambulat\u00f3rio. Os resultados foram publicados em 2025.     <\/strong><\/p>\n\n<div class=\"pmpro\"><div class=\"pmpro_card pmpro_content_message\"><div class=\"pmpro_card_content\">Dieser Inhalt ist nur f\u00fcr Benutzer der Gruppe: Medizinische Fachperson zug\u00e4nglich <br \/><a href=\"https:\/\/medizinonline.com\/pt-pt\/a-minha-conta\/pacotes\/\">Jetzt beitreten<\/a><\/div><div class=\"pmpro_card_actions pmpro_font-medium\">Already a member? <a href=\"https:\/\/medizinonline.com\/pt-pt\/iniciar-sessao\/?redirect_to=https%3A%2F%2Fmedizinonline.com%2Fpt-pt%2Fcomo-e-que-um-sistema-de-informacao-clinica-digital-se-comprova-na-pratica-quotidiana%2F\">Log in here<\/a><\/div><\/div><\/div>","protected":false},"excerpt":{"rendered":"<p>Na Su\u00ed\u00e7a, o quadro regulamentar para a digitaliza\u00e7\u00e3o do sistema de sa\u00fade \u00e9 um tema muito debatido. H\u00e1 alguns anos, o Hospital Cantonal de Lucerna foi o primeiro hospital de&#8230;&hellip;... <\/p>\n<div class=\"pmpro\"><div class=\"pmpro_card pmpro_content_message\"><div class=\"pmpro_card_content\">Dieser Inhalt ist nur f\u00fcr Benutzer der Gruppe: Medizinische Fachperson zug\u00e4nglich <br \/><a href=\"https:\/\/medizinonline.com\/pt-pt\/a-minha-conta\/pacotes\/\">Jetzt beitreten<\/a><\/div><div class=\"pmpro_card_actions pmpro_font-medium\">Already a member? <a href=\"https:\/\/medizinonline.com\/pt-pt\/iniciar-sessao\/?redirect_to=https%3A%2F%2Fmedizinonline.com%2Fpt-pt%2Fcomo-e-que-um-sistema-de-informacao-clinica-digital-se-comprova-na-pratica-quotidiana%2F\">Log in here<\/a><\/div><\/div><\/div>","protected":false},"author":7,"featured_media":461556,"comment_status":"closed","ping_status":"closed","sticky":false,"template":"","format":"standard","meta":{"_acf_changed":false,"pmpro_default_level":"","cat_1_feature_home_top":false,"cat_2_editor_pick":false,"csco_eyebrow_text":"Comunica\u00e7\u00e3o entre os hospitais e os cuidados ambulat\u00f3rios  ","footnotes":""},"category":[11524,11305,11544,11474,11551],"tags":[88344,45913,88341,88342,66186,88343],"powerkit_post_featured":[],"class_list":["post-461555","post","type-post","status-publish","format-standard","has-post-thumbnail","category-formacao-continua","category-medicina-interna-geral","category-pratica-de-gestao","category-prevencao-e-cuidados-de-saude","category-rx-pt","tag-comunicacao-entre-os-hospitais-e-os-cuidados-ambulatorios","tag-epic-pt-pt","tag-ferramentas-digitais","tag-ficheiro-do-paciente","tag-pratica-diaria","tag-sistema-de-informacao-clinica-digital","pmpro-level-required","pmpro-level-1","pmpro-no-access"],"acf":[],"publishpress_future_action":{"enabled":false,"date":"2026-05-09 14:25:49","action":"change-status","newStatus":"draft","terms":[],"taxonomy":"category","extraData":[]},"publishpress_future_workflow_manual_trigger":{"enabledWorkflows":[]},"wpml_current_locale":"pt_PT","wpml_translations":{"es_ES":{"locale":"es_ES","id":461473,"slug":"como-demuestra-su-eficacia-un-sistema-digital-de-informacion-clinica-en-la-practica-diaria","post_title":"\u00bfC\u00f3mo demuestra su eficacia un sistema digital de informaci\u00f3n cl\u00ednica en la pr\u00e1ctica diaria?","href":"https:\/\/medizinonline.com\/es\/como-demuestra-su-eficacia-un-sistema-digital-de-informacion-clinica-en-la-practica-diaria\/"}},"_links":{"self":[{"href":"https:\/\/medizinonline.com\/pt-pt\/wp-json\/wp\/v2\/posts\/461555","targetHints":{"allow":["GET"]}}],"collection":[{"href":"https:\/\/medizinonline.com\/pt-pt\/wp-json\/wp\/v2\/posts"}],"about":[{"href":"https:\/\/medizinonline.com\/pt-pt\/wp-json\/wp\/v2\/types\/post"}],"author":[{"embeddable":true,"href":"https:\/\/medizinonline.com\/pt-pt\/wp-json\/wp\/v2\/users\/7"}],"replies":[{"embeddable":true,"href":"https:\/\/medizinonline.com\/pt-pt\/wp-json\/wp\/v2\/comments?post=461555"}],"version-history":[{"count":1,"href":"https:\/\/medizinonline.com\/pt-pt\/wp-json\/wp\/v2\/posts\/461555\/revisions"}],"predecessor-version":[{"id":461557,"href":"https:\/\/medizinonline.com\/pt-pt\/wp-json\/wp\/v2\/posts\/461555\/revisions\/461557"}],"wp:featuredmedia":[{"embeddable":true,"href":"https:\/\/medizinonline.com\/pt-pt\/wp-json\/wp\/v2\/media\/461556"}],"wp:attachment":[{"href":"https:\/\/medizinonline.com\/pt-pt\/wp-json\/wp\/v2\/media?parent=461555"}],"wp:term":[{"taxonomy":"category","embeddable":true,"href":"https:\/\/medizinonline.com\/pt-pt\/wp-json\/wp\/v2\/category?post=461555"},{"taxonomy":"post_tag","embeddable":true,"href":"https:\/\/medizinonline.com\/pt-pt\/wp-json\/wp\/v2\/tags?post=461555"},{"taxonomy":"powerkit_post_featured","embeddable":true,"href":"https:\/\/medizinonline.com\/pt-pt\/wp-json\/wp\/v2\/powerkit_post_featured?post=461555"}],"curies":[{"name":"wp","href":"https:\/\/api.w.org\/{rel}","templated":true}]}}