{"id":552061,"date":"2026-04-11T15:18:09","date_gmt":"2026-04-11T13:18:09","guid":{"rendered":"https:\/\/medizinonline.com\/estudo-de-inquerito-nos-cuidados-primarios\/"},"modified":"2026-04-11T15:18:28","modified_gmt":"2026-04-11T13:18:28","slug":"estudo-de-inquerito-nos-cuidados-primarios","status":"publish","type":"post","link":"https:\/\/medizinonline.com\/pt-pt\/estudo-de-inquerito-nos-cuidados-primarios\/","title":{"rendered":"Estudo de inqu\u00e9rito nos cuidados prim\u00e1rios"},"content":{"rendered":"\n<p><strong>A digitaliza\u00e7\u00e3o dos cuidados dos m\u00e9dicos de cl\u00ednica geral est\u00e1 a progredir cada vez mais, incluindo na Su\u00ed\u00e7a. Exemplos disso s\u00e3o os planos de medica\u00e7\u00e3o digitalizados e os registos electr\u00f3nicos dos doentes. Para investigar as experi\u00eancias e atitudes dos m\u00e9dicos de cl\u00ednica geral e dos idosos em rela\u00e7\u00e3o \u00e0 gest\u00e3o da medica\u00e7\u00e3o apoiada por TI e \u00e0s ferramentas de sa\u00fade eletr\u00f3nica em geral e para identificar os obst\u00e1culos \u00e0 sua utiliza\u00e7\u00e3o, uma equipa de investiga\u00e7\u00e3o internacional realizou um estudo de inqu\u00e9rito, cujos resultados foram publicados em 2025.  <\/strong><\/p>\n\n<div class=\"pmpro\"><div class=\"pmpro_card pmpro_content_message\"><div class=\"pmpro_card_content\">Dieser Inhalt ist nur f\u00fcr Benutzer der Gruppe: Medizinische Fachperson zug\u00e4nglich <br \/><a href=\"https:\/\/medizinonline.com\/pt-pt\/a-minha-conta\/pacotes\/\">Jetzt beitreten<\/a><\/div><div class=\"pmpro_card_actions pmpro_font-medium\">Already a member? <a href=\"https:\/\/medizinonline.com\/pt-pt\/iniciar-sessao\/?redirect_to=https%3A%2F%2Fmedizinonline.com%2Fpt-pt%2Festudo-de-inquerito-nos-cuidados-primarios%2F\">Log in here<\/a><\/div><\/div><\/div>","protected":false},"excerpt":{"rendered":"<p>A digitaliza\u00e7\u00e3o dos cuidados dos m\u00e9dicos de cl\u00ednica geral est\u00e1 a progredir cada vez mais, incluindo na Su\u00ed\u00e7a. Exemplos disso s\u00e3o os planos de medica\u00e7\u00e3o digitalizados e os registos electr\u00f3nicos&#8230;&hellip;... <\/p>\n<div class=\"pmpro\"><div class=\"pmpro_card pmpro_content_message\"><div class=\"pmpro_card_content\">Dieser Inhalt ist nur f\u00fcr Benutzer der Gruppe: Medizinische Fachperson zug\u00e4nglich <br \/><a href=\"https:\/\/medizinonline.com\/pt-pt\/a-minha-conta\/pacotes\/\">Jetzt beitreten<\/a><\/div><div class=\"pmpro_card_actions pmpro_font-medium\">Already a member? <a href=\"https:\/\/medizinonline.com\/pt-pt\/iniciar-sessao\/?redirect_to=https%3A%2F%2Fmedizinonline.com%2Fpt-pt%2Festudo-de-inquerito-nos-cuidados-primarios%2F\">Log in here<\/a><\/div><\/div><\/div>","protected":false},"author":7,"featured_media":552063,"comment_status":"closed","ping_status":"closed","sticky":false,"template":"","format":"standard","meta":{"_acf_changed":false,"pmpro_default_level":"","cat_1_feature_home_top":false,"cat_2_editor_pick":false,"csco_eyebrow_text":"Polifarm\u00e1cia: Utiliza\u00e7\u00e3o de ferramentas de sa\u00fade em linha na Su\u00ed\u00e7a  ","footnotes":""},"category":[11521,11305,11544,11474,11551],"tags":[90524,77167,14193,14461,90523,90525,16177,90526],"powerkit_post_featured":[],"class_list":["post-552061","post","type-post","status-publish","format-standard","has-post-thumbnail","category-estudos","category-medicina-interna-geral","category-pratica-de-gestao","category-prevencao-e-cuidados-de-saude","category-rx-pt","tag-cuidados-de-saude-de-um-medico-de-clinica-geral","tag-cuidados-primarios","tag-digitalizacao","tag-estudo-de-levantamento","tag-ferramentas-de-saude-em-linha","tag-planos-de-medicacao-digitalizados","tag-polifarmacia-pt-pt","tag-processo-eletronico-do-doente","pmpro-level-required","pmpro-level-1","pmpro-no-access"],"acf":[],"publishpress_future_action":{"enabled":false,"date":"2026-05-03 13:39:41","action":"change-status","newStatus":"draft","terms":[],"taxonomy":"category","extraData":[]},"publishpress_future_workflow_manual_trigger":{"enabledWorkflows":[]},"wpml_current_locale":"pt_PT","wpml_translations":{"es_ES":{"locale":"es_ES","id":552046,"slug":"estudio-de-encuesta-en-atencion-primaria","post_title":"Estudio de encuesta en atenci\u00f3n primaria","href":"https:\/\/medizinonline.com\/es\/estudio-de-encuesta-en-atencion-primaria\/"}},"_links":{"self":[{"href":"https:\/\/medizinonline.com\/pt-pt\/wp-json\/wp\/v2\/posts\/552061","targetHints":{"allow":["GET"]}}],"collection":[{"href":"https:\/\/medizinonline.com\/pt-pt\/wp-json\/wp\/v2\/posts"}],"about":[{"href":"https:\/\/medizinonline.com\/pt-pt\/wp-json\/wp\/v2\/types\/post"}],"author":[{"embeddable":true,"href":"https:\/\/medizinonline.com\/pt-pt\/wp-json\/wp\/v2\/users\/7"}],"replies":[{"embeddable":true,"href":"https:\/\/medizinonline.com\/pt-pt\/wp-json\/wp\/v2\/comments?post=552061"}],"version-history":[{"count":1,"href":"https:\/\/medizinonline.com\/pt-pt\/wp-json\/wp\/v2\/posts\/552061\/revisions"}],"predecessor-version":[{"id":552064,"href":"https:\/\/medizinonline.com\/pt-pt\/wp-json\/wp\/v2\/posts\/552061\/revisions\/552064"}],"wp:featuredmedia":[{"embeddable":true,"href":"https:\/\/medizinonline.com\/pt-pt\/wp-json\/wp\/v2\/media\/552063"}],"wp:attachment":[{"href":"https:\/\/medizinonline.com\/pt-pt\/wp-json\/wp\/v2\/media?parent=552061"}],"wp:term":[{"taxonomy":"category","embeddable":true,"href":"https:\/\/medizinonline.com\/pt-pt\/wp-json\/wp\/v2\/category?post=552061"},{"taxonomy":"post_tag","embeddable":true,"href":"https:\/\/medizinonline.com\/pt-pt\/wp-json\/wp\/v2\/tags?post=552061"},{"taxonomy":"powerkit_post_featured","embeddable":true,"href":"https:\/\/medizinonline.com\/pt-pt\/wp-json\/wp\/v2\/powerkit_post_featured?post=552061"}],"curies":[{"name":"wp","href":"https:\/\/api.w.org\/{rel}","templated":true}]}}